{"id":258907,"date":"2020-01-22T15:32:57","date_gmt":"2020-01-22T12:32:57","guid":{"rendered":"http:\/\/www.tvturk.com\/index.php\/fenerbahce-ara-vermedi-3\/"},"modified":"2020-01-22T15:32:57","modified_gmt":"2020-01-22T12:32:57","slug":"fenerbahce-ara-vermedi-3","status":"publish","type":"post","link":"http:\/\/www.tvturk.com\/index.php\/fenerbahce-ara-vermedi-3\/","title":{"rendered":"Fenerbah\u00e7e ara vermedi"},"content":{"rendered":"<p>Fenerbah\u00e7e, S\u00fcper Lig\u2019in 19. haftas\u0131nda cumartesi g\u00fcn\u00fc evinde Medipol Ba\u015fak\u015fehir ile oynayaca\u011f\u0131 ma\u00e7\u0131n haz\u0131rl\u0131klar\u0131na \u00f6\u011fle saatlerinde yapt\u0131\u011f\u0131 antrenmanla ba\u015flad\u0131.<\/p>\n<p>Can Bartu Tesisleri\u2019nde, Teknik Direkt\u00f6r Ersun Yanal y\u00f6netiminde ger\u00e7ekle\u015ftirilen idman saat 12.00\u2019de ba\u015flad\u0131. Kayserispor kar\u015f\u0131s\u0131nda ilk 11\u2019de g\u00f6rev alan oyuncular\u0131 antrenman\u0131 rejenerasyon \u00e7al\u0131\u015fmas\u0131 ile tamamlad\u0131. Di\u011fer oyuncular ise \u0131s\u0131nma, ko\u015fu ve koordinasyon hareketlerinin ard\u0131ndan idman\u0131, dar alanda yapt\u0131klar\u0131 \u00e7ift kale ma\u00e7larla noktalad\u0131.<\/p>\n<p>Sar\u0131-lacivertliler haz\u0131rl\u0131klar\u0131n\u0131 yar\u0131n yapaca\u011f\u0131 antrenmanla s\u00fcrd\u00fcrecek.<\/p>\n","protected":false},"excerpt":{"rendered":"<p>FENERBAH\u00c7E, S\u00dcPER L\u0130G\u2019\u0130N 19. HAFTASINDA CUMARTES\u0130 G\u00dcN\u00dc EV\u0130NDE MED\u0130POL BA\u015eAK\u015eEH\u0130R \u0130LE OYNAYACA\u011eI MA\u00c7IN HAZIRLIKLARINA \u00d6\u011eLE SAATLER\u0130NDE YAPTI\u011eI ANTRENMANLA BA\u015eLADI.<\/p>\n","protected":false},"author":1,"featured_media":258908,"comment_status":"closed","ping_status":"open","sticky":false,"template":"","format":"standard","meta":{"jetpack_post_was_ever_published":false,"_jetpack_newsletter_access":"","_jetpack_dont_email_post_to_subs":false,"_jetpack_newsletter_tier_id":0,"_jetpack_memberships_contains_paywalled_content":false,"_jetpack_memberships_contains_paid_content":false,"footnotes":"","jetpack_publicize_message":"","jetpack_publicize_feature_enabled":true,"jetpack_social_post_already_shared":true,"jetpack_social_options":{"image_generator_settings":{"template":"highway","default_image_id":0,"font":"","enabled":false},"version":2}},"categories":[657],"tags":[112,2626,2744],"class_list":["post-258907","post","type-post","status-publish","format-standard","has-post-thumbnail","hentry","category-spor","tag-ara","tag-fenerbahce","tag-vermedi"],"jetpack_publicize_connections":[],"jetpack_featured_media_url":"https:\/\/i0.wp.com\/www.tvturk.com\/wp-content\/uploads\/2020\/01\/fenerbahce-ara-vermedi_61b839a.jpg?fit=1000%2C683","jetpack_sharing_enabled":true,"jetpack_shortlink":"https:\/\/wp.me\/paKIfm-15lV","_links":{"self":[{"href":"http:\/\/www.tvturk.com\/index.php\/wp-json\/wp\/v2\/posts\/258907","targetHints":{"allow":["GET"]}}],"collection":[{"href":"http:\/\/www.tvturk.com\/index.php\/wp-json\/wp\/v2\/posts"}],"about":[{"href":"http:\/\/www.tvturk.com\/index.php\/wp-json\/wp\/v2\/types\/post"}],"author":[{"embeddable":true,"href":"http:\/\/www.tvturk.com\/index.php\/wp-json\/wp\/v2\/users\/1"}],"replies":[{"embeddable":true,"href":"http:\/\/www.tvturk.com\/index.php\/wp-json\/wp\/v2\/comments?post=258907"}],"version-history":[{"count":0,"href":"http:\/\/www.tvturk.com\/index.php\/wp-json\/wp\/v2\/posts\/258907\/revisions"}],"wp:featuredmedia":[{"embeddable":true,"href":"http:\/\/www.tvturk.com\/index.php\/wp-json\/wp\/v2\/media\/258908"}],"wp:attachment":[{"href":"http:\/\/www.tvturk.com\/index.php\/wp-json\/wp\/v2\/media?parent=258907"}],"wp:term":[{"taxonomy":"category","embeddable":true,"href":"http:\/\/www.tvturk.com\/index.php\/wp-json\/wp\/v2\/categories?post=258907"},{"taxonomy":"post_tag","embeddable":true,"href":"http:\/\/www.tvturk.com\/index.php\/wp-json\/wp\/v2\/tags?post=258907"}],"curies":[{"name":"wp","href":"https:\/\/api.w.org\/{rel}","templated":true}]}}