{"id":258909,"date":"2020-01-22T15:33:09","date_gmt":"2020-01-22T12:33:09","guid":{"rendered":"http:\/\/www.tvturk.com\/index.php\/remi-walter-yeni-malatyasporda\/"},"modified":"2020-01-22T15:33:09","modified_gmt":"2020-01-22T12:33:09","slug":"remi-walter-yeni-malatyasporda","status":"publish","type":"post","link":"http:\/\/www.tvturk.com\/index.php\/remi-walter-yeni-malatyasporda\/","title":{"rendered":"Remi Walter, Yeni Malatyaspor\u2019da"},"content":{"rendered":"<p>Transfer \u00e7al\u0131\u015fmalar\u0131n\u0131 s\u00fcrd\u00fcren Yeni Malatyaspor, Fransa\u2019n\u0131n Nice ekibinde forma giyen Remi Walter\u2019\u0131 kadrosuna katt\u0131. 24 ya\u015f\u0131ndaki futbolcuyla 1,5 y\u0131ll\u0131k s\u00f6zle\u015fme imzaland\u0131.<\/p>\n<p>S\u00fcper Lig\u2019in ikinci yar\u0131s\u0131 ikin transfer \u00e7al\u0131\u015fmalar\u0131na devam eden Yeni Malatyaspor, Nice formas\u0131 giyen orta saha oyuncusu Remi Walter\u2019\u0131 kadrosuna katt\u0131. Bu sezon tak\u0131m\u0131nda \u00e7ok fazla \u015fans bulamayan ve Malatya ekibinin takibinde olan 24 ya\u015f\u0131ndaki futbolcu, 1,5 y\u0131ll\u0131k s\u00f6zle\u015fmeye imza att\u0131. Daha \u00f6nce Nancy ve Troyes formalar\u0131 da giyen Remi Walter, Fransa U21 Tak\u0131m\u0131\u2019n\u0131n da formas\u0131n\u0131 11 kez s\u0131rt\u0131na ge\u00e7irdi.<\/p>\n<p>Walter sezon ba\u015f\u0131nda Trabzonspor\u2019un da g\u00fcndemine gelmi\u015fti.<\/p>\n","protected":false},"excerpt":{"rendered":"<p>TRANSFER \u00c7ALI\u015eMALARINI S\u00dcRD\u00dcREN YEN\u0130 MALATYASPOR, FRANSA&#8217;NIN N\u0130CE EK\u0130B\u0130NDE FORMA G\u0130YEN REM\u0130 WALTER&#8217;I KADROSUNA KATTI. 24 YA\u015eINDAK\u0130 FUTBOLCUYLA 1,5 YILLIK S\u00d6ZLE\u015eME \u0130MZALANDI.<\/p>\n","protected":false},"author":1,"featured_media":258910,"comment_status":"closed","ping_status":"open","sticky":false,"template":"","format":"standard","meta":{"jetpack_post_was_ever_published":false,"_jetpack_newsletter_access":"","_jetpack_dont_email_post_to_subs":false,"_jetpack_newsletter_tier_id":0,"_jetpack_memberships_contains_paywalled_content":false,"_jetpack_memberships_contains_paid_content":false,"footnotes":"","jetpack_publicize_message":"","jetpack_publicize_feature_enabled":true,"jetpack_social_post_already_shared":true,"jetpack_social_options":{"image_generator_settings":{"template":"highway","default_image_id":0,"font":"","enabled":false},"version":2}},"categories":[657],"tags":[3855,63920,42510,87],"class_list":["post-258909","post","type-post","status-publish","format-standard","has-post-thumbnail","hentry","category-spor","tag-malatyasporda","tag-remi","tag-walter","tag-yeni"],"jetpack_publicize_connections":[],"jetpack_featured_media_url":"https:\/\/i0.wp.com\/www.tvturk.com\/wp-content\/uploads\/2020\/01\/remi-walter-yeni-malatyasporda_1141fd3.jpg?fit=1000%2C701","jetpack_sharing_enabled":true,"jetpack_shortlink":"https:\/\/wp.me\/paKIfm-15lX","_links":{"self":[{"href":"http:\/\/www.tvturk.com\/index.php\/wp-json\/wp\/v2\/posts\/258909","targetHints":{"allow":["GET"]}}],"collection":[{"href":"http:\/\/www.tvturk.com\/index.php\/wp-json\/wp\/v2\/posts"}],"about":[{"href":"http:\/\/www.tvturk.com\/index.php\/wp-json\/wp\/v2\/types\/post"}],"author":[{"embeddable":true,"href":"http:\/\/www.tvturk.com\/index.php\/wp-json\/wp\/v2\/users\/1"}],"replies":[{"embeddable":true,"href":"http:\/\/www.tvturk.com\/index.php\/wp-json\/wp\/v2\/comments?post=258909"}],"version-history":[{"count":0,"href":"http:\/\/www.tvturk.com\/index.php\/wp-json\/wp\/v2\/posts\/258909\/revisions"}],"wp:featuredmedia":[{"embeddable":true,"href":"http:\/\/www.tvturk.com\/index.php\/wp-json\/wp\/v2\/media\/258910"}],"wp:attachment":[{"href":"http:\/\/www.tvturk.com\/index.php\/wp-json\/wp\/v2\/media?parent=258909"}],"wp:term":[{"taxonomy":"category","embeddable":true,"href":"http:\/\/www.tvturk.com\/index.php\/wp-json\/wp\/v2\/categories?post=258909"},{"taxonomy":"post_tag","embeddable":true,"href":"http:\/\/www.tvturk.com\/index.php\/wp-json\/wp\/v2\/tags?post=258909"}],"curies":[{"name":"wp","href":"https:\/\/api.w.org\/{rel}","templated":true}]}}