{"id":258913,"date":"2020-01-22T15:46:43","date_gmt":"2020-01-22T12:46:43","guid":{"rendered":"http:\/\/www.tvturk.com\/index.php\/baba-alana-son-gorev\/"},"modified":"2020-01-22T15:46:43","modified_gmt":"2020-01-22T12:46:43","slug":"baba-alana-son-gorev","status":"publish","type":"post","link":"http:\/\/www.tvturk.com\/index.php\/baba-alana-son-gorev\/","title":{"rendered":"Baba Alan\u2019a son g\u00f6rev"},"content":{"rendered":"<p>\u0130\u00e7i\u015fleri Bakanl\u0131\u011f\u0131 Hukuk M\u00fc\u015faviri Avukat Tahir Alan\u2019\u0131n babas\u0131 Mustafa Alan, son yolculu\u011funa u\u011furland\u0131.<\/p>\n<p>Isparta Mimar Sinan Camiisi\u2019ndeki t\u00f6rene TBMM Ba\u015fkan Vekili S\u00fcreyya Sadi Bilgi\u00e7, Emniyet Genel M\u00fcd\u00fcrl\u00fc\u011f\u00fc Personel Daire Ba\u015fkan\u0131 Orhan \u00c7evik, Emniyet Genel M\u00fcd\u00fcrl\u00fc\u011f\u00fc Polis Tefti\u015f Kurulu Ba\u015fkan\u0131 Fenni G\u00fcrsel, Emniyet Genel M\u00fcd\u00fcr Yard\u0131mc\u0131s\u0131 Ahmet \u015eeng\u00fcl, \u0130\u00e7i\u015fleri Personel Genel M\u00fcd\u00fcr\u00fc G\u00f6kmen \u00c7ikek, \u0130\u00e7i\u015fleri Bakan Dan\u0131\u015fmanlar\u0131 Harun Ak\u0131n ve Ali Faik Hac\u0131 o\u011flu, \u0130\u00e7i\u015fleri Bakanl\u0131\u011f\u0131 M\u00fclkiye M\u00fcfetti\u015fi Yusuf Guni,  Antalya Valisi M\u00fcnir Karalo\u011flu, Isparta Valisi \u00d6mer Seymeno\u011flu, \u0130stanbul Vali Yard\u0131mc\u0131s\u0131 Serdar Cevhero\u011flu, Isparta Belediye Ba\u015fkan\u0131 \u015e\u00fckr\u00fc Ba\u015fde\u011firmen, siyasi parti temsilcileri, e\u011fitim, i\u015f ve spor camias\u0131ndan bir\u00e7ok ki\u015fi, daire m\u00fcd\u00fcrleri ve vatanda\u015flar kat\u0131ld\u0131.<\/p>\n<p>\u0130\u00e7i\u015fleri Bakanl\u0131\u011f\u0131 Hukuk M\u00fc\u015faviri Av. Tahir Alan\u2019\u0131n babas\u0131 Mustafa Alan, Isparta Mimar Sinan Camii\u2019nde \u00f6\u011fle namaz\u0131n\u0131 m\u00fcteakip k\u0131l\u0131nan cenaze namaz\u0131n\u0131n ard\u0131ndan Asri Mezarl\u0131k\u2019ta topra\u011fa verildi.<\/p>\n","protected":false},"excerpt":{"rendered":"<p>\u0130\u00c7\u0130\u015eLER\u0130 BAKANLI\u011eI HUKUK M\u00dc\u015eAV\u0130R\u0130 AVUKAT TAH\u0130R ALAN&#8217;IN BABASI MUSTAFA ALAN, SON YOLCULU\u011eUNA U\u011eURLANDI.<\/p>\n","protected":false},"author":1,"featured_media":258914,"comment_status":"closed","ping_status":"open","sticky":false,"template":"","format":"standard","meta":{"jetpack_post_was_ever_published":false,"_jetpack_newsletter_access":"","_jetpack_dont_email_post_to_subs":false,"_jetpack_newsletter_tier_id":0,"_jetpack_memberships_contains_paywalled_content":false,"_jetpack_memberships_contains_paid_content":false,"footnotes":"","jetpack_publicize_message":"","jetpack_publicize_feature_enabled":true,"jetpack_social_post_already_shared":true,"jetpack_social_options":{"image_generator_settings":{"template":"highway","default_image_id":0,"font":"","enabled":false},"version":2}},"categories":[1],"tags":[2512,1360,333,1240],"class_list":["post-258913","post","type-post","status-publish","format-standard","has-post-thumbnail","hentry","category-genel","tag-alana","tag-baba","tag-gorev","tag-son"],"jetpack_publicize_connections":[],"jetpack_featured_media_url":"https:\/\/i0.wp.com\/www.tvturk.com\/wp-content\/uploads\/2020\/01\/baba-alana-son-gorev_9e83085.jpg?fit=1000%2C750","jetpack_sharing_enabled":true,"jetpack_shortlink":"https:\/\/wp.me\/paKIfm-15m1","_links":{"self":[{"href":"http:\/\/www.tvturk.com\/index.php\/wp-json\/wp\/v2\/posts\/258913","targetHints":{"allow":["GET"]}}],"collection":[{"href":"http:\/\/www.tvturk.com\/index.php\/wp-json\/wp\/v2\/posts"}],"about":[{"href":"http:\/\/www.tvturk.com\/index.php\/wp-json\/wp\/v2\/types\/post"}],"author":[{"embeddable":true,"href":"http:\/\/www.tvturk.com\/index.php\/wp-json\/wp\/v2\/users\/1"}],"replies":[{"embeddable":true,"href":"http:\/\/www.tvturk.com\/index.php\/wp-json\/wp\/v2\/comments?post=258913"}],"version-history":[{"count":0,"href":"http:\/\/www.tvturk.com\/index.php\/wp-json\/wp\/v2\/posts\/258913\/revisions"}],"wp:featuredmedia":[{"embeddable":true,"href":"http:\/\/www.tvturk.com\/index.php\/wp-json\/wp\/v2\/media\/258914"}],"wp:attachment":[{"href":"http:\/\/www.tvturk.com\/index.php\/wp-json\/wp\/v2\/media?parent=258913"}],"wp:term":[{"taxonomy":"category","embeddable":true,"href":"http:\/\/www.tvturk.com\/index.php\/wp-json\/wp\/v2\/categories?post=258913"},{"taxonomy":"post_tag","embeddable":true,"href":"http:\/\/www.tvturk.com\/index.php\/wp-json\/wp\/v2\/tags?post=258913"}],"curies":[{"name":"wp","href":"https:\/\/api.w.org\/{rel}","templated":true}]}}