{"id":258921,"date":"2020-01-22T15:47:40","date_gmt":"2020-01-22T12:47:40","guid":{"rendered":"http:\/\/www.tvturk.com\/index.php\/adana-demirspor-okan-alkani-renklerine-bagladi\/"},"modified":"2020-01-22T15:47:40","modified_gmt":"2020-01-22T12:47:40","slug":"adana-demirspor-okan-alkani-renklerine-bagladi","status":"publish","type":"post","link":"http:\/\/www.tvturk.com\/index.php\/adana-demirspor-okan-alkani-renklerine-bagladi\/","title":{"rendered":"Adana Demirspor, Okan Alkan\u2019\u0131 renklerine ba\u011flad\u0131"},"content":{"rendered":"<p>TFF 1. Lig ekiplerinden Adana Demirspor, Bal\u0131kesirspor\u2019dan ayr\u0131lan sa\u011f bek Okan Alkan\u2019\u0131 transfer etti.<\/p>\n<p>TFF 1. Lig ekiplerinden Adana Demirspor, Teknik Direkt\u00f6r U\u011fur T\u00fct\u00fcneker\u2019in raporu do\u011frultusunda transfer \u00e7al\u0131\u015fmalar\u0131n\u0131 y\u00fcr\u00fct\u00fcrken, Bal\u0131kesirspor\u2019dan ayr\u0131lan 27 ya\u015f\u0131ndaki sa\u011f bek Okan Alkan\u2019\u0131 kadrosuna dahil etti.<\/p>\n<p>Transferi Adana Demirspor Kul\u00fcb\u00fc Ba\u015fkan\u0131 Murat Sancak, sosyal medya hesab\u0131ndan yapt\u0131\u011f\u0131 \u2019Okan Alkan hay\u0131rl\u0131 olsun\u2019 payla\u015f\u0131mla duyurdu.<\/p>\n","protected":false},"excerpt":{"rendered":"<p>ADANA DEM\u0130RSPOR, BALIKES\u0130RSPOR\u2019DAN AYRILAN SA\u011e BEK OKAN ALKAN&#8217;I TRANSFER ETT\u0130.<\/p>\n","protected":false},"author":1,"featured_media":258922,"comment_status":"closed","ping_status":"open","sticky":false,"template":"","format":"standard","meta":{"jetpack_post_was_ever_published":false,"_jetpack_newsletter_access":"","_jetpack_dont_email_post_to_subs":false,"_jetpack_newsletter_tier_id":0,"_jetpack_memberships_contains_paywalled_content":false,"_jetpack_memberships_contains_paid_content":false,"footnotes":"","jetpack_publicize_message":"","jetpack_publicize_feature_enabled":true,"jetpack_social_post_already_shared":true,"jetpack_social_options":{"image_generator_settings":{"template":"highway","default_image_id":0,"font":"","enabled":false},"version":2}},"categories":[657],"tags":[2080,63922,8787,2081,1887,38579],"class_list":["post-258921","post","type-post","status-publish","format-standard","has-post-thumbnail","hentry","category-spor","tag-adana","tag-alkani","tag-bagladi","tag-demirspor","tag-okan","tag-renklerine"],"jetpack_publicize_connections":[],"jetpack_featured_media_url":"https:\/\/i0.wp.com\/www.tvturk.com\/wp-content\/uploads\/2020\/01\/adana-demirspor-okan-alkani-renklerine-bagladi_034557e.jpg?fit=1000%2C734","jetpack_sharing_enabled":true,"jetpack_shortlink":"https:\/\/wp.me\/paKIfm-15m9","_links":{"self":[{"href":"http:\/\/www.tvturk.com\/index.php\/wp-json\/wp\/v2\/posts\/258921","targetHints":{"allow":["GET"]}}],"collection":[{"href":"http:\/\/www.tvturk.com\/index.php\/wp-json\/wp\/v2\/posts"}],"about":[{"href":"http:\/\/www.tvturk.com\/index.php\/wp-json\/wp\/v2\/types\/post"}],"author":[{"embeddable":true,"href":"http:\/\/www.tvturk.com\/index.php\/wp-json\/wp\/v2\/users\/1"}],"replies":[{"embeddable":true,"href":"http:\/\/www.tvturk.com\/index.php\/wp-json\/wp\/v2\/comments?post=258921"}],"version-history":[{"count":0,"href":"http:\/\/www.tvturk.com\/index.php\/wp-json\/wp\/v2\/posts\/258921\/revisions"}],"wp:featuredmedia":[{"embeddable":true,"href":"http:\/\/www.tvturk.com\/index.php\/wp-json\/wp\/v2\/media\/258922"}],"wp:attachment":[{"href":"http:\/\/www.tvturk.com\/index.php\/wp-json\/wp\/v2\/media?parent=258921"}],"wp:term":[{"taxonomy":"category","embeddable":true,"href":"http:\/\/www.tvturk.com\/index.php\/wp-json\/wp\/v2\/categories?post=258921"},{"taxonomy":"post_tag","embeddable":true,"href":"http:\/\/www.tvturk.com\/index.php\/wp-json\/wp\/v2\/tags?post=258921"}],"curies":[{"name":"wp","href":"https:\/\/api.w.org\/{rel}","templated":true}]}}