{"id":258937,"date":"2020-01-22T16:31:30","date_gmt":"2020-01-22T13:31:30","guid":{"rendered":"http:\/\/www.tvturk.com\/index.php\/ukraynada-gorulen-hablemitoglu-davasi-zaman-asimina-ugradi\/"},"modified":"2020-01-22T16:31:30","modified_gmt":"2020-01-22T13:31:30","slug":"ukraynada-gorulen-hablemitoglu-davasi-zaman-asimina-ugradi","status":"publish","type":"post","link":"http:\/\/www.tvturk.com\/index.php\/ukraynada-gorulen-hablemitoglu-davasi-zaman-asimina-ugradi\/","title":{"rendered":"Ukrayna\u2019da g\u00f6r\u00fclen Hablemito\u011flu davas\u0131 \u2019zaman a\u015f\u0131m\u0131\u2019na u\u011frad\u0131"},"content":{"rendered":"<p>Hablemito\u011flu suikastine ili\u015fkin Ukrayna\u2019n\u0131n ba\u015fkenti Kiev\u2019de g\u00f6r\u00fclen son davada, hakimler dava i\u00e7in \u2018zaman a\u015f\u0131m\u0131\u2019 karar\u0131 verdi.<\/p>\n<p>Hablemito\u011flu suikasti ba\u015f \u015f\u00fcphelisi Nuri G\u00f6khan Bozk\u0131r, Kiev Temyiz Mahkemesinde saat 12.30 gibi ba\u015flayan duru\u015fmaya e\u015fiyle ve avukat\u0131yla geldi. Yerli ve yabanc\u0131 gazeteciler taraf\u0131ndan yo\u011fun ilgi g\u00f6sterilen mahkeme, 15 dakikal\u0131k bir s\u00fcrede 3 hakim taraf\u0131ndan karara ba\u011fland\u0131. Hakimlerin ald\u0131\u011f\u0131 karara g\u00f6re, Ankara Mahkemeleri taraf\u0131ndan edilen talep sonucunda a\u00e7\u0131lan dava, zaman a\u015f\u0131m\u0131na u\u011frad\u0131.<\/p>\n<p>&#8220;Zaman\u0131 gelince konu\u015faca\u011f\u0131m\u201d<\/p>\n<p>10 Ocak tarihinde g\u00f6r\u00fclen bir \u00f6nceki duru\u015fmada, T\u00fcrk gazetecilerle ayak\u00fcst\u00fc \u00e7ok k\u0131sa g\u00f6r\u00fc\u015fen Bozk\u0131r, \u201cBen \u00e7ok ba\u015far\u0131lara imza atm\u0131\u015f, say\u0131s\u0131z \u00f6d\u00fcl alm\u0131\u015f bir T\u00fcrk askeriydim. \u015eemdin Sak\u0131k\u2019\u0131 paketleyen timin komutan\u0131yd\u0131m. Bana \u00e7ok farkl\u0131 g\u00fc\u00e7ler ve FET\u00d6 taraf\u0131ndan oyunlar oynan\u0131yor. Tehdit mesajlar\u0131 al\u0131yorum bunlar\u0131 kaydettim mahkemeye sunaca\u011f\u0131m. T\u00fcrk bas\u0131n\u0131na yeri geldi\u011finde konu\u015faca\u011f\u0131m ama \u015fu an zaman\u0131 de\u011fil. Benim bir ailem var ve bu ya\u015fanan olaylardan rahats\u0131z oluyor. Daha fazla konu\u015fmak istemiyorum\u201d a\u00e7\u0131klamalar\u0131nda bulunmu\u015ftu.<\/p>\n<p>Bozk\u0131r, 10 Temmuz 2019 tarihinde Kiev\u2019in Golosiyevskiy semtinde Ukrayna \u0130stihbarat Servisi taraf\u0131ndan d\u00fczenlenen bir operasyonla g\u00f6zalt\u0131na al\u0131nd\u0131.<\/p>\n","protected":false},"excerpt":{"rendered":"<p>HABLEM\u0130TO\u011eLU SU\u0130KAST\u0130NE \u0130L\u0130\u015eK\u0130N UKRAYNA\u2019NIN BA\u015eKENT\u0130 K\u0130EV\u2019DE G\u00d6R\u00dcLEN SON DAVADA, HAK\u0130MLER DAVA \u0130\u00c7\u0130N \u2018ZAMAN A\u015eIMI\u2019 KARARI VERD\u0130.<\/p>\n","protected":false},"author":1,"featured_media":258938,"comment_status":"closed","ping_status":"open","sticky":false,"template":"","format":"standard","meta":{"jetpack_post_was_ever_published":false,"_jetpack_newsletter_access":"","_jetpack_dont_email_post_to_subs":false,"_jetpack_newsletter_tier_id":0,"_jetpack_memberships_contains_paywalled_content":false,"_jetpack_memberships_contains_paid_content":false,"footnotes":"","jetpack_publicize_message":"","jetpack_publicize_feature_enabled":true,"jetpack_social_post_already_shared":true,"jetpack_social_options":{"image_generator_settings":{"template":"highway","default_image_id":0,"font":"","enabled":false},"version":2}},"categories":[10],"tags":[63925,4722,11348,60625,23186,14308,74],"class_list":["post-258937","post","type-post","status-publish","format-standard","has-post-thumbnail","hentry","category-dunya","tag-asimina","tag-davasi","tag-gorulen","tag-hablemitoglu","tag-ugradi","tag-ukraynada","tag-zaman"],"jetpack_publicize_connections":[],"jetpack_featured_media_url":"https:\/\/i0.wp.com\/www.tvturk.com\/wp-content\/uploads\/2020\/01\/ukraynada-gorulen-hablemitoglu-davasi-zaman-asimina-ugradi_ad6ce37.jpg?fit=1000%2C750","jetpack_sharing_enabled":true,"jetpack_shortlink":"https:\/\/wp.me\/paKIfm-15mp","_links":{"self":[{"href":"http:\/\/www.tvturk.com\/index.php\/wp-json\/wp\/v2\/posts\/258937","targetHints":{"allow":["GET"]}}],"collection":[{"href":"http:\/\/www.tvturk.com\/index.php\/wp-json\/wp\/v2\/posts"}],"about":[{"href":"http:\/\/www.tvturk.com\/index.php\/wp-json\/wp\/v2\/types\/post"}],"author":[{"embeddable":true,"href":"http:\/\/www.tvturk.com\/index.php\/wp-json\/wp\/v2\/users\/1"}],"replies":[{"embeddable":true,"href":"http:\/\/www.tvturk.com\/index.php\/wp-json\/wp\/v2\/comments?post=258937"}],"version-history":[{"count":0,"href":"http:\/\/www.tvturk.com\/index.php\/wp-json\/wp\/v2\/posts\/258937\/revisions"}],"wp:featuredmedia":[{"embeddable":true,"href":"http:\/\/www.tvturk.com\/index.php\/wp-json\/wp\/v2\/media\/258938"}],"wp:attachment":[{"href":"http:\/\/www.tvturk.com\/index.php\/wp-json\/wp\/v2\/media?parent=258937"}],"wp:term":[{"taxonomy":"category","embeddable":true,"href":"http:\/\/www.tvturk.com\/index.php\/wp-json\/wp\/v2\/categories?post=258937"},{"taxonomy":"post_tag","embeddable":true,"href":"http:\/\/www.tvturk.com\/index.php\/wp-json\/wp\/v2\/tags?post=258937"}],"curies":[{"name":"wp","href":"https:\/\/api.w.org\/{rel}","templated":true}]}}