{"id":258949,"date":"2020-01-22T16:46:49","date_gmt":"2020-01-22T13:46:49","guid":{"rendered":"http:\/\/www.tvturk.com\/index.php\/gulluk-ve-mimarsinana-modern-pazar-yeri\/"},"modified":"2020-01-22T16:46:49","modified_gmt":"2020-01-22T13:46:49","slug":"gulluk-ve-mimarsinana-modern-pazar-yeri","status":"publish","type":"post","link":"http:\/\/www.tvturk.com\/index.php\/gulluk-ve-mimarsinana-modern-pazar-yeri\/","title":{"rendered":"G\u00fcll\u00fck ve Mimarsinan\u2019a modern pazar yeri"},"content":{"rendered":"<p>Y\u0131ld\u0131r\u0131m Belediyesi taraf\u0131ndan il\u00e7eye kazand\u0131r\u0131lan G\u00fcll\u00fck-Mimarsinan Kapal\u0131 Pazar Yeri t\u00f6renle hizmete a\u00e7\u0131ld\u0131.<\/p>\n<p>G\u00fcnl\u00fck ya\u015fant\u0131n\u0131n bir par\u00e7as\u0131 olan pazar al\u0131\u015fveri\u015fini karma\u015fa ve sa\u011fl\u0131ks\u0131z ortamlardan modern mek\u00e2nlara ta\u015f\u0131d\u0131klar\u0131n\u0131 belirten Y\u0131ld\u0131r\u0131m Belediye Ba\u015fkan\u0131 Oktay Y\u0131lmaz, \u201cMevcut pazar yerlerimizi de il\u00e7emize yak\u0131\u015f\u0131r h\u00e2le getiriyoruz. Bug\u00fcn de G\u00fcll\u00fck ve Mimarsinan mahallelerimize hizmet verecek kapal\u0131 pazar yerimizin a\u00e7\u0131l\u0131\u015f\u0131 i\u00e7in bir arada olman\u0131n mutlulu\u011fu i\u00e7indeyiz. 5 bin 83 metrekare alanda in\u015f\u00e2 edilen ve 216 tezg\u00e2h kapasiteli pazar yerimiz, pazar\u0131n kurulmad\u0131\u011f\u0131 g\u00fcnlerde ise kapal\u0131 otopark olarak b\u00f6lgenin bir di\u011fer ihtiyac\u0131na da cevap verecek. Ayr\u0131ca burada \u00e7ay oca\u011f\u0131, zab\u0131ta odas\u0131, mescit, bebek bak\u0131m odas\u0131 gibi birimlerde bulunuyor. Ge\u00e7ti\u011fimiz g\u00fcnlerde de b\u00f6lgenin 30 y\u0131ll\u0131k ihtiyac\u0131na cevap veren Piremir Kapal\u0131 Pazar Yerimizi de hizmete a\u00e7m\u0131\u015ft\u0131k. Hedefimiz siz de\u011ferli hem\u015fehrilerimiz i\u00e7in kaliteli sosyal hayat alanlar\u0131n\u0131 olu\u015fturmak, bunlar\u0131 korumak, geli\u015ftirmek ve bu hizmetlerden, imk\u00e2nlardan en g\u00fczel bir \u015fekilde yararlanman\u0131z\u0131 sa\u011flamakt\u0131r\u201d diye konu\u015ftu.<\/p>\n<p>Bir yandan Y\u0131ld\u0131r\u0131ml\u0131lar\u0131n refah seviyesini art\u0131r\u0131rken, di\u011fer yandan da \u015fehrin mek\u00e2n\u00ee de\u011fi\u015fimine, geli\u015fimine katk\u0131 sunmaya devam ettiklerini dile getiren Ba\u015fkan Y\u0131lmaz, \u201cBu anlamda g\u00f6reve geldi\u011fimiz g\u00fcnden bu g\u00fcne kadar ba\u015fta imar d\u00fczenlemeleri olmak \u00fczere bir\u00e7ok alanda \u00e7al\u0131\u015fmalar ger\u00e7ekle\u015ftirdik. Yollar, tesisler, parklar, k\u00fclt\u00fcr ve gen\u00e7lik merkezleri, spor tesisleri, pazar yerleri ve kentsel d\u00f6n\u00fc\u015f\u00fcm \u00e7al\u0131\u015fmalar\u0131yla Y\u0131ld\u0131r\u0131m\u2019a yak\u0131\u015f\u0131r bir \u015fehirle\u015fme gayreti i\u00e7erisindeyiz. da Y\u0131ld\u0131r\u0131m Belediyesi olarak sosyal ya\u015fama alanlar\u0131n\u0131n daha kaliteli h\u00e2le getirilmesi i\u00e7in 2020 y\u0131l\u0131n\u0131 \u2018Fen \u0130\u015fleri Y\u0131l\u0131\u2019 il\u00e2n ettik. \u00c7evre ve temizlik noktas\u0131nda, park ve bah\u00e7elerin ihy\u00e2 edilmesi noktas\u0131nda ve yollar\u0131n, kald\u0131r\u0131mlar\u0131n d\u00fczenlenmesi noktas\u0131nda ciddi at\u0131l\u0131mlar ger\u00e7ekle\u015ftiriyoruz. G\u00f6rev s\u00fcremizin sonuna kadar 500 bin metrekare alan\u0131n \u00fczerinde bir alan\u0131 aktif ye\u015fil alan olarak il\u00e7emize kazand\u0131rarak sizlerin hizmetine sunmu\u015f olaca\u011f\u0131z. Mahallelerimizin yap\u0131s\u0131na ve ihtiyac\u0131na g\u00f6re planlad\u0131\u011f\u0131m\u0131z otoparktan hayat alan\u0131na, sosyal ve k\u00fclt\u00fcrel tesislerden spor alanlar\u0131na, tarih\u00ee mirastan k\u00fclt\u00fcr sanata ve e\u011fitime kadar, hayat\u0131n her alan\u0131ndaki \u00e7al\u0131\u015fmalar\u0131m\u0131z h\u0131zla devam ediyor. Y\u0131ld\u0131r\u0131m\u2019\u0131 s\u00f6z verdi\u011fimiz gibi mutlu ve huzurlu insanlar\u0131n ya\u015fad\u0131\u011f\u0131 bir yer h\u00e2line getirmenin temeli insanlar\u0131m\u0131z\u0131n ihtiya\u00e7lar\u0131na cevap vermekle m\u00fcmk\u00fcn\u201d \u015feklinde konu\u015ftu.<\/p>\n<p>Vatanda\u015flar\u0131n modern al\u0131\u015fveri\u015f mek\u00e2nlar\u0131nda g\u00fcndelik, haftal\u0131k ihtiya\u00e7lar\u0131n\u0131 kar\u015f\u0131layacak \u00e7ok ama\u00e7l\u0131 bu t\u00fcr pazar yerlerini son derece \u00f6nemsediklerini ifade eden Y\u0131ld\u0131r\u0131m Kaymakam\u0131 Adem Yaz\u0131c\u0131, \u201cB\u00f6lgemizin otopark ihtiyac\u0131n\u0131 da k\u0131smen de olsa kar\u015f\u0131layacak olan ya\u011fmurdan, so\u011fuktan, kardan etkilenmeyecek bir kapal\u0131 alanda hem pazarc\u0131lar\u0131m\u0131z\u0131n vatanda\u015flar\u0131m\u0131za daha iyi hizmet sunabilmesi hem de vatanda\u015flar\u0131m\u0131z\u0131n bunun kar\u015f\u0131l\u0131\u011f\u0131nda daha konforlu ortamlarda al\u0131\u015fveri\u015f yapabilmesini teminen b\u00f6ylesine anlaml\u0131 bir yat\u0131r\u0131m\u0131n hizmete al\u0131nmas\u0131nda eme\u011fi ge\u00e7en Y\u0131ld\u0131r\u0131m Belediyesi Ba\u015fkan\u0131m\u0131z Oktay Y\u0131lmaz\u2019a te\u015fekk\u00fcr ediyorum\u201d dedi.<\/p>\n<p>Bursa Seyyar Pazarc\u0131lar Odas\u0131 Ba\u015fkan\u0131 Ahmet Refik Aksu da, \u201cBaruthane Kapal\u0131 Pazar Alan\u0131\u2019n\u0131n dizayn\u0131, Piremir Kapal\u0131 Pazaryeri\u2019nin a\u00e7\u0131l\u0131\u015f\u0131, G\u00fcll\u00fck-Mimarsinan Kapal\u0131 Pazar Alan\u0131\u2019n\u0131n a\u00e7\u0131l\u0131\u015f\u0131, S\u0131racevizler-Kurtbasan pazar\u0131m\u0131z\u0131n esnaf\u0131m\u0131za yak\u0131\u015f\u0131r i\u00e7 ve d\u0131\u015f tasar\u0131m\u0131yla \u00f6n\u00fcm\u00fczdeki aylarda hizmete a\u00e7\u0131lacak olmas\u0131 sevindirici. Bu demek oluyor ki, belediyemiz toplu kullan\u0131m alanlar\u0131yla pazarc\u0131 esnaf\u0131na ve halk\u0131na de\u011fer veriyor ve bunun i\u00e7in canla ba\u015fla \u00e7al\u0131\u015f\u0131yor\u201d diye konu\u015ftu.<\/p>\n<p>AK Parti Bursa Milletvekili Ahmet K\u0131l\u0131\u00e7 ise, \u201cAK Parti sadece mahal\u00ee idarelerde de\u011fil merkezi h\u00fck\u00fcmette de Bursa\u2019m\u0131za \u00e7ok ciddi yat\u0131r\u0131mlarda bulundu. Daha fazlas\u0131n\u0131 hak eden Bursa\u2019m\u0131za ve Y\u0131ld\u0131r\u0131m\u2019\u0131m\u0131za daha \u00e7ok yat\u0131r\u0131m\u0131 ilerleyen g\u00fcnlerde kazand\u0131rmaya devam edece\u011fiz. Yerli otomobilin Bursa\u2019da \u00fcretilecek olmas\u0131n\u0131n Cumhurba\u015fkan\u0131m\u0131z Recep Tayyip Erdo\u011fan\u2019\u0131n Bursa\u2019m\u0131za bak\u0131\u015f\u0131n\u0131 hep birlikte g\u00f6rmekteyiz. Bursa olarak, \u00fcreten, emek veren \u015fehir olarak her zamankinden daha da y\u00fckse\u011fe bu \u00e7\u0131tay\u0131 ta\u015f\u0131yaca\u011f\u0131z\u201d ifadelerini kulland\u0131.<\/p>\n<p>A\u00e7\u0131l\u0131\u015f\u0131n ard\u0131ndan Ba\u015fkan Y\u0131lmaz ve beraberindeki heyet, G\u00fcll\u00fck-Mimarsinan Kapal\u0131 Pazar Yeri\u2019nde tezg\u00e2h a\u00e7an pazarc\u0131 esnaf\u0131n\u0131 tek tek dola\u015farak sohbet etti. Pazar al\u0131\u015fveri\u015fi i\u00e7in gelen vatanda\u015flara da bez torba da\u011f\u0131tt\u0131.<\/p>\n","protected":false},"excerpt":{"rendered":"<p>YILDIRIM BELED\u0130YES\u0130 TARAFINDAN \u0130L\u00c7EYE KAZANDIRILAN G\u00dcLL\u00dcK-M\u0130MARS\u0130NAN KAPALI PAZAR YER\u0130 T\u00d6RENLE H\u0130ZMETE A\u00c7ILDI.<\/p>\n","protected":false},"author":1,"featured_media":258950,"comment_status":"closed","ping_status":"open","sticky":false,"template":"","format":"standard","meta":{"jetpack_post_was_ever_published":false,"_jetpack_newsletter_access":"","_jetpack_dont_email_post_to_subs":false,"_jetpack_newsletter_tier_id":0,"_jetpack_memberships_contains_paywalled_content":false,"_jetpack_memberships_contains_paid_content":false,"footnotes":"","jetpack_publicize_message":"","jetpack_publicize_feature_enabled":true,"jetpack_social_post_already_shared":true,"jetpack_social_options":{"image_generator_settings":{"template":"highway","default_image_id":0,"font":"","enabled":false},"version":2}},"categories":[1],"tags":[63927,63928,4144,123,488],"class_list":["post-258949","post","type-post","status-publish","format-standard","has-post-thumbnail","hentry","category-genel","tag-gulluk","tag-mimarsinana","tag-modern","tag-pazar","tag-yeri"],"jetpack_publicize_connections":[],"jetpack_featured_media_url":"https:\/\/i0.wp.com\/www.tvturk.com\/wp-content\/uploads\/2020\/01\/gulluk-ve-mimarsinana-modern-pazar-yeri_6f5f9aa.jpg?fit=1000%2C667","jetpack_sharing_enabled":true,"jetpack_shortlink":"https:\/\/wp.me\/paKIfm-15mB","_links":{"self":[{"href":"http:\/\/www.tvturk.com\/index.php\/wp-json\/wp\/v2\/posts\/258949","targetHints":{"allow":["GET"]}}],"collection":[{"href":"http:\/\/www.tvturk.com\/index.php\/wp-json\/wp\/v2\/posts"}],"about":[{"href":"http:\/\/www.tvturk.com\/index.php\/wp-json\/wp\/v2\/types\/post"}],"author":[{"embeddable":true,"href":"http:\/\/www.tvturk.com\/index.php\/wp-json\/wp\/v2\/users\/1"}],"replies":[{"embeddable":true,"href":"http:\/\/www.tvturk.com\/index.php\/wp-json\/wp\/v2\/comments?post=258949"}],"version-history":[{"count":0,"href":"http:\/\/www.tvturk.com\/index.php\/wp-json\/wp\/v2\/posts\/258949\/revisions"}],"wp:featuredmedia":[{"embeddable":true,"href":"http:\/\/www.tvturk.com\/index.php\/wp-json\/wp\/v2\/media\/258950"}],"wp:attachment":[{"href":"http:\/\/www.tvturk.com\/index.php\/wp-json\/wp\/v2\/media?parent=258949"}],"wp:term":[{"taxonomy":"category","embeddable":true,"href":"http:\/\/www.tvturk.com\/index.php\/wp-json\/wp\/v2\/categories?post=258949"},{"taxonomy":"post_tag","embeddable":true,"href":"http:\/\/www.tvturk.com\/index.php\/wp-json\/wp\/v2\/tags?post=258949"}],"curies":[{"name":"wp","href":"https:\/\/api.w.org\/{rel}","templated":true}]}}