{"id":259055,"date":"2020-01-23T09:16:16","date_gmt":"2020-01-23T06:16:16","guid":{"rendered":"http:\/\/www.tvturk.com\/index.php\/dogustan-ay-yildizli-kuzunun-yuku-agir\/"},"modified":"2020-01-23T09:16:16","modified_gmt":"2020-01-23T06:16:16","slug":"dogustan-ay-yildizli-kuzunun-yuku-agir","status":"publish","type":"post","link":"http:\/\/www.tvturk.com\/index.php\/dogustan-ay-yildizli-kuzunun-yuku-agir\/","title":{"rendered":"Do\u011fu\u015ftan ay-y\u0131ld\u0131zl\u0131 kuzunun \u2019y\u00fck\u00fc\u2019 a\u011f\u0131r"},"content":{"rendered":"<p>Ordu\u2019da 3 ay \u00f6nce d\u00fcnyaya gelen ve \u2018\u015eanl\u0131\u2019 ad\u0131 verilen kuzunun \u00fczerindeki ay-y\u0131ld\u0131z ve asker fig\u00fcr\u00fc g\u00f6renleri \u015fa\u015f\u0131rt\u0131yor.<\/p>\n<p>Kumru il\u00e7esi Eski\u00e7okde\u011firmen Mahallesi\u2019nde k\u00fc\u00e7\u00fckba\u015f hayvanlar\u0131 bulunan Hayrettin Geyik\u00e7eli\u2019nin, 3 ay \u00f6nce bir kuzusu d\u00fcnyaya geldi. Kuzunun, sol taraf\u0131nda beyaz t\u00fcylerle olu\u015fan ay-y\u0131ld\u0131z deseni ve askeri and\u0131ran \u015fekiller, insanlar\u0131n ilgisini \u00e7ekti. \u2018\u015eanl\u0131\u2019 ad\u0131 verilen kuzunun t\u00fcyleri uzad\u0131k\u00e7a desenler az da olsa belirginli\u011fini kaybetse de g\u00f6renler, \u201c\u00dczerindeki desenler \u00f6zenle ayarlanm\u0131\u015f gibi. T\u00fcrk kuzusu b\u00f6yle \u015fanl\u0131 d\u00fcnyaya gelir, y\u00fck\u00fc de a\u011f\u0131r\u201d yorumunda bulunuyor.<\/p>\n<p>\u201cAy-y\u0131ld\u0131z\u0131 g\u00f6r\u00fcnce \u00e7ok \u015fa\u015f\u0131rd\u0131m\u201d<\/p>\n<p>Kuzunun sahibi Hayrettin Geyik\u00e7eli, 3 ay \u00f6nce d\u00fcnyaya gelen kuzunun \u00fczerinde do\u011fdu\u011funda ay-y\u0131ld\u0131z ve askere benzeyen bir fig\u00fcr oldu\u011funu s\u00f6yledi. Geyik\u00e7eli, \u201cSiyah oldu\u011fu i\u00e7in ay-y\u0131ld\u0131z net bir \u015fekilde belli oluyor. T\u00fcyleri k\u0131sa iken daha da belirgindi ama uzad\u0131\u011f\u0131 i\u00e7in biraz \u015fekilleri bozuldu. Bu d\u00fcnyaya gelince bizzat yan\u0131ndayd\u0131m, ay-y\u0131ld\u0131z\u0131 g\u00f6r\u00fcnce \u00e7ok \u015fa\u015f\u0131rd\u0131k\u201d dedi.<\/p>\n<p>Geyik\u00e7eli ayr\u0131ca, uygun bir fiyat teklif edilmesi durumunda kuzuyu satmak istediklerini de s\u00f6zlerine ekledi.<\/p>\n","protected":false},"excerpt":{"rendered":"<p>KUZUNUN SAH\u0130B\u0130 HAYRETT\u0130N GEY\u0130K\u00c7EL\u0130, (SA\u011eDA) 3 AY \u00d6NCE D\u00dcNYAYA GELEN KUZUNUN \u00dcZER\u0130NDE DO\u011eDU\u011eUNDA AY-YILDIZ VE ASKERE BENZEYEN B\u0130R F\u0130G\u00dcR OLDU\u011eUNU S\u00d6YLED\u0130. GEY\u0130K\u00c7EL\u0130, \u201cS\u0130YAH OLDU\u011eU \u0130\u00c7\u0130N AY-YILDIZ NET B\u0130R \u015eEK\u0130LDE BELL\u0130 OLUYOR. T\u00dcYLER\u0130 KISA \u0130KEN DAHA DA BEL\u0130RG\u0130ND\u0130 AMA UZADI\u011eI \u0130\u00c7\u0130N B\u0130RAZ \u015eEK\u0130LLER\u0130 BOZULDU. BU D\u00dcNYAYA GEL\u0130NCE B\u0130ZZAT YANINDAYDIM, AY-YILDIZI G\u00d6R\u00dcNCE \u00c7OK \u015eA\u015eIRDIK\u201d DED\u0130.<\/p>\n","protected":false},"author":1,"featured_media":0,"comment_status":"closed","ping_status":"open","sticky":false,"template":"","format":"standard","meta":{"jetpack_post_was_ever_published":false,"_jetpack_newsletter_access":"","_jetpack_dont_email_post_to_subs":false,"_jetpack_newsletter_tier_id":0,"_jetpack_memberships_contains_paywalled_content":false,"_jetpack_memberships_contains_paid_content":false,"footnotes":"","jetpack_publicize_message":"","jetpack_publicize_feature_enabled":true,"jetpack_social_post_already_shared":true,"jetpack_social_options":{"image_generator_settings":{"template":"highway","default_image_id":0,"font":"","enabled":false},"version":2}},"categories":[1],"tags":[1001,25917,24377,23485,16740],"class_list":["post-259055","post","type-post","status-publish","format-standard","hentry","category-genel","tag-agir","tag-ay-yildizli","tag-dogustan","tag-kuzunun","tag-yuku"],"jetpack_publicize_connections":[],"jetpack_featured_media_url":"","jetpack_sharing_enabled":true,"jetpack_shortlink":"https:\/\/wp.me\/paKIfm-15oj","_links":{"self":[{"href":"http:\/\/www.tvturk.com\/index.php\/wp-json\/wp\/v2\/posts\/259055","targetHints":{"allow":["GET"]}}],"collection":[{"href":"http:\/\/www.tvturk.com\/index.php\/wp-json\/wp\/v2\/posts"}],"about":[{"href":"http:\/\/www.tvturk.com\/index.php\/wp-json\/wp\/v2\/types\/post"}],"author":[{"embeddable":true,"href":"http:\/\/www.tvturk.com\/index.php\/wp-json\/wp\/v2\/users\/1"}],"replies":[{"embeddable":true,"href":"http:\/\/www.tvturk.com\/index.php\/wp-json\/wp\/v2\/comments?post=259055"}],"version-history":[{"count":0,"href":"http:\/\/www.tvturk.com\/index.php\/wp-json\/wp\/v2\/posts\/259055\/revisions"}],"wp:attachment":[{"href":"http:\/\/www.tvturk.com\/index.php\/wp-json\/wp\/v2\/media?parent=259055"}],"wp:term":[{"taxonomy":"category","embeddable":true,"href":"http:\/\/www.tvturk.com\/index.php\/wp-json\/wp\/v2\/categories?post=259055"},{"taxonomy":"post_tag","embeddable":true,"href":"http:\/\/www.tvturk.com\/index.php\/wp-json\/wp\/v2\/tags?post=259055"}],"curies":[{"name":"wp","href":"https:\/\/api.w.org\/{rel}","templated":true}]}}