{"id":259061,"date":"2020-01-23T09:31:30","date_gmt":"2020-01-23T06:31:30","guid":{"rendered":"http:\/\/www.tvturk.com\/index.php\/kara-elmas-nicaea-iznik-markasiyla-cok-yakinda-raflarda-olacak\/"},"modified":"2020-01-23T09:31:30","modified_gmt":"2020-01-23T06:31:30","slug":"kara-elmas-nicaea-iznik-markasiyla-cok-yakinda-raflarda-olacak","status":"publish","type":"post","link":"http:\/\/www.tvturk.com\/index.php\/kara-elmas-nicaea-iznik-markasiyla-cok-yakinda-raflarda-olacak\/","title":{"rendered":"Kara elmas, &#8220;Nicaea-\u0130znik&#8221; markas\u0131yla \u00e7ok yak\u0131nda raflarda olacak"},"content":{"rendered":"<p>Marmarabirlik Ba\u015fkan\u0131 Hidamet Asa, \u201cNicaea-\u0130znik markas\u0131 ile \u0130znik\u2019e mahsus zeytinlerin \u00e7ok k\u0131sa s\u00fcrede raflarda yerini alaca\u011f\u0131n\u0131 belirterek, &#8220;So\u011fuk hava deposu ile ilgili \u00e7ok \u00f6nemli bir firma ile anla\u015fmak \u00fczereyiz. Burada \u00fcretilip yurt d\u0131\u015f\u0131na ihracat yap\u0131lacak. \u0130znik ZEYKOP so\u011fuk hava depomuz bir marka olacak ve 150 ki\u015fiye istihdam sa\u011flanacak\u201d dedi.<\/p>\n<p>Marmarabirlik Y\u00f6netim Kurulu Ba\u015fkan\u0131 Hidamet Asa, \u0130znik Zeytin Kooperatifi Ba\u015fkan\u0131 Ali Bulut ve y\u00f6netim kurulu \u00fcyeleri ile birlikte \u0130znik Ticaret ve Sanayi Odas\u0131 Ba\u015fkan\u0131 Mahmut Dede ve y\u00f6netimini ziyaret etti. \u0130ade-i ziyarette bulunduklar\u0131n\u0131 ifade eden Hidamet Asa, kuruma zarar vermeden, m\u00fchsahsili de ma\u011fdur etmeden bu zor y\u0131l\u0131n \u00fcstesinden geldiklerini belirterek, \u00fcr\u00fcn al\u0131m kampanyas\u0131 hakk\u0131nda \u0130TSO \u00fcyelerine bilgiler verdi. Asa, \u201c2019 y\u0131l\u0131nda 39 bin 500 ton \u00fcr\u00fcn sat\u0131\u015f\u0131 ve 600 milyon TL ciroya ula\u015ft\u0131k. Marmarabirlik\u2019in 2020 hedefi, y\u00fczde % 14\u2019l\u00fck art\u0131\u015fla 45 bin ton \u00fcr\u00fcn sat\u0131\u015f\u0131 ve 700 milyon TL ciro. Bug\u00fcn\u00fc de\u011fil yar\u0131n\u0131 d\u00fc\u015f\u00fcn\u00fcyoruz. 2023 y\u0131l\u0131nda 1 milyar ciro hedefine emin ad\u0131mlarla ilerliyoruz\u201d dedi.<\/p>\n<p>\u0130TSO Ba\u015fkan\u0131 Dede, \u0130zniklilerin Ba\u015fkan Hidamet Asa\u2019ya sahip \u00e7\u0131kmalar\u0131 gerekti\u011fini belirterek, Marmarabirlik\u2019in \u00f6n\u00fcm\u00fczdeki y\u0131llarda hedefini y\u00fckselterek \u00fcr\u00fcn al\u0131m\u0131n\u0131n  70-80 bin ton seviyesine \u00e7\u0131kar\u0131lmas\u0131 gerekti\u011fini ifade etti. Asa ise, &#8220;2023 hedeflerimizden biri de y\u0131lda 50-55 bin ton \u00fcr\u00fcn satmak. Fire eklendi\u011finde bunun da en az 70 bin ton \u00fcr\u00fcn sat\u0131\u015f\u0131 anlam\u0131na gelecek&#8221; diye konu\u015ftu.<\/p>\n<p>Ton ba\u015f\u0131na bedel alarak kota sat\u0131lmas\u0131 sebebi ile birileri kazan\u00e7 sa\u011flarken baz\u0131 ortaklar\u0131n da ma\u011fdur oldu\u011funu \u00fcz\u00fclerek g\u00f6rd\u00fcklerini belirten Asa, bu ma\u011fduriyetlerin \u00f6n\u00fcne ge\u00e7mek i\u00e7in \u201cortakl\u0131k g\u00fcncellemesi\u201d yapacaklar\u0131n\u0131 s\u00f6yledi.  Asa, &#8220;Bundan 20 y\u0131l \u00f6nce 30 yol \u00f6nce ortak olan bir \u00fcreticinin \u015fu an bir dikili a\u011fac\u0131 olmad\u0131\u011f\u0131 halde ge\u00e7mi\u015fteki haklar\u0131 sebebi ile teslimat hakk\u0131 y\u00fcksek olabiliyor. Bu ki\u015filerin ton ba\u015f\u0131na kota satt\u0131klar\u0131n\u0131 duymaktay\u0131z. Yap\u0131lacak olan ortakl\u0131k g\u00fcncellemesiyle ortaklar\u0131m\u0131zdan \u00fczerine kay\u0131tl\u0131 ger\u00e7ek sahibi olduklar\u0131 tapular\u0131 ibraz etmeleri istenecek. B\u00f6ylece \u00f6n\u00fcm\u00fczde sezon ger\u00e7ek anlamda rekolte beyannamesi verilece\u011fini umuyorum. Asl\u0131nda bu kampanya d\u00f6neminde kooperatife ortak olanlar de\u011fil, ortak olmayanlar\u0131n daha \u00e7ok \u00fcr\u00fcn teslim etmek istemesinden kaynakl\u0131 s\u0131k\u0131nt\u0131 ya\u015fad\u0131k, bu g\u00fcncelleme ile bu s\u0131k\u0131nt\u0131lar\u0131nda \u00f6n\u00fcne ge\u00e7ece\u011fiz\u201d dedi.<\/p>\n<p>Nicaea\u2013\u0130znik markas\u0131 zeytinler raflarda olacak<\/p>\n<p>Marmarabirlik\u2019in piyasada rekabet edebilen bir kurum haline geldi\u011fini belirten Asa, &#8220;Gayemiz daha \u00e7ok \u00fcr\u00fcn almak ve satmak. Planlad\u0131\u011f\u0131m\u0131z gibi yolumuza devam ediyoruz. Hem\u015ferilerimin bizlere iletti\u011fi \u00f6nemli bir konu vard\u0131, \u00e7ok k\u0131sa bir zamanda onu da hayata ge\u00e7iriyoruz. Nicaea-\u0130znik markal\u0131 zeytinler \u00f6n\u00fcm\u00fczdeki g\u00fcnlerden itibaren raflarda olacak. \u00c7ok b\u00fcy\u00fck ve \u00e7ok zahmetli bir hizmeti b\u00fcy\u00fck u\u011fra\u015flar sonucu \u0130znik\u2019e kazand\u0131rd\u0131k. Vatanda\u015flardan ve ortaklardan takdir beklerken bu konuda ele\u015ftirilmelere \u00fcz\u00fcl\u00fcyoruz. ZEYKOP so\u011fuk hava deposunu il\u00e7emizin gelece\u011finin projesi olarak g\u00f6r\u00fcyoruz. Baz\u0131 hizmetlerin k\u0131ymeti daha sonra anla\u015f\u0131l\u0131yor. Zaman bizi hakl\u0131 \u00e7\u0131karacakt\u0131r. \u00d6n\u00fcm\u00fczdeki g\u00fcnlerde ya\u015fanacak geli\u015fmelerle birlikte \u0130znik halk\u0131 ne demek istedi\u011fimizi \u00e7ok iyi anlayacak. \u015eu an T\u00fcrkiye\u2019nin \u00f6nde gelen bir firmas\u0131 ile anla\u015fma a\u015famas\u0131nday\u0131z. Bu anla\u015fmay\u0131 sonland\u0131rabilirsek so\u011fuk hava deposunda en az 150 ki\u015fiye istihdam sa\u011flanacak ve \u0130znik\u2019te yap\u0131lan \u00fcretim yurt d\u0131\u015f\u0131na \u0130hra\u00e7 edilecek. Hep birlikte g\u00f6rece\u011fiz so\u011fuk hava deposu bir marka haline gelecek\u201d \u015feklinde konu\u015ftu.<\/p>\n<p>Destekleme \u00e7ok \u00f6nemli<\/p>\n<p>Asa, &#8220;T\u00fcrkiye\u2019de ilk defa sofral\u0131k zeytine kilogram ba\u015f\u0131 15 kuru\u015fluk prim deste\u011fi geldi. D\u00fcnyada ve \u00fclkemizde stratejik bir \u00f6neme sahip olan sofral\u0131k zeytine prim deste\u011fi verilecek olmas\u0131n\u0131n sekt\u00f6re b\u00fcy\u00fck katk\u0131s\u0131 olacak. 2011 y\u0131l\u0131ndan beri bu destek i\u00e7in Marmarabirlik olarak b\u00fcy\u00fck \u00e7aba sarf ettik, bug\u00fcn kilo ba\u015f\u0131na 15 kuru\u015f az denilebilir. Bug\u00fcn \u00fcretici 15 kuru\u015fu az g\u00f6r\u00fcp m\u00fcracaat etmese 15 kuru\u015fluk deste\u011fin yukar\u0131ya \u00e7\u0131kmas\u0131n\u0131 da engellemi\u015f olacakt\u0131r. Dolay\u0131s\u0131yla \u00fcreticinin talep etmedi\u011fi g\u00f6r\u00fcl\u00fcrse bakanl\u0131k taraf\u0131ndan bu desteklerin \u00f6n\u00fc t\u0131kan\u0131r. Bu deste\u011fin yukar\u0131ya \u00e7\u0131kmas\u0131 i\u00e7in \u00f6nce talep g\u00f6rmesi laz\u0131m. \u00dcreticilerimizin tamam\u0131n\u0131n bu destekten faydalanmas\u0131 ilerisi i\u00e7in \u00e7ok b\u00fcy\u00fck \u00f6nem arz etmektedir\u201d dedi.<\/p>\n","protected":false},"excerpt":{"rendered":"<p>S\u0130YAH ALTIN N\u0130CAEA- \u0130ZN\u0130K MARKASIYLA \u00c7OK YAKINDA RAFLARDA OLACAK.<\/p>\n","protected":false},"author":1,"featured_media":0,"comment_status":"closed","ping_status":"open","sticky":false,"template":"","format":"standard","meta":{"jetpack_post_was_ever_published":false,"_jetpack_newsletter_access":"","_jetpack_dont_email_post_to_subs":false,"_jetpack_newsletter_tier_id":0,"_jetpack_memberships_contains_paywalled_content":false,"_jetpack_memberships_contains_paid_content":false,"footnotes":"","jetpack_publicize_message":"","jetpack_publicize_feature_enabled":true,"jetpack_social_post_already_shared":true,"jetpack_social_options":{"image_generator_settings":{"template":"highway","default_image_id":0,"font":"","enabled":false},"version":2}},"categories":[19],"tags":[63943,105,12611,2053,44087,1189,8319,4106],"class_list":["post-259061","post","type-post","status-publish","format-standard","hentry","category-ekonomi","tag-nicaea-iznik","tag-cok","tag-elmas","tag-kara","tag-markasiyla","tag-olacak","tag-raflarda","tag-yakinda"],"jetpack_publicize_connections":[],"jetpack_featured_media_url":"","jetpack_sharing_enabled":true,"jetpack_shortlink":"https:\/\/wp.me\/paKIfm-15op","_links":{"self":[{"href":"http:\/\/www.tvturk.com\/index.php\/wp-json\/wp\/v2\/posts\/259061","targetHints":{"allow":["GET"]}}],"collection":[{"href":"http:\/\/www.tvturk.com\/index.php\/wp-json\/wp\/v2\/posts"}],"about":[{"href":"http:\/\/www.tvturk.com\/index.php\/wp-json\/wp\/v2\/types\/post"}],"author":[{"embeddable":true,"href":"http:\/\/www.tvturk.com\/index.php\/wp-json\/wp\/v2\/users\/1"}],"replies":[{"embeddable":true,"href":"http:\/\/www.tvturk.com\/index.php\/wp-json\/wp\/v2\/comments?post=259061"}],"version-history":[{"count":0,"href":"http:\/\/www.tvturk.com\/index.php\/wp-json\/wp\/v2\/posts\/259061\/revisions"}],"wp:attachment":[{"href":"http:\/\/www.tvturk.com\/index.php\/wp-json\/wp\/v2\/media?parent=259061"}],"wp:term":[{"taxonomy":"category","embeddable":true,"href":"http:\/\/www.tvturk.com\/index.php\/wp-json\/wp\/v2\/categories?post=259061"},{"taxonomy":"post_tag","embeddable":true,"href":"http:\/\/www.tvturk.com\/index.php\/wp-json\/wp\/v2\/tags?post=259061"}],"curies":[{"name":"wp","href":"https:\/\/api.w.org\/{rel}","templated":true}]}}