{"id":259102,"date":"2020-01-23T10:17:21","date_gmt":"2020-01-23T07:17:21","guid":{"rendered":"http:\/\/www.tvturk.com\/index.php\/ozel-ogrenciler-icin-destek-egitim-odasi-sayisinda-hedef-gerceklesti\/"},"modified":"2020-01-23T10:17:21","modified_gmt":"2020-01-23T07:17:21","slug":"ozel-ogrenciler-icin-destek-egitim-odasi-sayisinda-hedef-gerceklesti","status":"publish","type":"post","link":"http:\/\/www.tvturk.com\/index.php\/ozel-ogrenciler-icin-destek-egitim-odasi-sayisinda-hedef-gerceklesti\/","title":{"rendered":"\u00d6zel \u00f6\u011frenciler i\u00e7in destek e\u011fitim odas\u0131 say\u0131s\u0131nda hedef ger\u00e7ekle\u015fti"},"content":{"rendered":"<p>Kayna\u015ft\u0131rma yoluyla e\u011fitim g\u00f6ren \u00f6zel \u00f6\u011frenciler i\u00e7in olu\u015fturulan destek e\u011fitim odalar\u0131n\u0131n say\u0131s\u0131 400\u2019e ula\u015ft\u0131.<\/p>\n<p>Kayna\u015ft\u0131rma yoluyla akranlar\u0131yla ayn\u0131 s\u0131n\u0131fta e\u011fitimlerine devam eden ve \u00f6zel e\u011fitime ihtiya\u00e7 duyan \u00f6\u011frenciler i\u00e7in olu\u015fturulan yeni standartlarda destek e\u011fitim odalar\u0131n\u0131n 2019 y\u0131l\u0131 sonuna kadar 81 ile yayg\u0131nla\u015ft\u0131r\u0131lmas\u0131 hedeflenmi\u015fti. Milli E\u011fitim Bakanl\u0131\u011f\u0131, bu hedefe 2019 bitmeden ula\u015f\u0131nca her ilde en az 1, toplamda 200 adet olan yeni destek e\u011fitim odas\u0131 say\u0131s\u0131nda hedef b\u00fcy\u00fct\u00fcld\u00fc. 2019 y\u0131l\u0131nda 33 ilde 79 yeni destek e\u011fitim odas\u0131yla ba\u015flayan \u00f6zel \u00f6\u011frencilerin e\u011fitim ortamlar\u0131n\u0131 iyile\u015ftirme \u00e7al\u0131\u015fmalar\u0131, 2020 y\u0131l\u0131 ba\u015f\u0131nda b\u00fcy\u00fck bir \u00e7abayla 400\u2019e ula\u015ft\u0131r\u0131ld\u0131. \u0130lk ad\u0131m olarak yeni standartlarda destek e\u011fitim odas\u0131 bulunmayan 48 ilde bu odalar\u0131n kurulmas\u0131, var olan illerde de say\u0131n\u0131n art\u0131r\u0131lmas\u0131 planland\u0131. 121 yeni destek e\u011fitim odas\u0131 ile bu hedef ba\u015far\u0131yla tamamland\u0131.<\/p>\n<p>Konu ile ilgili de\u011ferlendirmede bulunan Milli E\u011fitim Bakan\u0131 Ziya Sel\u00e7uk, \u201c2019 y\u0131l\u0131 sonunda \u00f6zel \u00e7ocuklar\u0131m\u0131z i\u00e7in 81 ilde en az 1, toplamda 200 yeni destek e\u011fitim odam\u0131z olacak demi\u015ftik. Ge\u00e7en y\u0131l\u0131n ba\u015f\u0131nda belirlenen standartta sadece 33 ilde hizmet veren 79 destek e\u011fitim odas\u0131 bulunuyordu. Bu ama\u00e7la gerekli \u00e7al\u0131\u015fmalar\u0131 yapt\u0131k ve kayna\u011f\u0131 olu\u015fturduk. \u00d6zel E\u011fitim ve Rehberlik Genel M\u00fcd\u00fcrl\u00fc\u011f\u00fcm\u00fcz ve t\u00fcm il m\u00fcd\u00fcrlerimiz 121 yeni destek e\u011fitim odas\u0131 kurulmas\u0131 ve hizmete al\u0131nmas\u0131 i\u00e7in \u00e7al\u0131\u015fmalar\u0131n\u0131 k\u0131sa s\u00fcrede tamamlad\u0131lar. Ve 81 ilde yeni standartlara g\u00f6re kurulmu\u015f toplam 200 destek e\u011fitim odas\u0131 \u00f6zel e\u011fitim \u00f6\u011frencilerimizin hizmetine sunduk. Baz\u0131 illerimizde yeni standartlarda sadece bir tane destek e\u011fitim odas\u0131 olmas\u0131 bu hizmetlere eri\u015fimi k\u0131s\u0131tl\u0131yordu. Hedefi b\u00fcy\u00fctmek zorundayd\u0131k.  200 ilave destek odas\u0131 kurmay\u0131 yeni hedef olarak koyduk. Burada \u00f6zellikle b\u00fcy\u00fck\u015fehirlerimize a\u011f\u0131rl\u0131k verdik. \u00d6rne\u011fin, \u0130stanbul\u2019daki yeni standartta destek e\u011fitim odas\u0131 say\u0131s\u0131 6\u2019dan 35\u2019e; Ankara\u2019da 10\u2019dan 25\u2019e; Antalya\u2019da 1\u2019den 10\u2019a; Gaziantep\u2019de 2\u2019den 10\u2019a; Konya\u2019da 4\u2019den 10\u2019a; Mersin\u2019de 5\u2019den 10\u2019a; Bursa\u2019da 4\u2019den 12\u2019ye; Kocaeli\u2019de 10\u2019a ve \u0130zmir\u2019de de 15\u2019e \u00e7\u0131kt\u0131. Art\u0131k 81 ilimizde yeni standartlara g\u00f6re kurulmu\u015f toplam 400 \u00f6zel e\u011fitim destek odas\u0131, \u00f6zel \u00f6\u011frencilerimizin hizmetine sunuldu. Destek konusunda kararl\u0131y\u0131z. T\u00fcm imkanlar\u0131m\u0131zla s\u00fcrece b\u00fcy\u00fck emek veren Bakan Yard\u0131mc\u0131m Mahmut \u00d6zer\u2019e, Strateji Dairesi Ba\u015fkanl\u0131\u011f\u0131na, \u00d6zel E\u011fitim ve Rehberlik Genel M\u00fcd\u00fcrl\u00fc\u011f\u00fcm\u00fcze ve t\u00fcm il m\u00fcd\u00fcrlerimize te\u015fekk\u00fcr ediyorum\u201d dedi.<\/p>\n<p>Destek e\u011fitim odas\u0131 nedir?<\/p>\n<p>Destek e\u011fitim odas\u0131, okul ve kurumlarda, kayna\u015ft\u0131rma\/b\u00fct\u00fcnle\u015ftirme yoluyla e\u011fitim uygulamalar\u0131 kapsam\u0131nda akranlar\u0131yla birlikte ayn\u0131 s\u0131n\u0131fta e\u011fitimlerine devam eden \u00f6zel e\u011fitim ihtiyac\u0131 olan \u00f6\u011frencilerin sunulan e\u011fitim hizmetlerinden en \u00fcst d\u00fczeyde yararlanmalar\u0131 amac\u0131yla \u00f6zel ara\u00e7 ve gere\u00e7ler ile e\u011fitim materyalleri sa\u011flanarak olu\u015fturulmu\u015f e\u011fitim ortamlar\u0131d\u0131r. Destek e\u011fitim odalar\u0131nda e\u011fitim alacak \u00f6\u011frenciler ile destek e\u011fitim alaca\u011f\u0131 dersler, bireyselle\u015ftirilmi\u015f e\u011fitim program\u0131 (BEP) geli\u015ftirme biriminin \u00f6nerileri do\u011frultusunda e\u011fitim \u00f6\u011fretim y\u0131l\u0131 ba\u015f\u0131nda belirlenmektedir. \u00d6zel e\u011fitim ihtiyac\u0131 olan her \u00f6\u011frencinin ihtiyac\u0131 do\u011frultusunda bu e\u011fitimden yararlanmas\u0131 sa\u011flanmaktad\u0131r. Destek e\u011fitim odas\u0131nda sunulacak hizmetler \u00f6\u011frencinin yarar\u0131 g\u00f6zetilerek uygun \u00f6\u011fretmen sa\u011flanmas\u0131 ve velinin onay\u0131 ile okulun \u00e7al\u0131\u015fma saatlerinde (\u00f6\u011frencinin ders saati i\u00e7inde veya d\u0131\u015f\u0131nda) planlanmaktad\u0131r.<\/p>\n","protected":false},"excerpt":{"rendered":"<p>KAYNA\u015eTIRMA YOLUYLA E\u011e\u0130T\u0130M G\u00d6REN \u00d6\u011eRENC\u0130LER \u0130\u00c7\u0130N OLU\u015eTURULAN \u2018DESTEK E\u011e\u0130T\u0130M ODALARI\u2019NIN SAYISI 400\u2019E ULA\u015eTI.<\/p>\n","protected":false},"author":1,"featured_media":0,"comment_status":"closed","ping_status":"open","sticky":false,"template":"","format":"standard","meta":{"jetpack_post_was_ever_published":false,"_jetpack_newsletter_access":"","_jetpack_dont_email_post_to_subs":false,"_jetpack_newsletter_tier_id":0,"_jetpack_memberships_contains_paywalled_content":false,"_jetpack_memberships_contains_paid_content":false,"footnotes":"","jetpack_publicize_message":"","jetpack_publicize_feature_enabled":true,"jetpack_social_post_already_shared":true,"jetpack_social_options":{"image_generator_settings":{"template":"highway","default_image_id":0,"font":"","enabled":false},"version":2}},"categories":[1],"tags":[1073,61,398,8901,2659,44,374,1293,15149],"class_list":["post-259102","post","type-post","status-publish","format-standard","hentry","category-genel","tag-ozel","tag-destek","tag-egitim","tag-gerceklesti","tag-hedef","tag-icin","tag-odasi","tag-ogrenciler","tag-sayisinda"],"jetpack_publicize_connections":[],"jetpack_featured_media_url":"","jetpack_sharing_enabled":true,"jetpack_shortlink":"https:\/\/wp.me\/paKIfm-15p4","_links":{"self":[{"href":"http:\/\/www.tvturk.com\/index.php\/wp-json\/wp\/v2\/posts\/259102","targetHints":{"allow":["GET"]}}],"collection":[{"href":"http:\/\/www.tvturk.com\/index.php\/wp-json\/wp\/v2\/posts"}],"about":[{"href":"http:\/\/www.tvturk.com\/index.php\/wp-json\/wp\/v2\/types\/post"}],"author":[{"embeddable":true,"href":"http:\/\/www.tvturk.com\/index.php\/wp-json\/wp\/v2\/users\/1"}],"replies":[{"embeddable":true,"href":"http:\/\/www.tvturk.com\/index.php\/wp-json\/wp\/v2\/comments?post=259102"}],"version-history":[{"count":0,"href":"http:\/\/www.tvturk.com\/index.php\/wp-json\/wp\/v2\/posts\/259102\/revisions"}],"wp:attachment":[{"href":"http:\/\/www.tvturk.com\/index.php\/wp-json\/wp\/v2\/media?parent=259102"}],"wp:term":[{"taxonomy":"category","embeddable":true,"href":"http:\/\/www.tvturk.com\/index.php\/wp-json\/wp\/v2\/categories?post=259102"},{"taxonomy":"post_tag","embeddable":true,"href":"http:\/\/www.tvturk.com\/index.php\/wp-json\/wp\/v2\/tags?post=259102"}],"curies":[{"name":"wp","href":"https:\/\/api.w.org\/{rel}","templated":true}]}}