{"id":259106,"date":"2020-01-23T10:31:49","date_gmt":"2020-01-23T07:31:49","guid":{"rendered":"http:\/\/www.tvturk.com\/index.php\/iran-cumhurbaskani-yardimcisi-sattari-turkiye-yanimizda-olursa-abd-ambargolarina-karsi-dik-durabiliriz\/"},"modified":"2020-01-23T10:31:49","modified_gmt":"2020-01-23T07:31:49","slug":"iran-cumhurbaskani-yardimcisi-sattari-turkiye-yanimizda-olursa-abd-ambargolarina-karsi-dik-durabiliriz","status":"publish","type":"post","link":"http:\/\/www.tvturk.com\/index.php\/iran-cumhurbaskani-yardimcisi-sattari-turkiye-yanimizda-olursa-abd-ambargolarina-karsi-dik-durabiliriz\/","title":{"rendered":"\u0130ran Cumhurba\u015fkan\u0131 Yard\u0131mc\u0131s\u0131 Sattari: \u201cT\u00fcrkiye yan\u0131m\u0131zda olursa ABD ambargolar\u0131na kar\u015f\u0131 dik durabiliriz\u201d"},"content":{"rendered":"<p>T\u00fcrkiye-\u0130ran aras\u0131ndaki ili\u015fkiyi \u2018kadim\u2019 olarak tan\u0131mlayan \u0130ran Cumhurba\u015fkan\u0131 Yard\u0131mc\u0131s\u0131 Sattari, \u201cT\u00fcrkiye sayesinde b\u00f6lgede ayaklar\u0131m\u0131z\u0131n \u00fczerinde durup, ABD ambargolar\u0131n\u0131 reddedebiliriz. Bu i\u015fbirlikleri i\u00e7in her t\u00fcrl\u00fc altyap\u0131y\u0131 sa\u011flamaya haz\u0131r\u0131z\u201d dedi.<\/p>\n<p>\u0130ran\u2019\u0131n Bilim ve Teknolojiden Sorumlu Cumhurba\u015fkan\u0131 Yard\u0131mc\u0131s\u0131 Sorena Sattari, T\u00fcrkiye ile \u0130ran aras\u0131ndaki ticareti ve teknoloji odakl\u0131 ekonomik i\u015fbirli\u011fini art\u0131rmay\u0131 ama\u00e7layan 3 g\u00fcnl\u00fck ziyareti kapsam\u0131nda \u0130ran Ba\u015fkonsoloslu\u011funda d\u00fczenlenen programda a\u00e7\u0131klamalarda bulundu.<\/p>\n<p>\u201c\u0130li\u015fkilerimiz kadimdir\u201d<\/p>\n<p>T\u00fcrkiye ile \u0130ran ili\u015fkilerini de\u011ferlendiren Sattari, \u201cSizlerin kar\u015f\u0131s\u0131nda olmaktan b\u00fcy\u00fck mutluluk duyuyorum. Bizim ili\u015fkilerimiz kadimdir. T\u00fcrkiye ile ili\u015fkilerimiz y\u00fczy\u0131llard\u0131r iyi niyetli olarak devam etmekte, 60 y\u0131la yak\u0131n zamand\u0131r iki \u00fclke aras\u0131nda vize muafiyeti var\u201d dedi.<\/p>\n<p>\u0130ran ekonomisi hakk\u0131nda bilgi veren Sattari, \u0130ran\u2019\u0131n petrol ve do\u011falgaz\u0131n yan\u0131nda \u00fcretti\u011fi yerli teknoloji ile b\u00f6lgede \u00f6nde gelen \u00fclke oldu\u011funu belirtti.<\/p>\n<p>\u201cABD ambargosu nedeniyle teknoloji \u00fcretmeyi \u00f6\u011frendik\u201d<\/p>\n<p>Son 5 y\u0131ld\u0131r \u0130ran ekonomisinin insan g\u00fcc\u00fc olarak zenginle\u015fti\u011fini anlatan Sattari, \u201c4 milyon \u00f6\u011frenci 14 milyon y\u00fcksek \u00f6\u011frenim g\u00f6rm\u00fc\u015f vatanda\u015f\u0131m\u0131z var. 6 y\u0131l \u00f6nce Ruhani d\u00f6neminde ekonomide insan g\u00fcc\u00fcn\u00fc ortaya \u00e7\u0131kard\u0131k. 40 y\u0131l\u0131 a\u015fk\u0131n ABD ambargosuyla kar\u015f\u0131 kar\u015f\u0131yay\u0131z. Bu ambargo nedeniyle insan g\u00fcc\u00fcm\u00fcz\u00fc yerel teknoloji ile birlikte geli\u015ftirdik. B\u00f6ylece kendi ayaklar\u0131m\u0131z\u0131n \u00fczerinde durmay\u0131 ve yerli teknolojiyi geli\u015ftirmeyi \u00f6\u011frendik\u201d ifadelerini kulland\u0131.<\/p>\n<p>\u201cT\u00fcrkiye ile ucuz \u015fekilde biyoteknoloji alan\u0131nda ortakl\u0131k yapabiliriz\u201d<\/p>\n<p>Teknoloji alan\u0131nda T\u00fcrk ortaklarla \u00e7al\u0131\u015fmaya haz\u0131r olduklar\u0131n\u0131 s\u00f6yleyen Sattari, \u201cBiyoteknoloji ve \u0130T buna benzer teknolojilerde b\u00f6lgede \u00f6nde geliyoruz. \u0130ran\u2019daki teknoloji firmalar\u0131n\u0131n geli\u015fmesiyle b\u00fcy\u00fck firmalara sahip olduk. Bu teknolojilerin hepsi yerli. \u00c7ok ucuz bir \u015fekilde bu teknolojiyi T\u00fcrk i\u015fadamlar\u0131na verebiliriz. \u00d6rnek olarak kulland\u0131\u011f\u0131m\u0131z ila\u00e7lar\u0131n y\u00fczde 98\u2019ini \u0130ran\u2019da \u00fcretiyoruz. Biyoteknoloji bak\u0131m\u0131nda b\u00fcy\u00fck firmalara sahibiz. Bu firmalar\u0131m\u0131z T\u00fcrkiye\u2019de yat\u0131r\u0131ma ba\u015flad\u0131. Bu firmalarda T\u00fcrkiye\u2019de 6 bin ki\u015filik istihdam sa\u011fl\u0131yor\u201d dedi.<\/p>\n<p>\u201cEkonomi alan\u0131ndaki yeni neslimiz T\u00fcrk firmalar\u0131 i\u00e7in g\u00fcvenilir ortak olabilirler\u201d<\/p>\n<p>\u0130ran\u2019\u0131n T\u00fcrkiye\u2019yi d\u00fcnyaya a\u00e7\u0131lan kap\u0131 olarak g\u00f6rd\u00fc\u011f\u00fcn\u00fc vurgulayan Sattari, \u201c\u0130ran\u2019da ekonomide yeni bir nesil do\u011fuyor. Bu nesil hem gen\u00e7 hem atak hem de bilimde \u00f6nde. \u0130ran\u2019\u0131n ekonomisi ge\u00e7mi\u015fteki gibi petrol ve do\u011falgaza ba\u011f\u0131ml\u0131 de\u011fil. Ekonomi alan\u0131ndaki yeni neslimiz T\u00fcrk firmalar\u0131 i\u00e7in g\u00fcvenilir ortak olabilirler. Biz devletler olarak i\u015f adamlar\u0131m\u0131za k\u00f6pr\u00fc olmal\u0131y\u0131z. Altyap\u0131y\u0131 sa\u011flamal\u0131y\u0131z. Bu yoldaki sorunlar\u0131 varsa halletmek i\u00e7in buraday\u0131m\u201d diye konu\u015ftu.<\/p>\n<p>\u201cT\u00fcrkiye yan\u0131m\u0131zda olursa ABD ambargolar\u0131na kar\u015f\u0131 dik durabiliriz\u201d<\/p>\n<p>\u201cBizi ambargoya mahkum eden \u00fclkeler bizim dostlu\u011fumuzu elimizden alamazlar\u201d diyen Sattari, \u201cT\u00fcrkiye sayesinde b\u00f6lgede ayaklar\u0131m\u0131z\u0131n \u00fczerinde durup, ABD ambargolar\u0131n\u0131 reddedebiliriz. Bu i\u015fbirlikleri i\u00e7in her t\u00fcrl\u00fc altyap\u0131y\u0131 sa\u011flamaya haz\u0131r\u0131z\u201d \u015feklinde konu\u015ftu.<\/p>\n","protected":false},"excerpt":{"rendered":"<p>T\u00dcRK\u0130YE-\u0130RAN ARASINDAK\u0130 \u0130L\u0130\u015eK\u0130Y\u0130 \u2018KAD\u0130M\u2019 OLARAK TANIMLAYAN \u0130RAN CUMHURBA\u015eKANI YARDIMCISI SATTAR\u0130, \u201cT\u00dcRK\u0130YE SAYES\u0130NDE B\u00d6LGEDE AYAKLARIMIZIN \u00dcZER\u0130NDE DURUP, ABD AMBARGOLARINI REDDEDEB\u0130L\u0130R\u0130Z. BU \u0130\u015eB\u0130RL\u0130KLER\u0130 \u0130\u00c7\u0130N HER T\u00dcRL\u00dc ALTYAPIYI SA\u011eLAMAYA HAZIRIZ\u201d DED\u0130.<\/p>\n","protected":false},"author":1,"featured_media":0,"comment_status":"closed","ping_status":"open","sticky":false,"template":"","format":"standard","meta":{"jetpack_post_was_ever_published":false,"_jetpack_newsletter_access":"","_jetpack_dont_email_post_to_subs":false,"_jetpack_newsletter_tier_id":0,"_jetpack_memberships_contains_paywalled_content":false,"_jetpack_memberships_contains_paid_content":false,"footnotes":"","jetpack_publicize_message":"","jetpack_publicize_feature_enabled":true,"jetpack_social_post_already_shared":true,"jetpack_social_options":{"image_generator_settings":{"template":"highway","default_image_id":0,"font":"","enabled":false},"version":2}},"categories":[19],"tags":[1936,57257,503,26632,63954,548,2541,11589,63953,453,4923,199],"class_list":["post-259106","post","type-post","status-publish","format-standard","hentry","category-ekonomi","tag-abd","tag-ambargolarina","tag-cumhurbaskani","tag-dik","tag-durabiliriz","tag-iran","tag-karsi","tag-olursa","tag-sattari","tag-turkiye","tag-yanimizda","tag-yardimcisi"],"jetpack_publicize_connections":[],"jetpack_featured_media_url":"","jetpack_sharing_enabled":true,"jetpack_shortlink":"https:\/\/wp.me\/paKIfm-15p8","_links":{"self":[{"href":"http:\/\/www.tvturk.com\/index.php\/wp-json\/wp\/v2\/posts\/259106","targetHints":{"allow":["GET"]}}],"collection":[{"href":"http:\/\/www.tvturk.com\/index.php\/wp-json\/wp\/v2\/posts"}],"about":[{"href":"http:\/\/www.tvturk.com\/index.php\/wp-json\/wp\/v2\/types\/post"}],"author":[{"embeddable":true,"href":"http:\/\/www.tvturk.com\/index.php\/wp-json\/wp\/v2\/users\/1"}],"replies":[{"embeddable":true,"href":"http:\/\/www.tvturk.com\/index.php\/wp-json\/wp\/v2\/comments?post=259106"}],"version-history":[{"count":0,"href":"http:\/\/www.tvturk.com\/index.php\/wp-json\/wp\/v2\/posts\/259106\/revisions"}],"wp:attachment":[{"href":"http:\/\/www.tvturk.com\/index.php\/wp-json\/wp\/v2\/media?parent=259106"}],"wp:term":[{"taxonomy":"category","embeddable":true,"href":"http:\/\/www.tvturk.com\/index.php\/wp-json\/wp\/v2\/categories?post=259106"},{"taxonomy":"post_tag","embeddable":true,"href":"http:\/\/www.tvturk.com\/index.php\/wp-json\/wp\/v2\/tags?post=259106"}],"curies":[{"name":"wp","href":"https:\/\/api.w.org\/{rel}","templated":true}]}}