{"id":259110,"date":"2020-01-23T10:32:10","date_gmt":"2020-01-23T07:32:10","guid":{"rendered":"http:\/\/www.tvturk.com\/index.php\/ozel-minik-mukaddes-ambulans-ucakla-ankaraya-sevk-edildi\/"},"modified":"2020-01-23T10:32:10","modified_gmt":"2020-01-23T07:32:10","slug":"ozel-minik-mukaddes-ambulans-ucakla-ankaraya-sevk-edildi","status":"publish","type":"post","link":"http:\/\/www.tvturk.com\/index.php\/ozel-minik-mukaddes-ambulans-ucakla-ankaraya-sevk-edildi\/","title":{"rendered":"(\u00d6zel) Minik Mukaddes ambulans u\u00e7akla Ankara\u2019ya sevk edildi"},"content":{"rendered":"<p>Hakkari\u2019deki \u00f6zel bir kre\u015fte soluk borusuna yemek ka\u00e7an ve aylard\u0131r Van E\u011fitim ve Ara\u015ft\u0131rma Hastanesinde yatan Cevahir Mukaddes Akar, ambulans u\u00e7akla Ankara \u015eehir Hastanesine sevk edildi.<\/p>\n<p>Hakkari\u2019de \u00f6zel bir kre\u015fe giden 6 ya\u015f\u0131ndaki Cevahir Mukaddes Akar, soluk borusuna yemek ka\u00e7mas\u0131 nedeniyle Hakkari Devlet Hastanesine kald\u0131r\u0131lm\u0131\u015f, daha sonra Van E\u011fitim ve Ara\u015ft\u0131rma Hastanesine sevk edilmi\u015fti. Yakla\u015f\u0131k 70 g\u00fcnd\u00fcr Van E\u011fitim ve Ara\u015ft\u0131rma Hastanesinin yo\u011fun bak\u0131m b\u00f6l\u00fcm\u00fcnde tedavi g\u00f6ren minik k\u0131z, d\u00fcn gece saatlerinde tahsis edilen ambulans u\u00e7akla Ankara \u015eehir Hastanesine sevk edildi.<\/p>\n<p>Konuyla ilgili a\u00e7\u0131klamada bulunan baba Recep Akar, \u201cK\u0131z\u0131m yakla\u015f\u0131k 3 ayd\u0131r yo\u011fun bak\u0131mdayd\u0131. \u015eu anda Ankara\u2019ya tedavi i\u00e7in g\u00f6t\u00fcr\u00fcyoruz. Tek dile\u011fimiz, k\u0131z\u0131m\u0131z\u0131n sa\u011fl\u0131\u011f\u0131na kavu\u015fmas\u0131d\u0131r. Ben bu anlamda ilk g\u00fcnden bu ana kadar bizden desteklerini esirgemeyen Hakkari Valisi \u0130dris Akb\u0131y\u0131k ba\u015fta olmak \u00fczere AK Parti Hakkari \u0130l Ba\u015fkan\u0131 Emrullah G\u00fcr\u2019e, Hakkari \u0130l Sa\u011fl\u0131k M\u00fcd\u00fcr\u00fc Hamdullah Kara, Van \u0130l Sa\u011fl\u0131k M\u00fcd\u00fcr\u00fc Mahmut S\u00fcnnet\u00e7io\u011flu\u2019na \u00e7ok te\u015fekk\u00fcr ediyorum\u201d dedi.<\/p>\n","protected":false},"excerpt":{"rendered":"<p>HAKKAR\u0130&#8217;DEK\u0130 \u00d6ZEL B\u0130R KRE\u015eTE SOLUK BORUSUNA YEMEK KA\u00c7AN VE AYLARDIR VAN E\u011e\u0130T\u0130M VE ARA\u015eTIRMA HASTANES\u0130NDE YATAN CEVAH\u0130R MUKADDES AKAR, AMBULANS U\u00c7AKLA ANKARA \u015eEH\u0130R HASTANES\u0130NE SEVK ED\u0130LD\u0130.<\/p>\n","protected":false},"author":1,"featured_media":0,"comment_status":"closed","ping_status":"open","sticky":false,"template":"","format":"standard","meta":{"jetpack_post_was_ever_published":false,"_jetpack_newsletter_access":"","_jetpack_dont_email_post_to_subs":false,"_jetpack_newsletter_tier_id":0,"_jetpack_memberships_contains_paywalled_content":false,"_jetpack_memberships_contains_paid_content":false,"footnotes":"","jetpack_publicize_message":"","jetpack_publicize_feature_enabled":true,"jetpack_social_post_already_shared":true,"jetpack_social_options":{"image_generator_settings":{"template":"highway","default_image_id":0,"font":"","enabled":false},"version":2}},"categories":[1],"tags":[1073,4124,7873,857,1636,9181,856,25609],"class_list":["post-259110","post","type-post","status-publish","format-standard","hentry","category-genel","tag-ozel","tag-ambulans","tag-ankaraya","tag-edildi","tag-minik","tag-mukaddes","tag-sevk","tag-ucakla"],"jetpack_publicize_connections":[],"jetpack_featured_media_url":"","jetpack_sharing_enabled":true,"jetpack_shortlink":"https:\/\/wp.me\/paKIfm-15pc","_links":{"self":[{"href":"http:\/\/www.tvturk.com\/index.php\/wp-json\/wp\/v2\/posts\/259110","targetHints":{"allow":["GET"]}}],"collection":[{"href":"http:\/\/www.tvturk.com\/index.php\/wp-json\/wp\/v2\/posts"}],"about":[{"href":"http:\/\/www.tvturk.com\/index.php\/wp-json\/wp\/v2\/types\/post"}],"author":[{"embeddable":true,"href":"http:\/\/www.tvturk.com\/index.php\/wp-json\/wp\/v2\/users\/1"}],"replies":[{"embeddable":true,"href":"http:\/\/www.tvturk.com\/index.php\/wp-json\/wp\/v2\/comments?post=259110"}],"version-history":[{"count":0,"href":"http:\/\/www.tvturk.com\/index.php\/wp-json\/wp\/v2\/posts\/259110\/revisions"}],"wp:attachment":[{"href":"http:\/\/www.tvturk.com\/index.php\/wp-json\/wp\/v2\/media?parent=259110"}],"wp:term":[{"taxonomy":"category","embeddable":true,"href":"http:\/\/www.tvturk.com\/index.php\/wp-json\/wp\/v2\/categories?post=259110"},{"taxonomy":"post_tag","embeddable":true,"href":"http:\/\/www.tvturk.com\/index.php\/wp-json\/wp\/v2\/tags?post=259110"}],"curies":[{"name":"wp","href":"https:\/\/api.w.org\/{rel}","templated":true}]}}