{"id":259132,"date":"2020-01-23T11:02:40","date_gmt":"2020-01-23T08:02:40","guid":{"rendered":"http:\/\/www.tvturk.com\/index.php\/ozel-haber-kaleci-haydar-yilmaz-transfer-surecini-anlatti\/"},"modified":"2020-01-23T11:02:40","modified_gmt":"2020-01-23T08:02:40","slug":"ozel-haber-kaleci-haydar-yilmaz-transfer-surecini-anlatti","status":"publish","type":"post","link":"http:\/\/www.tvturk.com\/index.php\/ozel-haber-kaleci-haydar-yilmaz-transfer-surecini-anlatti\/","title":{"rendered":"(\u00d6zel haber) Kaleci Haydar Y\u0131lmaz, transfer s\u00fcrecini anlatt\u0131"},"content":{"rendered":"<p>Gaziantep Futbol Kul\u00fcb\u00fc\u2019n\u00fcn ge\u00e7ti\u011fimiz g\u00fcnlerde Alanyaspor\u2019dan kadrosuna katt\u0131\u011f\u0131 tecr\u00fcbeli kaleci Haydar Y\u0131lmaz, transferin \u00e7ok h\u0131zl\u0131 geli\u015fti\u011fini ve Gaziantep FK y\u00f6neticilerinin kendisine \u00e7ok s\u0131cak davrand\u0131\u011f\u0131n\u0131 s\u00f6yledi.<\/p>\n<p>Gaziantep FK\u2019n\u0131n Alanyaspor\u2019dan sezon sonuna kadar kadrosuna kiralad\u0131\u011f\u0131 tecr\u00fcbeli kaleci Haydar Y\u0131lmaz, transfer s\u00fcreci ile ilgili \u0130hlas Haber Ajans\u0131 (\u0130HA) muhabirine a\u00e7\u0131klamalarda bulundu. Gaziantep ekibine geldi\u011fi i\u00e7in mutlu oldu\u011funu belirten Y\u0131lmaz, yeni tak\u0131m\u0131nda \u00e7ok s\u0131cak kar\u015f\u0131land\u0131\u011f\u0131n\u0131 ve kaleci G\u00fcnay G\u00fcven\u00e7 ile tatl\u0131 bir rekabete gireceklerini de aktard\u0131.<\/p>\n<p>&#8220;Transferim \u00e7ok h\u0131zl\u0131 geli\u015f ve k\u0131sa zamanda bitti&#8221;<\/p>\n<p>Transferin \u00e7ok h\u0131zl\u0131 geli\u015fti\u011fini ve Gaziantep FK y\u00f6neticilerinin kendisine \u00e7ok s\u0131cak davrand\u0131\u011f\u0131n\u0131 s\u00f6yleyen Haydar Y\u0131lmaz, &#8220;Sanki transferin son g\u00fcn\u00fcym\u00fc\u015f gibi geli\u015fti her \u015fey. Y\u00f6neticilerimiz Fenerbah\u00e7e ma\u00e7\u0131n\u0131n kadrosunda olmam i\u00e7in \u00e7ok gayret g\u00f6sterdi. Buraya gelirken g\u00f6rd\u00fc\u011f\u00fcm g\u00fcven ve iyi niyet kendimi de\u011ferli hissetmemi sa\u011flad\u0131. Bana kar\u015f\u0131 herkes \u00e7ok samimiydi. O y\u00fczden \u00e7ok fazla d\u00fc\u015f\u00fcnecek, oyalanacak bir durum yoktu. G\u00f6n\u00fcl rahatl\u0131\u011f\u0131yla gelip imzay\u0131 att\u0131m. Burada oldu\u011fum i\u00e7in mutlu ve keyifliyim&#8221; dedi.<\/p>\n<p>&#8220;Gaziantep\u2019e gelmek de\u011fi\u015fik bir macera olacak&#8221;<\/p>\n<p>Uzun y\u0131llar Alanyaspor formas\u0131n\u0131 terletti\u011fini ve oradan Gaziantep\u2019e gelmesinin kendisi i\u00e7in de\u011fi\u015fik bir macera olaca\u011f\u0131n\u0131 belirten Haydar Y\u0131lmaz, &#8220;Uzun y\u0131llar boyunca Alanyaspor formas\u0131 giydim. Oras\u0131 da benim bir evim. Kiral\u0131k geldim buraya ve tekrar Alanya\u2019ya d\u00f6nece\u011fim ama futbolda neyin ne olaca\u011f\u0131 belli olmaz. Alanya\u2019dan Gaziantep\u2019e gelmek benim i\u00e7in de de\u011fi\u015fik bir macera olacak. Ama sonu\u00e7 olarak ben buraya geldi\u011fim i\u00e7in mutluyum&#8221; ifadelerini kulland\u0131.<\/p>\n<p>&#8220;G\u00fcnay ile tak\u0131m i\u00e7in \u00e7abalayaca\u011f\u0131z&#8221;<\/p>\n<p>Gaziantep FK\u2019da performans\u0131 ile dikkat \u00e7eken kaleci G\u00fcnay G\u00fcven\u00e7 ile tatl\u0131 bir rekabete gireceklerini de aktaran Haydar Y\u0131lmaz, &#8220;Ben ne kadar iyi olursam G\u00fcnay da o kadar iyi olur. \u0130kimiz de tak\u0131m i\u00e7in elimizden geleni yapaca\u011f\u0131 ve bu tak\u0131ma da olumlu yans\u0131yacakt\u0131r. G\u00fcnay da \u00e7ok kaliteli ve ge\u00e7mi\u015fte de \u00f6nemli ba\u015far\u0131lara imza atm\u0131\u015f, kariyeri belli olan bir isim. \u015eu anda da iyi bir \u00e7izgide ilerliyor. Ben de elimden geldi\u011fince ona tecr\u00fcbelerimle yard\u0131mc\u0131 olmaya \u00e7al\u0131\u015faca\u011f\u0131m&#8221; diye konu\u015ftu.<\/p>\n","protected":false},"excerpt":{"rendered":"<p>GAZ\u0130ANTEP FUTBOL KUL\u00dcB\u00dc\u2019N\u00dcN GE\u00c7T\u0130\u011e\u0130M\u0130Z G\u00dcNLERDE ALANYASPOR\u2019DAN KADROSUNA KATTI\u011eI TECR\u00dcBEL\u0130 KALEC\u0130 HAYDAR YILMAZ, \u201cTRANSFER\u0130M \u00c7OK HIZLI GEL\u0130\u015eT\u0130 VE KISA ZAMANDA B\u0130TT\u0130. \u00c7OK SICAK KAR\u015eILANDIM\u201d DED\u0130.<\/p>\n","protected":false},"author":1,"featured_media":0,"comment_status":"closed","ping_status":"open","sticky":false,"template":"","format":"standard","meta":{"jetpack_post_was_ever_published":false,"_jetpack_newsletter_access":"","_jetpack_dont_email_post_to_subs":false,"_jetpack_newsletter_tier_id":0,"_jetpack_memberships_contains_paywalled_content":false,"_jetpack_memberships_contains_paid_content":false,"footnotes":"","jetpack_publicize_message":"","jetpack_publicize_feature_enabled":true,"jetpack_social_post_already_shared":true,"jetpack_social_options":{"image_generator_settings":{"template":"highway","default_image_id":0,"font":"","enabled":false},"version":2}},"categories":[657],"tags":[1073,356,1545,15326,24663,15457,2518,4688],"class_list":["post-259132","post","type-post","status-publish","format-standard","hentry","category-spor","tag-ozel","tag-anlatti","tag-haber","tag-haydar","tag-kaleci","tag-surecini","tag-transfer","tag-yilmaz"],"jetpack_publicize_connections":[],"jetpack_featured_media_url":"","jetpack_sharing_enabled":true,"jetpack_shortlink":"https:\/\/wp.me\/paKIfm-15py","_links":{"self":[{"href":"http:\/\/www.tvturk.com\/index.php\/wp-json\/wp\/v2\/posts\/259132","targetHints":{"allow":["GET"]}}],"collection":[{"href":"http:\/\/www.tvturk.com\/index.php\/wp-json\/wp\/v2\/posts"}],"about":[{"href":"http:\/\/www.tvturk.com\/index.php\/wp-json\/wp\/v2\/types\/post"}],"author":[{"embeddable":true,"href":"http:\/\/www.tvturk.com\/index.php\/wp-json\/wp\/v2\/users\/1"}],"replies":[{"embeddable":true,"href":"http:\/\/www.tvturk.com\/index.php\/wp-json\/wp\/v2\/comments?post=259132"}],"version-history":[{"count":0,"href":"http:\/\/www.tvturk.com\/index.php\/wp-json\/wp\/v2\/posts\/259132\/revisions"}],"wp:attachment":[{"href":"http:\/\/www.tvturk.com\/index.php\/wp-json\/wp\/v2\/media?parent=259132"}],"wp:term":[{"taxonomy":"category","embeddable":true,"href":"http:\/\/www.tvturk.com\/index.php\/wp-json\/wp\/v2\/categories?post=259132"},{"taxonomy":"post_tag","embeddable":true,"href":"http:\/\/www.tvturk.com\/index.php\/wp-json\/wp\/v2\/tags?post=259132"}],"curies":[{"name":"wp","href":"https:\/\/api.w.org\/{rel}","templated":true}]}}