{"id":259142,"date":"2020-01-23T11:31:32","date_gmt":"2020-01-23T08:31:32","guid":{"rendered":"http:\/\/www.tvturk.com\/index.php\/wuhanda-ucuslar-iptal-edildi-kent-karantinaya-alindi\/"},"modified":"2020-01-23T11:31:32","modified_gmt":"2020-01-23T08:31:32","slug":"wuhanda-ucuslar-iptal-edildi-kent-karantinaya-alindi","status":"publish","type":"post","link":"http:\/\/www.tvturk.com\/index.php\/wuhanda-ucuslar-iptal-edildi-kent-karantinaya-alindi\/","title":{"rendered":"Wuhan\u2019da u\u00e7u\u015flar iptal edildi, kent karantinaya al\u0131nd\u0131"},"content":{"rendered":"<p>\u00c7in\u2019de ortaya \u00e7\u0131kan corona vir\u00fcs\u00fc salg\u0131n\u0131nda \u00f6lenlerin say\u0131s\u0131 17\u2019ye, toplam vaka say\u0131s\u0131 da 571\u2019e \u00e7\u0131kt\u0131. \u0130lk olarak \u00fclkenin Wuhan kentinde g\u00f6r\u00fclen vir\u00fcs nedeniyle kentin karantina alt\u0131na al\u0131nd\u0131\u011f\u0131 a\u00e7\u0131kland\u0131.<\/p>\n<p>\u00c7in\u2019in Wuhan kentinde, toplu ta\u015f\u0131malar\u0131n iptal edildi\u011fi ve d\u0131\u015f hatlara u\u00e7u\u015flar\u0131n ask\u0131ya al\u0131nd\u0131\u011f\u0131 a\u00e7\u0131kland\u0131. Corona vir\u00fcs\u00fc salg\u0131n\u0131nda \u00f6lenlerin say\u0131s\u0131n\u0131n ise 17 oldu\u011fu toplam vaka say\u0131s\u0131n\u0131n ise 571\u2019e \u00e7\u0131kt\u0131\u011f\u0131 ifade edildi. Bug\u00fcn yay\u0131nlanan bildiride otob\u00fcsler, metrolar, trenler dahil t\u00fcm toplu ula\u015f\u0131m\u0131n ve u\u00e7u\u015flar\u0131n ask\u0131ya al\u0131nd\u0131\u011f\u0131 a\u00e7\u0131kland\u0131.  Bildiride vir\u00fcs\u00fcn yay\u0131lmas\u0131n\u0131 engellemek, halk\u0131n g\u00fcvenli\u011fini ve sa\u011fl\u0131\u011f\u0131n\u0131 garanti alt\u0131na almak i\u00e7in \u00f6nlemlerin al\u0131nd\u0131\u011f\u0131 aktar\u0131ld\u0131.<\/p>\n","protected":false},"excerpt":{"rendered":"<p>\u00c7\u0130N\u2019DE ORTAYA \u00c7IKAN CORONA V\u0130R\u00dcS\u00dc SALGININDA \u00d6LENLER\u0130N SAYISI 17\u2019YE, TOPLAM VAKA SAYISI DA 571\u2019E \u00c7IKTI. \u0130LK OLARAK \u00dcLKEN\u0130N WUHAN KENT\u0130NDE G\u00d6R\u00dcLEN V\u0130R\u00dcS NEDEN\u0130YLE KENT\u0130N KARANT\u0130NA ALTINA ALINDI\u011eI A\u00c7IKLANDI.<\/p>\n","protected":false},"author":1,"featured_media":0,"comment_status":"closed","ping_status":"open","sticky":false,"template":"","format":"standard","meta":{"jetpack_post_was_ever_published":false,"_jetpack_newsletter_access":"","_jetpack_dont_email_post_to_subs":false,"_jetpack_newsletter_tier_id":0,"_jetpack_memberships_contains_paywalled_content":false,"_jetpack_memberships_contains_paid_content":false,"footnotes":"","jetpack_publicize_message":"","jetpack_publicize_feature_enabled":true,"jetpack_social_post_already_shared":true,"jetpack_social_options":{"image_generator_settings":{"template":"highway","default_image_id":0,"font":"","enabled":false},"version":2}},"categories":[10],"tags":[1014,857,3466,21357,1966,43957,63959],"class_list":["post-259142","post","type-post","status-publish","format-standard","hentry","category-dunya","tag-alindi","tag-edildi","tag-iptal","tag-karantinaya","tag-kent","tag-ucuslar","tag-wuhanda"],"jetpack_publicize_connections":[],"jetpack_featured_media_url":"","jetpack_sharing_enabled":true,"jetpack_shortlink":"https:\/\/wp.me\/paKIfm-15pI","_links":{"self":[{"href":"http:\/\/www.tvturk.com\/index.php\/wp-json\/wp\/v2\/posts\/259142","targetHints":{"allow":["GET"]}}],"collection":[{"href":"http:\/\/www.tvturk.com\/index.php\/wp-json\/wp\/v2\/posts"}],"about":[{"href":"http:\/\/www.tvturk.com\/index.php\/wp-json\/wp\/v2\/types\/post"}],"author":[{"embeddable":true,"href":"http:\/\/www.tvturk.com\/index.php\/wp-json\/wp\/v2\/users\/1"}],"replies":[{"embeddable":true,"href":"http:\/\/www.tvturk.com\/index.php\/wp-json\/wp\/v2\/comments?post=259142"}],"version-history":[{"count":0,"href":"http:\/\/www.tvturk.com\/index.php\/wp-json\/wp\/v2\/posts\/259142\/revisions"}],"wp:attachment":[{"href":"http:\/\/www.tvturk.com\/index.php\/wp-json\/wp\/v2\/media?parent=259142"}],"wp:term":[{"taxonomy":"category","embeddable":true,"href":"http:\/\/www.tvturk.com\/index.php\/wp-json\/wp\/v2\/categories?post=259142"},{"taxonomy":"post_tag","embeddable":true,"href":"http:\/\/www.tvturk.com\/index.php\/wp-json\/wp\/v2\/tags?post=259142"}],"curies":[{"name":"wp","href":"https:\/\/api.w.org\/{rel}","templated":true}]}}