{"id":259144,"date":"2020-01-23T11:31:44","date_gmt":"2020-01-23T08:31:44","guid":{"rendered":"http:\/\/www.tvturk.com\/index.php\/tesk-genel-baskani-palandoken-yeni-duzenlemeye-her-turlu-katkiyi-vermeye-haziriz\/"},"modified":"2020-01-23T11:31:44","modified_gmt":"2020-01-23T08:31:44","slug":"tesk-genel-baskani-palandoken-yeni-duzenlemeye-her-turlu-katkiyi-vermeye-haziriz","status":"publish","type":"post","link":"http:\/\/www.tvturk.com\/index.php\/tesk-genel-baskani-palandoken-yeni-duzenlemeye-her-turlu-katkiyi-vermeye-haziriz\/","title":{"rendered":"TESK Genel Ba\u015fkan\u0131 Paland\u00f6ken: &#8220;Yeni d\u00fczenlemeye her t\u00fcrl\u00fc katk\u0131y\u0131 vermeye haz\u0131r\u0131z&#8221;"},"content":{"rendered":"<p>\u0130flas eden t\u00fcccar veya i\u015f yerini kapatan esnafa i\u015fsizlik maa\u015f\u0131 \u00f6denmesi amac\u0131yla kurulan Esnaf Ahilik Sand\u0131\u011f\u0131\u2019nda erteleme ve k\u00f6kl\u00fc de\u011fi\u015fiklik yap\u0131lacak olmas\u0131n\u0131n esnaf ve sanatkarlar\u0131 sevindirece\u011fini belirten TESK Genel Ba\u015fkan\u0131 Bendevi Paland\u00f6ken, \u201c1 Ocak 2020 tarihinden itibaren Ahilik sand\u0131\u011f\u0131na prim toplama uygulamas\u0131, \u00f6n\u00fcm\u00fczdeki g\u00fcnlerde TBMM\u2019ye gelecek torba yasa teklifinin ertelenerek k\u00f6kl\u00fc de\u011fi\u015fikli\u011fe gidilecek olmas\u0131 esnaf ve sanatkar\u0131m\u0131z ad\u0131na olduk\u00e7a sevindirici\u201d dedi.<\/p>\n<p>2017 y\u0131l\u0131nda kabul edilen d\u00fczenlemenin esnaf ve sanatkar\u0131n istedi\u011fi gibi \u00e7\u0131kmad\u0131\u011f\u0131n\u0131 hat\u0131rlatan T\u00fcrkiye Esnaf ve Sanatk\u00e2rlar Konfederasyonu (TESK) Genel Ba\u015fkan\u0131 Bendevi Paland\u00f6ken, \u201cAhilik Sand\u0131\u011f\u0131\u2019na prim toplanmas\u0131na ili\u015fkin erteleme ve k\u00f6kl\u00fc de\u011fi\u015fiklik yap\u0131lmas\u0131na dair yeni d\u00fczenlemeye konfederasyon olarak her t\u00fcrl\u00fc katk\u0131y\u0131 vermeye haz\u0131r\u0131z. \u00c7\u00fcnk\u00fc bu fonu isterken amac\u0131m\u0131z esnaflar aras\u0131ndaki dayan\u0131\u015fmay\u0131 sa\u011flamakt\u0131. Ancak bizim \u00f6nerdi\u011fimiz sistem e uygulamaya konulan sistem aras\u0131nda \u00e7ok b\u00fcy\u00fck fark var\u201d dedi.<\/p>\n<p>&#8220;Fona esnaf y\u00fczde 1 katk\u0131 koymal\u0131\u201d<\/p>\n<p>TESK olarak \u00f6ncelikle fona esnaftan sadece y\u00fczde 1 prim kesilmesini, devletin de y\u00fczde 2 katk\u0131 sa\u011flamas\u0131n\u0131, esnaftan kesilecek primin asgari \u00fccretin y\u00fczde 1\u2019i ile s\u0131n\u0131rland\u0131r\u0131lmas\u0131n\u0131 istediklerini kaydeden Paland\u00f6ken, \u201c\u015eu anki sand\u0131k sadece i\u015fsizlik durumunda 6 aydan 10 aya kadar i\u015fsizlik maa\u015f\u0131 \u00f6denmesini \u00f6ng\u00f6r\u00fcyor. Oysa bizim \u00f6nerimiz, sand\u0131kta biriken paran\u0131n bir nevi i\u015f\u00e7ilerin k\u0131dem tazminat\u0131 gibi emekli olan herkese \u00f6denmesini talep ediyoruz. Bu haliyle sand\u0131k esnafa fayda sa\u011flamaz\u201d de\u011ferlendirmesinde bulundu.<\/p>\n","protected":false},"excerpt":{"rendered":"<p>\u0130FLAS EDEN T\u00dcCCAR VEYA \u0130\u015e YER\u0130N\u0130 KAPATAN ESNAFA \u0130\u015eS\u0130ZL\u0130K MAA\u015eI \u00d6DENMES\u0130 AMACIYLA KURULAN ESNAF AH\u0130L\u0130K SANDI\u011eI&#8217;NDA ERTELEME VE K\u00d6KL\u00dc DE\u011e\u0130\u015e\u0130KL\u0130K YAPILACAK OLMASININ ESNAF VE SANATKARLARI SEV\u0130ND\u0130RECE\u011e\u0130N\u0130 BEL\u0130RTEN TESK GENEL BA\u015eKANI BENDEV\u0130 PALAND\u00d6KEN, \u201c1 OCAK 2020 TAR\u0130H\u0130NDEN \u0130T\u0130BAREN AH\u0130L\u0130K SANDI\u011eINA PR\u0130M TOPLAMA UYGULAMASI, \u00d6N\u00dcM\u00dcZDEK\u0130 G\u00dcNLERDE TBMM&#8217;YE GELECEK TORBA YASA TEKL\u0130F\u0130N\u0130N ERTELENEREK K\u00d6KL\u00dc DE\u011e\u0130\u015e\u0130KL\u0130\u011eE G\u0130D\u0130LECEK OLMASI ESNAF VE SANATKARIMIZ ADINA OLDUK\u00c7A SEV\u0130ND\u0130R\u0130C\u0130\u201d \u0130FADELER\u0130N\u0130 KULLANDI.<\/p>\n","protected":false},"author":1,"featured_media":0,"comment_status":"closed","ping_status":"open","sticky":false,"template":"","format":"standard","meta":{"jetpack_post_was_ever_published":false,"_jetpack_newsletter_access":"","_jetpack_dont_email_post_to_subs":false,"_jetpack_newsletter_tier_id":0,"_jetpack_memberships_contains_paywalled_content":false,"_jetpack_memberships_contains_paid_content":false,"footnotes":"","jetpack_publicize_message":"","jetpack_publicize_feature_enabled":true,"jetpack_social_post_already_shared":true,"jetpack_social_options":{"image_generator_settings":{"template":"highway","default_image_id":0,"font":"","enabled":false},"version":2}},"categories":[19],"tags":[216,26926,869,4277,73,63960,8073,12357,9738,4412,87],"class_list":["post-259144","post","type-post","status-publish","format-standard","hentry","category-ekonomi","tag-baskani","tag-duzenlemeye","tag-genel","tag-haziriz","tag-her","tag-katkiyi","tag-palandoken","tag-tesk","tag-turlu","tag-vermeye","tag-yeni"],"jetpack_publicize_connections":[],"jetpack_featured_media_url":"","jetpack_sharing_enabled":true,"jetpack_shortlink":"https:\/\/wp.me\/paKIfm-15pK","_links":{"self":[{"href":"http:\/\/www.tvturk.com\/index.php\/wp-json\/wp\/v2\/posts\/259144","targetHints":{"allow":["GET"]}}],"collection":[{"href":"http:\/\/www.tvturk.com\/index.php\/wp-json\/wp\/v2\/posts"}],"about":[{"href":"http:\/\/www.tvturk.com\/index.php\/wp-json\/wp\/v2\/types\/post"}],"author":[{"embeddable":true,"href":"http:\/\/www.tvturk.com\/index.php\/wp-json\/wp\/v2\/users\/1"}],"replies":[{"embeddable":true,"href":"http:\/\/www.tvturk.com\/index.php\/wp-json\/wp\/v2\/comments?post=259144"}],"version-history":[{"count":0,"href":"http:\/\/www.tvturk.com\/index.php\/wp-json\/wp\/v2\/posts\/259144\/revisions"}],"wp:attachment":[{"href":"http:\/\/www.tvturk.com\/index.php\/wp-json\/wp\/v2\/media?parent=259144"}],"wp:term":[{"taxonomy":"category","embeddable":true,"href":"http:\/\/www.tvturk.com\/index.php\/wp-json\/wp\/v2\/categories?post=259144"},{"taxonomy":"post_tag","embeddable":true,"href":"http:\/\/www.tvturk.com\/index.php\/wp-json\/wp\/v2\/tags?post=259144"}],"curies":[{"name":"wp","href":"https:\/\/api.w.org\/{rel}","templated":true}]}}