{"id":259146,"date":"2020-01-23T11:32:00","date_gmt":"2020-01-23T08:32:00","guid":{"rendered":"http:\/\/www.tvturk.com\/index.php\/ato-baskani-baran-universitelerin-bilgi-birikimini-ticaret-ve-sanayiye-aktarmamiz-gerekiyor\/"},"modified":"2020-01-23T11:32:00","modified_gmt":"2020-01-23T08:32:00","slug":"ato-baskani-baran-universitelerin-bilgi-birikimini-ticaret-ve-sanayiye-aktarmamiz-gerekiyor","status":"publish","type":"post","link":"http:\/\/www.tvturk.com\/index.php\/ato-baskani-baran-universitelerin-bilgi-birikimini-ticaret-ve-sanayiye-aktarmamiz-gerekiyor\/","title":{"rendered":"ATO Ba\u015fkan\u0131 Baran: \u201c\u00dcniversitelerin bilgi birikimini ticaret ve sanayiye aktarmam\u0131z gerekiyor\u201c"},"content":{"rendered":"<p>Ankara Ticaret Odas\u0131 (ATO) ile Ba\u015fkent \u00dcniversitesi aras\u0131nda reel sekt\u00f6r ile \u00fcniversiteler aras\u0131ndaki i\u015fbirli\u011fini geli\u015ftirmeye y\u00f6nelik bir protokol imzaland\u0131. Protokole ATO Y\u00f6netim Kurulu Ba\u015fkan\u0131 G\u00fcrsel Baran ve Ba\u015fkent \u00dcniversitesinin kurucusu, Y\u00f6netim \u00dcst Kurulu Ba\u015fkan\u0131 ve D\u00fcnya Organ Nakli Derne\u011fi Ba\u015fkan\u0131 Prof. Dr. Mehmet Haberal imza koydu.<\/p>\n<p>Ba\u015fkent \u00dcniversitesi Hastanesinde ger\u00e7ekle\u015fen protokol imza t\u00f6reninde konu\u015fan ATO Ba\u015fkan\u0131 Baran, ekonomik kalk\u0131nma s\u00fcrecinde \u00fcniversitelerin bilimsel \u00e7al\u0131\u015fmalar\u0131 ile i\u015f d\u00fcnyas\u0131n\u0131n talep ve gereksinimlerini birle\u015ftirmenin \u00f6nemli oldu\u011funu belirterek, \u201cAnkara Ticaret Odas\u0131 olarak \u00fcniversitelerle reel sekt\u00f6r\u00fcn i\u015fbirli\u011fini \u00e7ok \u00f6nemsiyoruz\u201d dedi. Geli\u015fmi\u015f \u00fclkelerde \u00fcniversite ve reel sekt\u00f6r i\u015fbirli\u011finin temellerinin uzun y\u0131llar \u00f6nce at\u0131ld\u0131\u011f\u0131n\u0131 ve sonu\u00e7lar\u0131n\u0131n teknoloji, verimlilik ve \u00fcretim olarak ortaya \u00e7\u0131kt\u0131\u011f\u0131n\u0131 kaydeden Baran, \u201cBizim de \u00e7ok k\u00f6kl\u00fc \u00fcniversitelerimiz var. Bu \u00fcniversitelerin sahip oldu\u011fu bilgi birikimini ticaret ve sanayiye aktarmam\u0131z gerekiyor\u201d diye konu\u015ftu.<\/p>\n<p>Ankara\u2019n\u0131n en k\u00f6kl\u00fc \u00fcniversitelerinden biri olan Ba\u015fkent \u00dcniversitesi ile \u201cUluslararas\u0131 Ankara Marka Bulu\u015fmalar\u0131\u201d organizasyonu s\u0131ras\u0131nda i\u015fbirli\u011fi ger\u00e7ekle\u015ftirdiklerini hat\u0131rlatan Baran, \u201cUmuyoruz ki bundan sonraki organizasyonlar\u0131m\u0131zda Ankara\u2019n\u0131n en sayg\u0131n iki kurumu olarak bir araya gelerek i\u015fbirli\u011fimiz devam edecek\u201d dedi.<\/p>\n<p>Baran, Ankara Ticaret Odas\u0131\u2019n\u0131n Ba\u015fkent\u2019in pek \u00e7ok \u00fcniversitesiyle \u00e7e\u015fitli konularda i\u015fbirli\u011fi ve ortak \u00e7al\u0131\u015fmalara imza att\u0131klar\u0131n\u0131 bildirerek, \u201c\u00dcniversiteler ile sanayi ve ticaret sekt\u00f6r\u00fcn\u00fcn i\u015fbirli\u011fi yapmas\u0131n\u0131n temel amac\u0131 \u00fcniversitelerdeki bilimsel potansiyelin sanayiye veya ticari alana aktar\u0131larak ekonomik de\u011fere d\u00f6n\u00fc\u015fmesine katk\u0131da bulunmak ve nihai olarak ekonomik geli\u015fimi h\u0131zland\u0131r\u0131p canland\u0131rmakt\u0131r. Bu imzalanan protokolle ba\u015flatm\u0131\u015f oldu\u011fumuz i\u015fbirli\u011finin \u00fclkemiz i\u00e7in hay\u0131rl\u0131 sonu\u00e7lar getirmesini ve \u00f6rnek te\u015fkil etmesini temenni ediyoruz\u201d diye konu\u015ftu.<\/p>\n<p>&#8220;Hep beraber \u00fclkeye hizmet edece\u011fiz&#8221;<\/p>\n<p>Prof. Dr. Mehmet Haberal da ATO\u2019yla i\u015fbirli\u011fi yapt\u0131klar\u0131 \u201cUluslararas\u0131 Ankara Marka Bulu\u015fmalar\u0131\u201dn\u0131n Ankara ve T\u00fcrkiye i\u00e7in \u00e7ok \u00f6nemli bir organizasyon oldu\u011funu hat\u0131rlatt\u0131. Gerek Ankara Ticaret Odas\u0131\u2019n\u0131n, gerekse Ba\u015fkent \u00dcniversitesi ve Ba\u015fkent Hastanesinin yapt\u0131klar\u0131 \u00e7al\u0131\u015fmalarla T\u00fcrkiye\u2019ye \u00f6nemli katk\u0131lar sa\u011flad\u0131\u011f\u0131na dikkat \u00e7eken Haberal, \u201cAnkara Ticaret Odas\u0131 ile beraber T\u00fcrkiye irtifa katetmeye ba\u015flad\u0131. Bu imzalayaca\u011f\u0131m\u0131z protokolden sonra art\u0131k o irtifa h\u0131z kazanacak. Hep beraber \u00fclkeye hizmete devam edece\u011fiz\u201d dedi.<\/p>\n<p>Baran, protokol imza t\u00f6reninin ard\u0131ndan Prof. Dr. Mehmet Haberal\u2019a Atat\u00fcrk\u2019\u00fcn Ankara\u2019ya geli\u015fi ve milli m\u00fccadeleyi \u00f6rg\u00fctlemesiyle ba\u015flayan ve vefat\u0131na kadar olan s\u00fcrecin kronolojik olarak foto\u011fraflarla anlat\u0131ld\u0131\u011f\u0131 \u201cMustafa Kemal\u2019in Ankaras\u0131\u201d kitab\u0131 ile yine Atat\u00fcrk\u2019\u00fcn Ankara\u2019ya geli\u015finin y\u0131l d\u00f6n\u00fcm\u00fc an\u0131s\u0131na haz\u0131rlanan Ankara Ticaret Odas\u0131\u2019n\u0131n 2020 y\u0131l\u0131 takvimini arma\u011fan etti. T\u00f6rene ATO Ba\u015fkan Yard\u0131mc\u0131lar\u0131 Halil \u0130brahim Y\u0131lmaz ve Temel Aktay, Y\u00f6netim Kurulu \u00dcyeleri Nihat Uysall\u0131, Nuh Acar ve S\u00fcleyman Ekinci, Ba\u015fkent \u00dcniversitesi Rekt\u00f6r\u00fc Prof. Dr. Ali Haberal ve Rekt\u00f6r Yard\u0131mc\u0131s\u0131 Mehmet Abd\u00fclkadir Varo\u011flu da kat\u0131ld\u0131.<\/p>\n","protected":false},"excerpt":{"rendered":"<p>ANKARA T\u0130CARET ODASI (ATO) \u0130LE BA\u015eKENT \u00dcN\u0130VERS\u0130TES\u0130 ARASINDA REEL SEKT\u00d6R \u0130LE \u00dcN\u0130VERS\u0130TELER ARASINDAK\u0130 \u0130\u015e B\u0130RL\u0130\u011e\u0130N\u0130 GEL\u0130\u015eT\u0130RMEYE Y\u00d6NEL\u0130K B\u0130R PROTOKOL \u0130MZALANDI. PROTOKOLE ATO Y\u00d6NET\u0130M KURULU BA\u015eKANI G\u00dcRSEL BARAN VE BA\u015eKENT \u00dcN\u0130VERS\u0130TES\u0130\u2019N\u0130N KURUCUSU, Y\u00d6NET\u0130M \u00dcST KURULU BA\u015eKANI VE D\u00dcNYA ORGAN NAKL\u0130 DERNE\u011e\u0130 BA\u015eKANI PROF. DR. MEHMET HABERAL \u0130MZA KOYDU.<\/p>\n","protected":false},"author":1,"featured_media":0,"comment_status":"closed","ping_status":"open","sticky":false,"template":"","format":"standard","meta":{"jetpack_post_was_ever_published":false,"_jetpack_newsletter_access":"","_jetpack_dont_email_post_to_subs":false,"_jetpack_newsletter_tier_id":0,"_jetpack_memberships_contains_paywalled_content":false,"_jetpack_memberships_contains_paid_content":false,"footnotes":"","jetpack_publicize_message":"","jetpack_publicize_feature_enabled":true,"jetpack_social_post_already_shared":true,"jetpack_social_options":{"image_generator_settings":{"template":"highway","default_image_id":0,"font":"","enabled":false},"version":2}},"categories":[1],"tags":[33822,41581,1940,14614,216,6830,63961,4459,6642,373],"class_list":["post-259146","post","type-post","status-publish","format-standard","hentry","category-genel","tag-universitelerin","tag-aktarmamiz","tag-ato","tag-baran","tag-baskani","tag-bilgi","tag-birikimini","tag-gerekiyor","tag-sanayiye","tag-ticaret"],"jetpack_publicize_connections":[],"jetpack_featured_media_url":"","jetpack_sharing_enabled":true,"jetpack_shortlink":"https:\/\/wp.me\/paKIfm-15pM","_links":{"self":[{"href":"http:\/\/www.tvturk.com\/index.php\/wp-json\/wp\/v2\/posts\/259146","targetHints":{"allow":["GET"]}}],"collection":[{"href":"http:\/\/www.tvturk.com\/index.php\/wp-json\/wp\/v2\/posts"}],"about":[{"href":"http:\/\/www.tvturk.com\/index.php\/wp-json\/wp\/v2\/types\/post"}],"author":[{"embeddable":true,"href":"http:\/\/www.tvturk.com\/index.php\/wp-json\/wp\/v2\/users\/1"}],"replies":[{"embeddable":true,"href":"http:\/\/www.tvturk.com\/index.php\/wp-json\/wp\/v2\/comments?post=259146"}],"version-history":[{"count":0,"href":"http:\/\/www.tvturk.com\/index.php\/wp-json\/wp\/v2\/posts\/259146\/revisions"}],"wp:attachment":[{"href":"http:\/\/www.tvturk.com\/index.php\/wp-json\/wp\/v2\/media?parent=259146"}],"wp:term":[{"taxonomy":"category","embeddable":true,"href":"http:\/\/www.tvturk.com\/index.php\/wp-json\/wp\/v2\/categories?post=259146"},{"taxonomy":"post_tag","embeddable":true,"href":"http:\/\/www.tvturk.com\/index.php\/wp-json\/wp\/v2\/tags?post=259146"}],"curies":[{"name":"wp","href":"https:\/\/api.w.org\/{rel}","templated":true}]}}