{"id":259158,"date":"2020-01-23T11:32:40","date_gmt":"2020-01-23T08:32:40","guid":{"rendered":"http:\/\/www.tvturk.com\/index.php\/ozel-haber-milli-otomobil-sporcusu-guvenin-hedefi-fransa-sampiyonasi-ve-super-kupa\/"},"modified":"2020-01-23T11:32:40","modified_gmt":"2020-01-23T08:32:40","slug":"ozel-haber-milli-otomobil-sporcusu-guvenin-hedefi-fransa-sampiyonasi-ve-super-kupa","status":"publish","type":"post","link":"http:\/\/www.tvturk.com\/index.php\/ozel-haber-milli-otomobil-sporcusu-guvenin-hedefi-fransa-sampiyonasi-ve-super-kupa\/","title":{"rendered":"(\u00d6zel haber) Milli otomobil sporcusu G\u00fcven\u2019in hedefi Fransa \u015eampiyonas\u0131 ve S\u00fcper Kupa"},"content":{"rendered":"<p>Milli otomobil sporcusu Ayhancan G\u00fcven, 2019 y\u0131l\u0131nda ba\u015far\u0131l\u0131 bir d\u00f6nem ge\u00e7irdi\u011fini belirterek, &#8220;Hedefim yine Fransa \u015eampiyonas\u0131\u2019n\u0131 kazan\u0131p, S\u00fcper Kupa\u2019da en iyi sonucu elde etmek&#8221; dedi. G\u00fcven ayr\u0131ca T\u00fcrkiye\u2019nin motor sporlar\u0131nda \u00f6n\u00fcn\u00fcn a\u00e7\u0131k oldu\u011funu vurgulad\u0131.<\/p>\n<p>Red Bull sporcusu olan 21 ya\u015f\u0131ndaki milli otomobil yar\u0131\u015f\u00e7\u0131s\u0131 Ayhancan G\u00fcven, \u0130hlas Haber Ajans\u0131 (\u0130HA) muhabirine yapt\u0131\u011f\u0131 a\u00e7\u0131klamada, 2019 y\u0131l\u0131n\u0131n \u00e7ok ba\u015far\u0131l\u0131 ge\u00e7ti\u011fini belirterek, ikinci kez Porsche Carrera Cup Fransa \u015eampiyonas\u0131\u2019n\u0131 kazand\u0131klar\u0131n\u0131, ard\u0131ndan \u00e7aylak olarak girdikleri S\u00fcper Kupa\u2019da hem \u015fampiyonlu\u011fu hem de genel klasman ikincili\u011fini elde ettiklerini aktard\u0131. 2019 y\u0131l\u0131ndaki hedeflerinin b\u00fcy\u00fck \u00e7o\u011funlu\u011funu ger\u00e7ekle\u015ftirdik belirten Ayhancan s\u0131ran\u0131n 2020 y\u0131l\u0131na geldi\u011fini vurgulad\u0131.<\/p>\n<p>&#8220;Fransa \u015eampiyonas\u0131\u2019nda 2020 son sezonum olacak&#8221;<\/p>\n<p>35 y\u0131ld\u0131r yap\u0131lan Fransa \u015eampiyonas\u0131\u2019nda, 2018 y\u0131l\u0131nda ilk kez Frans\u0131z olmayan bir pilotun \u015fampiyonay\u0131 kazand\u0131\u011f\u0131n\u0131 ve bunu 2019 y\u0131l\u0131nda da tekrar etti\u011finin alt\u0131n\u0131 \u00e7izen G\u00fcven, &#8220;2020\u2019de de tekrar yar\u0131\u015faca\u011f\u0131m\u0131z\u0131 a\u00e7\u0131klad\u0131k. Fransa \u015eampiyonas\u0131\u2019nda tahmin ediyorum 2020 son sezonum olacak. Benim amac\u0131m Almanya \u015eampiyonas\u0131\u2019na girmekti ama S\u00fcper Kupa\u2019n\u0131n takvimiyle Fransa\u2019n\u0131n takvimi \u00e7ok uygun birbirine. Fransa asl\u0131nda bu y\u0131l biraz daha S\u00fcper Kupa\u2019n\u0131n antrenman \u015fampiyonas\u0131 olacak. Hedefim yine Fransa \u015eampiyonas\u0131\u2019n\u0131 kazan\u0131p, S\u00fcper Kupa\u2019da en iyi sonucu elde etmek&#8221; ifadelerini kulland\u0131.<\/p>\n<p>&#8220;En iyi noktaya gitmek istiyor&#8221;<\/p>\n<p>T\u00fcm \u00e7al\u0131\u015fmalar\u0131n\u0131 S\u00fcper Kupa\u2019da en iyi dereceyi elde etmek i\u00e7in y\u00fcr\u00fctt\u00fc\u011f\u00fcn\u00fcn alt\u0131n\u0131 \u00e7izen ba\u015far\u0131l\u0131 sporcu, &#8220;Buradaki sonuca g\u00f6re Porsche beni ba\u015fka alanlarda konumland\u0131rabilir. Amac\u0131m bu sene elimden gelen performans\u0131 verip Porsche\u2019de kalabilmek ve onlar i\u00e7in en \u00fcst seviyelerde yar\u0131\u015fabilmek&#8221; diye konu\u015ftu.<\/p>\n<p>Motor sporlar\u0131 alan\u0131nda birka\u00e7 sporcuyu \u00f6rnek ald\u0131\u011f\u0131n\u0131n alt\u0131n\u0131 \u00e7izen Ayhancan G\u00fcven, otomobil klasman\u0131nda ilerleyebildi\u011fi noktaya kadar gitmek istedi\u011fini belirtti.<\/p>\n<p>&#8220;Yo\u011fun \u00e7al\u0131\u015f\u0131yorum&#8221;<\/p>\n<p>Daha kariyerinin ba\u015f\u0131nda oldu\u011funu kaydeden G\u00fcven, &#8220;K\u0131sa vadeli hedeflerim var. \u00d6nce S\u00fcper Kupa\u2019y\u0131 kazanmak, sonra da Porsche ile yola devam etmek istiyorum. Sezon kas\u0131m ay\u0131nda bitti, aral\u0131k \u00f6d\u00fcl t\u00f6renleriyle ge\u00e7ti. Burada \u015fimdi kamptay\u0131m. Haftaya Prosche\u2019nin uzun bir kamp d\u00f6nemi olacak. \u015eubatta testler ba\u015flayacak, \u00e7ok bo\u015fluk olmad\u0131. Sim\u00fclasyonda antrenmanlar\u0131m\u0131 artt\u0131rd\u0131m, fiziksel olarak daha iyi haz\u0131rlan\u0131yorum. 2020\u2019de haz\u0131rl\u0131klar\u0131m \u015fu an yo\u011fun ge\u00e7iyor&#8221; a\u00e7\u0131klamas\u0131nda bulundu.<\/p>\n<p>&#8220;T\u00fcrkiye\u2019nin \u00f6n\u00fc a\u00e7\u0131k&#8221;<\/p>\n<p>Son 2-3 y\u0131ld\u0131r yurt d\u0131\u015f\u0131nda ba\u015far\u0131lar elde etmeye ba\u015flad\u0131\u011f\u0131n\u0131 dile getiren Ayhancan G\u00fcven,  &#8220;Kenan Sofuo\u011flu\u2019nun yan\u0131 s\u0131ra Toprak Razgatl\u0131o\u011flu, Can ve Deniz \u00d6nc\u00fc karde\u015fler ve benim gibi \u00e7ok g\u00fczel bir nesil yeti\u015fiyor. O nedenle motor sporlar\u0131nda T\u00fcrkiye\u2019nin \u00f6n\u00fc a\u00e7\u0131k. Sayd\u0131\u011f\u0131m isimler ve benim \u00f6n\u00fcmde 15-20 senelik bir zaman var. Ben \u00fczerime d\u00fc\u015fenin en iyisini yapmaya \u00e7al\u0131\u015f\u0131yorum. Bizden sonraki nesilde bizim yapt\u0131klar\u0131m\u0131z\u0131n \u00fczerine katlayarak gelsin. \u00c7ok g\u00fczel bir sinerji var. 15-20 sene i\u00e7inde d\u00fcnya \u015fampiyonlu\u011fu elde ederiz ve bizden sonraki pilotlara \u00f6nc\u00fcl\u00fck etmi\u015f oluruz&#8221; \u015feklinde konu\u015ftu.<\/p>\n","protected":false},"excerpt":{"rendered":"<p>M\u0130LL\u0130 OTOMOB\u0130L YARI\u015e\u00c7ISI AYHANCAN G\u00dcVEN, 2019 YILINDA BA\u015eARILI B\u0130R D\u00d6NEM GE\u00c7\u0130RD\u0130\u011e\u0130N\u0130 BEL\u0130RTEREK, &#8220;HEDEF\u0130M Y\u0130NE FRANSA \u015eAMP\u0130YONASI\u2019NI KAZANIP S\u00dcPER KUPA\u2019DA EN \u0130Y\u0130 SONUCU ELDE ETMEK OLACAK.&#8221;DED\u0130.<\/p>\n","protected":false},"author":1,"featured_media":0,"comment_status":"closed","ping_status":"open","sticky":false,"template":"","format":"standard","meta":{"jetpack_post_was_ever_published":false,"_jetpack_newsletter_access":"","_jetpack_dont_email_post_to_subs":false,"_jetpack_newsletter_tier_id":0,"_jetpack_memberships_contains_paywalled_content":false,"_jetpack_memberships_contains_paid_content":false,"footnotes":"","jetpack_publicize_message":"","jetpack_publicize_feature_enabled":true,"jetpack_social_post_already_shared":true,"jetpack_social_options":{"image_generator_settings":{"template":"highway","default_image_id":0,"font":"","enabled":false},"version":2}},"categories":[657],"tags":[1073,4545,14963,1545,2687,3794,429,2873,395,4547,1463],"class_list":["post-259158","post","type-post","status-publish","format-standard","hentry","category-spor","tag-ozel","tag-fransa","tag-guvenin","tag-haber","tag-hedefi","tag-kupa","tag-milli","tag-otomobil","tag-sampiyonasi","tag-sporcusu","tag-super"],"jetpack_publicize_connections":[],"jetpack_featured_media_url":"","jetpack_sharing_enabled":true,"jetpack_shortlink":"https:\/\/wp.me\/paKIfm-15pY","_links":{"self":[{"href":"http:\/\/www.tvturk.com\/index.php\/wp-json\/wp\/v2\/posts\/259158","targetHints":{"allow":["GET"]}}],"collection":[{"href":"http:\/\/www.tvturk.com\/index.php\/wp-json\/wp\/v2\/posts"}],"about":[{"href":"http:\/\/www.tvturk.com\/index.php\/wp-json\/wp\/v2\/types\/post"}],"author":[{"embeddable":true,"href":"http:\/\/www.tvturk.com\/index.php\/wp-json\/wp\/v2\/users\/1"}],"replies":[{"embeddable":true,"href":"http:\/\/www.tvturk.com\/index.php\/wp-json\/wp\/v2\/comments?post=259158"}],"version-history":[{"count":0,"href":"http:\/\/www.tvturk.com\/index.php\/wp-json\/wp\/v2\/posts\/259158\/revisions"}],"wp:attachment":[{"href":"http:\/\/www.tvturk.com\/index.php\/wp-json\/wp\/v2\/media?parent=259158"}],"wp:term":[{"taxonomy":"category","embeddable":true,"href":"http:\/\/www.tvturk.com\/index.php\/wp-json\/wp\/v2\/categories?post=259158"},{"taxonomy":"post_tag","embeddable":true,"href":"http:\/\/www.tvturk.com\/index.php\/wp-json\/wp\/v2\/tags?post=259158"}],"curies":[{"name":"wp","href":"https:\/\/api.w.org\/{rel}","templated":true}]}}