{"id":259285,"date":"2020-01-23T14:46:23","date_gmt":"2020-01-23T11:46:23","guid":{"rendered":"http:\/\/www.tvturk.com\/index.php\/alaboyun-aciklamalarda-holdingimiz-tohmet-altinda-tutulmaya-calisilmistir\/"},"modified":"2020-01-23T14:46:23","modified_gmt":"2020-01-23T11:46:23","slug":"alaboyun-aciklamalarda-holdingimiz-tohmet-altinda-tutulmaya-calisilmistir","status":"publish","type":"post","link":"http:\/\/www.tvturk.com\/index.php\/alaboyun-aciklamalarda-holdingimiz-tohmet-altinda-tutulmaya-calisilmistir\/","title":{"rendered":"Alaboyun: \u201cA\u00e7\u0131klamalarda holdingimiz t\u00f6hmet alt\u0131nda tutulmaya \u00e7al\u0131\u015f\u0131lm\u0131\u015ft\u0131r\u201d"},"content":{"rendered":"<p>Bera Holding (Kombassan) Y\u00f6netim Kurulu Ba\u015fkan\u0131 Ali R\u0131za Alaboyun, baz\u0131 bas\u0131n yay\u0131n organlar\u0131nda \u2018Kombassan ma\u011fdurlar\u0131 Cumhuriyet Halk Partisi (CHP) Genel Ba\u015fkan\u0131 Kemal K\u0131l\u0131\u00e7daro\u011flu\u2019nu ziyaret etti\u2019 \u015feklinde haberler \u00e7\u0131kt\u0131\u011f\u0131n\u0131, bu kapsamda yap\u0131lan a\u00e7\u0131klamalarda holdingin t\u00f6hmet alt\u0131nda tutulmaya \u00e7al\u0131\u015f\u0131ld\u0131\u011f\u0131n\u0131 s\u00f6yledi.<\/p>\n<p>Bera Holding Y\u00f6netim Kurulu Ba\u015fkan\u0131 Ali R\u0131za Alaboyun, konuyla ilgili yapt\u0131\u011f\u0131 a\u00e7\u0131klamada, baz\u0131 bas\u0131n yay\u0131n organlar\u0131nda \u201cKombassan ma\u011fdurlar\u0131 K\u0131l\u0131\u00e7daro\u011flu\u2019nu ziyaret etti\u201d \u015feklinde haberler \u00e7\u0131kt\u0131\u011f\u0131n\u0131 ifade ederek, \u201cBu kapsamda yap\u0131lan a\u00e7\u0131klamalarda holdingimiz t\u00f6hmet alt\u0131nda tutulmaya \u00e7al\u0131\u015f\u0131lm\u0131\u015ft\u0131r. Bu t\u00fcr gereksiz tart\u0131\u015fmalardan uzak durmaya \u00e7al\u0131\u015fmam\u0131za ra\u011fmen bu konuda bir a\u00e7\u0131klama yapmak ve kamuoyunu ayd\u0131nlatmak zarureti do\u011fmu\u015ftur. Yap\u0131lan bu t\u00fcr siyasi ziyaret ve eylemler Almanya\u2019da kurulu bulunan Avrupa T\u00fcrkleri Dayan\u0131\u015fma Derne\u011fi (ATDD) ve bu dernek ile birlikte hareket eden 5-6 avukat taraf\u0131ndan organize edilmektedir. Yap\u0131lan incelemeler neticesinde ATDD dernek ba\u015fkan\u0131 ve kurucular\u0131n\u0131n hi\u00e7birisinin holdinglerde hisselerinin bulunmad\u0131\u011f\u0131 g\u00f6r\u00fclm\u00fc\u015ft\u00fcr. Bu ki\u015filerin kurdu\u011fu derneklerin politik ama\u00e7l\u0131 olu\u015fumlar olduklar\u0131 bilinmektedir. Bu dernek ba\u015fkan\u0131 ve \u00fcyelerinin Cumhurba\u015fkan\u0131m\u0131z\u0131n Ba\u015fbakanl\u0131\u011f\u0131 d\u00f6neminde Almanya gezilerini sabote eden ki\u015filer oldu\u011fu basit bir internet ara\u015ft\u0131rmas\u0131ndan g\u00f6r\u00fclebilmektedir. K\u0131l\u0131\u00e7daro\u011flu\u2019nu ziyaretin amac\u0131, bahse konu dernek ve avukatlar\u0131n, bas\u0131n ve siyaset kurumu \u00fczerinden olu\u015fturduklar\u0131 ma\u011fduriyet alg\u0131s\u0131 ile bug\u00fcne kadar sa\u011flad\u0131klar\u0131 kazan\u00e7lar\u0131n\u0131 s\u00fcrd\u00fcrme \u00e7abas\u0131d\u0131r. Yurt i\u00e7inde ve yurt d\u0131\u015f\u0131nda a\u00e7\u0131lan davalar nedeni ile sadece Kombassan Holding taraf\u0131ndan bug\u00fcne kadar, faizi, cezas\u0131 ve mahkeme masraflar\u0131 ile birlikte 550 milyon TL\u2019ye yak\u0131n \u00f6deme yap\u0131lm\u0131\u015f ve 155 milyon TL de icraya rehin olarak b\u0131rak\u0131lm\u0131\u015ft\u0131r. Yap\u0131lan 550 milyon TL\u2019lik \u00f6demenin yakla\u015f\u0131k 120 &#8211; 150 milyon TL\u2019sinin, bu dernek ile bu avukatlara gitti\u011fi tahmin edilmektedir. Dernek ve bahse konu avukatlar\u0131n di\u011fer holding davalar\u0131ndan da y\u00fckl\u00fc miktarda kazan\u00e7 sa\u011flad\u0131klar\u0131 dikkate al\u0131nd\u0131\u011f\u0131nda, elde edilen rant\u0131n b\u00fcy\u00fckl\u00fc\u011f\u00fc kendili\u011finden ortaya \u00e7\u0131kmaktad\u0131r. Avrupa T\u00fcrkleri Dayan\u0131\u015fma Derne\u011finin Kombassan ortaklar\u0131na g\u00f6nderdi\u011fi mektupta, ortaklardan dosya ba\u015f\u0131na 400 euro para talep etti\u011fi, ayr\u0131ca a\u00e7\u0131lan dava tutar\u0131n\u0131n da y\u00fczde 5.4\u2019\u00fcn\u00fcn har\u00e7 bedeli olarak dernek taraf\u0131ndan pe\u015fin istenildi\u011fi g\u00f6r\u00fclmektedir. Ayn\u0131 mektupta avukatl\u0131k \u00fccreti olarak tahsil edilecek rakam\u0131n y\u00fczde 15\u2019i m\u00fcvekkilden al\u0131nacak denilmektedir. Holdingler hem siyasal hem de rant k\u0131skac\u0131 i\u00e7erisinde organize bir hareketin kurban\u0131 haline gelmi\u015fler ve ma\u011fdur olanlar yine ortaklar olmu\u015ftur. Ge\u00e7mi\u015fte bu davalar avukatlar taraf\u0131ndan A\u0130HM\u2019e g\u00f6t\u00fcr\u00fclm\u00fc\u015ft\u00fcr. A\u0130HM yapt\u0131\u011f\u0131 inceleme sonucu \u0130nsan Haklar\u0131 S\u00f6zle\u015fmesinin 34. ve 35. maddeleri gere\u011fi dava ba\u015fvurusunu g\u00f6r\u00fc\u015fmeden reddetmi\u015ftir. Ayr\u0131ca A\u0130HM\u2019e bireysel ba\u015fvuru \u00fccreti al\u0131nmazken ve T\u00fcrkiye\u2019de AYM\u2019ye bireysel ba\u015fvuru \u00fccreti i\u00e7in yakla\u015f\u0131k 60 Euro kar\u015f\u0131l\u0131\u011f\u0131 TL al\u0131n\u0131rken, ATDD derne\u011fi ile birlikte hareket eden bir avukat, ortaklara g\u00f6nderdi\u011fi mektupta AYM ve A\u0130HM\u2019e bireysel ba\u015fvuru \u00fccreti olarak 1.000 Euro paran\u0131n kendi hesab\u0131na yat\u0131r\u0131lmas\u0131n\u0131 istemektedir. Dava a\u00e7an ortaklar, dernek ve avukatlar\u0131 taraf\u0131ndan bir kazan\u00e7 kap\u0131s\u0131 haline getirilmi\u015ftir. Bu avukatlar ve dernek y\u00f6neticileri \u00f6zellikle Almanya\u2019da baz\u0131 cami derneklerinde belirli ki\u015filer arac\u0131l\u0131\u011f\u0131 ile toplant\u0131lar d\u00fczenleyerek, ge\u00e7mi\u015fte holdinglerin para toplad\u0131klar\u0131 mekanlar\u0131, \u015fu an m\u00fcvekkil toplama merkezlerine d\u00f6n\u00fc\u015ft\u00fcrm\u00fc\u015flerdir. Holding ma\u011fdurlar\u0131n\u0131 savunduklar\u0131n\u0131 iddia edenler ge\u00e7mi\u015fte Holdingleri, \u2019\u0130slami Holding\u2019, \u2018Ye\u015fil Sermaye\u2019 diye hedef tahtas\u0131na koyanlard\u0131r. 28 \u015eubat d\u00f6neminde 72 bin kurucu orta\u011f\u0131n mal varl\u0131\u011f\u0131n\u0131n y\u00fczde 85\u2019inin erimesine neden olanlar bu kafa yap\u0131s\u0131ndaki ki\u015filerdir. Bu dernek ve avukatlar\u0131 taraf\u0131ndan a\u00e7\u0131lan davalar sonucu konulan tedbirler ve icralar nedeni ile Yimpa\u015f Holding \u00e7al\u0131\u015famaz hale gelmi\u015f, 110 bin civar\u0131ndaki orta\u011f\u0131n mal varl\u0131\u011f\u0131 erimi\u015ftir. Ayn\u0131 \u015feyi Kombassan Holding i\u00e7in de yapmay\u0131 planlam\u0131\u015flar, fakat Kombassan Holding \u00fcreterek kazand\u0131\u011f\u0131n\u0131, davalara ve avukatlara \u00f6demek zorunda kalarak a\u011f\u0131r bir bedel \u00f6demi\u015f ve yasan\u0131n \u00e7\u0131kmas\u0131 ile bu k\u0131ska\u00e7tan kurtulmu\u015ftur. Bu davalara yap\u0131lan \u00f6demeler nedeni ile yeni yat\u0131r\u0131mlar yap\u0131lamam\u0131\u015f ve ortaklara kar pay\u0131 da\u011f\u0131t\u0131lamam\u0131\u015ft\u0131r. Davalar i\u00e7in yap\u0131lan y\u00fckl\u00fc \u00f6demelere ra\u011fmen, iyi bir y\u00f6netim tarz\u0131 ile mal varl\u0131\u011f\u0131 y\u00fczde 15\u2019 e d\u00fc\u015fm\u00fc\u015f olan holdingin mal varl\u0131\u011f\u0131 bug\u00fcn itibariyle y\u00fczde 55-60\u2019lar seviyesine y\u00fckseltilmi\u015ftir. E\u011fer bu davalar i\u00e7in \u00f6demeler yap\u0131lmam\u0131\u015f olsa idi 20 y\u0131l \u00f6nceki mal varl\u0131\u011f\u0131n\u0131n tamam\u0131n\u0131 bir, iki y\u0131lda yeniden kazanmak m\u00fcmk\u00fcn olabilecekti. Holdingimizdeki olumlu geli\u015fmeler ve iyile\u015fmeler hisselerimizin de\u011ferine de yans\u0131m\u0131\u015f ve BIST 100\u2019de i\u015flem g\u00f6ren hisselerimiz son \u00fc\u00e7 y\u0131lda yakla\u015f\u0131k 7 kata yak\u0131n de\u011fer kazanm\u0131\u015ft\u0131r. \u00c7\u0131kan yasa, holdinge kar\u015f\u0131 dava a\u00e7m\u0131\u015f veya a\u00e7mam\u0131\u015f olsun, t\u00fcm hissedarlar\u0131n ortakl\u0131klar\u0131n\u0131 ve hisselerini devlet g\u00fcvencesi alt\u0131na almaktad\u0131r. Yasa ile 100 bin civar\u0131ndaki orta\u011f\u0131n ve 10 bin civar\u0131ndaki \u00e7al\u0131\u015fan\u0131n hakk\u0131 korunmu\u015ftur. Dava a\u00e7an ortaklar\u0131n avukatlar\u0131 kar\u015f\u0131s\u0131nda zor duruma d\u00fc\u015fmemeleri i\u00e7in ilgili kanun gere\u011fi, maktu vekalet \u00fccreti holdingimiz taraf\u0131ndan \u00fcstlenilecektir. Y\u00fcr\u00fcrl\u00fc\u011fe giren yasa kapsam\u0131nda holdingimiz taraf\u0131ndan bu avukatlara \u00f6denecek maktu \u00fccretlerin tutar\u0131 10 milyon TL civar\u0131nda olmas\u0131 beklenmektedir. K\u0131sacas\u0131 her hal\u00fckarda kazananlar ATDD Derne\u011fi ve avukatlar\u0131 olmu\u015ftur. TBMM Ara\u015ft\u0131rma Komisyonu sonras\u0131 yap\u0131lan yasal de\u011fi\u015fiklikler ile ekonomiye kazand\u0131r\u0131larak borsaya a\u00e7\u0131lan, ge\u00e7mi\u015ften bir\u00e7ok dersler \u00e7\u0131kartan bu holdingler \u00fczerinden ma\u011fduriyet alg\u0131s\u0131 olu\u015fturma ve siyasi bir rant sa\u011flama \u00e7abalar\u0131n\u0131n etik olmad\u0131\u011f\u0131na inan\u0131yoruz\u201d dedi.<\/p>\n","protected":false},"excerpt":{"rendered":"<p>BERA HOLD\u0130NG (KOMBASSAN) Y\u00d6NET\u0130M KURULU BA\u015eKANI AL\u0130 RIZA ALABOYUN, BAZI BASIN YAYIN ORGANLARINDA \u2018KOMBASSAN MA\u011eDURLARI CUMHUR\u0130YET HALK PART\u0130S\u0130 (CHP) GENEL BA\u015eKANI KEMAL KILI\u00c7DARO\u011eLU\u2019NU Z\u0130YARET ETT\u0130\u2019 \u015eEKL\u0130NDE HABERLER \u00c7IKTI\u011eINI, BU KAPSAMDA YAPILAN A\u00c7IKLAMALARDA HOLD\u0130NG\u0130N T\u00d6HMET ALTINDA TUTULMAYA \u00c7ALI\u015eILDI\u011eINI S\u00d6YLED\u0130.<\/p>\n","protected":false},"author":1,"featured_media":0,"comment_status":"closed","ping_status":"open","sticky":false,"template":"","format":"standard","meta":{"jetpack_post_was_ever_published":false,"_jetpack_newsletter_access":"","_jetpack_dont_email_post_to_subs":false,"_jetpack_newsletter_tier_id":0,"_jetpack_memberships_contains_paywalled_content":false,"_jetpack_memberships_contains_paid_content":false,"footnotes":"","jetpack_publicize_message":"","jetpack_publicize_feature_enabled":true,"jetpack_social_post_already_shared":true,"jetpack_social_options":{"image_generator_settings":{"template":"highway","default_image_id":0,"font":"","enabled":false},"version":2}},"categories":[19],"tags":[60786,63992,3114,63995,63993,63994,47225],"class_list":["post-259285","post","type-post","status-publish","format-standard","hentry","category-ekonomi","tag-aciklamalarda","tag-alaboyun","tag-altinda","tag-calisilmistir","tag-holdingimiz","tag-tohmet","tag-tutulmaya"],"jetpack_publicize_connections":[],"jetpack_featured_media_url":"","jetpack_sharing_enabled":true,"jetpack_shortlink":"https:\/\/wp.me\/paKIfm-15s1","_links":{"self":[{"href":"http:\/\/www.tvturk.com\/index.php\/wp-json\/wp\/v2\/posts\/259285","targetHints":{"allow":["GET"]}}],"collection":[{"href":"http:\/\/www.tvturk.com\/index.php\/wp-json\/wp\/v2\/posts"}],"about":[{"href":"http:\/\/www.tvturk.com\/index.php\/wp-json\/wp\/v2\/types\/post"}],"author":[{"embeddable":true,"href":"http:\/\/www.tvturk.com\/index.php\/wp-json\/wp\/v2\/users\/1"}],"replies":[{"embeddable":true,"href":"http:\/\/www.tvturk.com\/index.php\/wp-json\/wp\/v2\/comments?post=259285"}],"version-history":[{"count":0,"href":"http:\/\/www.tvturk.com\/index.php\/wp-json\/wp\/v2\/posts\/259285\/revisions"}],"wp:attachment":[{"href":"http:\/\/www.tvturk.com\/index.php\/wp-json\/wp\/v2\/media?parent=259285"}],"wp:term":[{"taxonomy":"category","embeddable":true,"href":"http:\/\/www.tvturk.com\/index.php\/wp-json\/wp\/v2\/categories?post=259285"},{"taxonomy":"post_tag","embeddable":true,"href":"http:\/\/www.tvturk.com\/index.php\/wp-json\/wp\/v2\/tags?post=259285"}],"curies":[{"name":"wp","href":"https:\/\/api.w.org\/{rel}","templated":true}]}}