{"id":259301,"date":"2020-01-23T15:02:08","date_gmt":"2020-01-23T12:02:08","guid":{"rendered":"http:\/\/www.tvturk.com\/index.php\/hastanede-tedavi-goren-hastalardan-goz-kamastiran-sergi\/"},"modified":"2020-01-23T15:02:08","modified_gmt":"2020-01-23T12:02:08","slug":"hastanede-tedavi-goren-hastalardan-goz-kamastiran-sergi","status":"publish","type":"post","link":"http:\/\/www.tvturk.com\/index.php\/hastanede-tedavi-goren-hastalardan-goz-kamastiran-sergi\/","title":{"rendered":"Hastanede tedavi g\u00f6ren hastalardan g\u00f6z kama\u015ft\u0131ran sergi"},"content":{"rendered":"<p>Y\u00fcksekova Devlet Hastanesine ba\u011fl\u0131 Toplum Ruh Sa\u011fl\u0131\u011f\u0131 Merkezinde tedavi g\u00f6ren hastalar\u0131n yapt\u0131\u011f\u0131 \u00fcr\u00fcnlerin yer ald\u0131\u011f\u0131 sergi b\u00fcy\u00fck ilgi g\u00f6rd\u00fc.<\/p>\n<p>Toplum Ruh Sa\u011fl\u0131\u011f\u0131 Merkezinde (TRSM) tedavi g\u00f6ren hastalar taraf\u0131ndan yap\u0131lan \u00fcr\u00fcnler, devlet hastanesinde g\u00f6r\u00fcc\u00fcye a\u00e7t\u0131. Merkezdeki sorumlu hekimler g\u00f6zetiminde 6\u201312 ayl\u0131k tedavi programlar\u0131 dahilinde te\u015fhis ve tedavileri yap\u0131lan hastalar, bunun yan\u0131nda sosyal a\u00e7\u0131dan desteklenmeleri ve tekrar topluma kazand\u0131rmalar\u0131 i\u00e7in psikososyal destek ve tedavi de g\u00f6r\u00fcyor. Bu kapsamda Y\u00fcksekova Halk E\u011fitim Merkezi M\u00fcd\u00fcrl\u00fc\u011f\u00fc taraf\u0131ndan g\u00f6revlendirilen usta \u00f6\u011freticiler \u00f6nc\u00fcl\u00fc\u011f\u00fcnde a\u00e7\u0131lan el sanatlar\u0131, g\u00f6rsel sanatlar, m\u00fczik ve spor kurslar\u0131na kat\u0131lan hastalar\u0131n yapt\u0131\u011f\u0131 el eme\u011fi g\u00f6z nuru \u00fcr\u00fcnler sergilendi.<\/p>\n<p>Y\u00fcksekova Devlet Hastanesinin Ba\u015fhekimi Burcu Poyraz, 3 y\u0131ld\u0131r Toplum Ruh Sa\u011fl\u0131\u011f\u0131 Merkezinde yap\u0131lan \u00e7al\u0131\u015fmalar i\u00e7in ilk defa bir sergi a\u00e7t\u0131klar\u0131n\u0131 belirterek, \u201cAmac\u0131m\u0131z, Toplum Ruh Sa\u011fl\u0131k Merkezimizdeki hastalar\u0131 ve yak\u0131nlar\u0131n\u0131 topluma kazand\u0131rmakt\u0131r. Asl\u0131nda hastane y\u00f6netimi olarak d\u00fc\u015f\u00fcncemiz, her zaman her kesimi il\u00e7e olarak hastanemizle b\u00fct\u00fcnle\u015ftirmektir. Bu ilk sergimiz oldu. Bu sergileri daha da geni\u015fleterek \u00e7al\u0131\u015fmalar\u0131m\u0131za devam edece\u011fiz\u201d dedi.<\/p>\n<p>Toplum Ruh Sa\u011fl\u0131\u011f\u0131 Merkezi Sorumlu Hekimi Uzman Doktor \u015eerife Arslan da merkezin yakla\u015f\u0131k 3 y\u0131ld\u0131r Y\u00fcksekova Devlet Hastanesi b\u00fcnyesinde hizmet verdi\u011fini belirterek, \u201c3 y\u0131ll\u0131k \u00e7al\u0131\u015fmalar vard\u0131. Bu sergi ilk sergi olmas\u0131 a\u00e7\u0131s\u0131nda bizim i\u00e7in \u00e7ok \u00f6nemli ve de\u011ferlidir. \u00d6zellikle halka tan\u0131t\u0131lmas\u0131 \u00e7ok \u00f6nemli. Bug\u00fcn bunun mutlulu\u011funu ya\u015f\u0131yorum. Y\u00fcksekova merkez ve k\u00f6ylerinde toplam 146 hastam\u0131z var. Tabi ki bunlar k\u0131\u015f\u0131n da her g\u00fcn gidip gelemiyorlar. Bizler bir \u015fekilde onlar\u0131 ev ziyaretleri veya telefonla arayarak durumlar\u0131ndan haberdar oluyoruz ve gerekli m\u00fcdahaleleri yap\u0131yoruz\u201d diye konu\u015ftu.<\/p>\n<p>Sergiye kat\u0131lanlara hastalar taraf\u0131ndan m\u00fczik ziyafeti de sunuldu.<\/p>\n","protected":false},"excerpt":{"rendered":"<p>HAKKAR\u0130\u2019N\u0130N Y\u00dcKSEKOVA DEVLET HASTANES\u0130NE BA\u011eLI TOPLUM RUH SA\u011eLI\u011eI MERKEZ\u0130NDE TEDAV\u0130 G\u00d6REN HASTALARIN YAPTI\u011eI \u00dcR\u00dcNLER\u0130N YER ALDI\u011eI SERG\u0130 B\u00dcY\u00dcK \u0130LG\u0130 G\u00d6RD\u00dc.<\/p>\n","protected":false},"author":1,"featured_media":0,"comment_status":"closed","ping_status":"open","sticky":false,"template":"","format":"standard","meta":{"jetpack_post_was_ever_published":false,"_jetpack_newsletter_access":"","_jetpack_dont_email_post_to_subs":false,"_jetpack_newsletter_tier_id":0,"_jetpack_memberships_contains_paywalled_content":false,"_jetpack_memberships_contains_paid_content":false,"footnotes":"","jetpack_publicize_message":"","jetpack_publicize_feature_enabled":true,"jetpack_social_post_already_shared":true,"jetpack_social_options":{"image_generator_settings":{"template":"highway","default_image_id":0,"font":"","enabled":false},"version":2}},"categories":[1],"tags":[5493,1126,61204,7219,10299,798,144],"class_list":["post-259301","post","type-post","status-publish","format-standard","hentry","category-genel","tag-goren","tag-goz","tag-hastalardan","tag-hastanede","tag-kamastiran","tag-sergi","tag-tedavi"],"jetpack_publicize_connections":[],"jetpack_featured_media_url":"","jetpack_sharing_enabled":true,"jetpack_shortlink":"https:\/\/wp.me\/paKIfm-15sh","_links":{"self":[{"href":"http:\/\/www.tvturk.com\/index.php\/wp-json\/wp\/v2\/posts\/259301","targetHints":{"allow":["GET"]}}],"collection":[{"href":"http:\/\/www.tvturk.com\/index.php\/wp-json\/wp\/v2\/posts"}],"about":[{"href":"http:\/\/www.tvturk.com\/index.php\/wp-json\/wp\/v2\/types\/post"}],"author":[{"embeddable":true,"href":"http:\/\/www.tvturk.com\/index.php\/wp-json\/wp\/v2\/users\/1"}],"replies":[{"embeddable":true,"href":"http:\/\/www.tvturk.com\/index.php\/wp-json\/wp\/v2\/comments?post=259301"}],"version-history":[{"count":0,"href":"http:\/\/www.tvturk.com\/index.php\/wp-json\/wp\/v2\/posts\/259301\/revisions"}],"wp:attachment":[{"href":"http:\/\/www.tvturk.com\/index.php\/wp-json\/wp\/v2\/media?parent=259301"}],"wp:term":[{"taxonomy":"category","embeddable":true,"href":"http:\/\/www.tvturk.com\/index.php\/wp-json\/wp\/v2\/categories?post=259301"},{"taxonomy":"post_tag","embeddable":true,"href":"http:\/\/www.tvturk.com\/index.php\/wp-json\/wp\/v2\/tags?post=259301"}],"curies":[{"name":"wp","href":"https:\/\/api.w.org\/{rel}","templated":true}]}}