{"id":259417,"date":"2020-01-23T19:02:36","date_gmt":"2020-01-23T16:02:36","guid":{"rendered":"http:\/\/www.tvturk.com\/index.php\/gmg-kastamonuspora-21lik-baskan\/"},"modified":"2020-01-23T19:02:36","modified_gmt":"2020-01-23T16:02:36","slug":"gmg-kastamonuspora-21lik-baskan","status":"publish","type":"post","link":"http:\/\/www.tvturk.com\/index.php\/gmg-kastamonuspora-21lik-baskan\/","title":{"rendered":"GMG Kastamonuspor\u2019a 21\u2019lik ba\u015fkan"},"content":{"rendered":"<p>GMG Kastamonuspor\u2019un Ola\u011fan\u00fcst\u00fc Genel Kurulu karar\u0131 almas\u0131n\u0131n ard\u0131ndan adayl\u0131\u011f\u0131n\u0131 a\u00e7\u0131klayan 21 ya\u015f\u0131ndaki Enes Ege Ayg\u00fcn, kul\u00fcp ba\u015fkan\u0131 se\u00e7ilerek d\u00fcnyan\u0131n en gen\u00e7 kul\u00fcp ba\u015fkan\u0131 unvan\u0131n\u0131 elde etti.<\/p>\n<p>TFF 2. Lig K\u0131rm\u0131z\u0131 Grup\u2019ta m\u00fccadele eden GMG Kastamonuspor, ge\u00e7ti\u011fimiz g\u00fcnlerde ola\u011fan\u00fcst\u00fc kongre karar\u0131 ald\u0131. Karar\u0131n ard\u0131ndan \u0130smail Dikmenli Spor Tesisleri\u2019nde Ola\u011fan\u00fcst\u00fc Genel Kurul ger\u00e7ekle\u015ftirildi. Genel kurulda GMG Kastamonuspor\u2019a adayl\u0131\u011f\u0131n\u0131 a\u00e7\u0131klayan 21 ya\u015f\u0131ndaki Enes Ege Ayg\u00fcn, tek liste halinde gidilen se\u00e7imlerde kul\u00fcp ba\u015fkan\u0131 olarak se\u00e7ildi. Enes Ege Ayg\u00fcn, yap\u0131lan spor ara\u015ft\u0131rmas\u0131na g\u00f6re \u015fu anda d\u00fcnyan\u0131n en gen\u00e7 kul\u00fcp ba\u015fkan\u0131 olma unvan\u0131n\u0131 elde etti. Ayn\u0131 zamanda GMG Kastamonuspor Onursal Ba\u015fkan\u0131 Cengiz Ayg\u00fcn\u2019\u00fcn o\u011flu da olan Ayg\u00fcn, tek liste halinde gidilen genel kurulda ba\u015fka aday olmay\u0131nca GMG Kastamonuspor\u2019un 5\u2019inci kul\u00fcp ba\u015fkan\u0131 olarak se\u00e7ildi.<\/p>\n<p>Ayg\u00fcn: &#8220;\u00c7ok heyecanl\u0131y\u0131m, \u00e7ok g\u00fczel bir duygu benim i\u00e7in&#8221;<\/p>\n<p>Genel kurulun ard\u0131ndan a\u00e7\u0131klamada bulunan GMG Kastamonuspor Kul\u00fcp Ba\u015fkan\u0131 Enes Ege Ayg\u00fcn, \u201cBug\u00fcn g\u00fczel bir g\u00fcn Kastamonu ve Kastamonuspor i\u00e7in. Benim i\u00e7inde \u00f6zel ve heyecanl\u0131 bir g\u00fcn. Bug\u00fcn kul\u00fcp ba\u015fkan\u0131 oldum ve taraftarlar\u0131m\u0131z\u0131n deste\u011fi, \u015fehrin \u00f6nde gelen insanlar\u0131n\u0131n deste\u011fiyle bug\u00fcn buraday\u0131m. Bu gen\u00e7 ya\u015fta bana g\u00fcvenip beni buralara getirdikleri i\u00e7in herkese te\u015fekk\u00fcr ediyorum. Herkese minnettar\u0131m. \u0130n\u015fallah taraftar\u0131m\u0131z\u0131n deste\u011fiyle, \u015fehrimizin deste\u011fiyle mutlu sona ula\u015faca\u011f\u0131z. \u00c7ok heyecanl\u0131y\u0131m, \u00e7ok g\u00fczel bir duygu benim i\u00e7in. Unutamayaca\u011f\u0131z ve hayat\u0131mdan silemeyece\u011fim bir g\u00fcn. Bunu Kastamonu\u2019da ve Kastamonuspor\u2019da ger\u00e7ekle\u015ftirdi\u011fim i\u00e7in bir Kastamonuspor sevdal\u0131s\u0131 olarak, memleket sevdal\u0131s\u0131 olarak ger\u00e7ekten \u00e7ok mutluyum. Herkese te\u015fekk\u00fcr ediyorum bana destek verdikleri i\u00e7in\u201d dedi.<\/p>\n<p>21 ya\u015f\u0131nda oldu\u011funu ve d\u00fcnyan\u0131n \u015fu an i\u00e7in en gen\u00e7 ba\u015fkan\u0131 se\u00e7ildi\u011fini s\u00f6yleyen Ayg\u00fcn, \u201c21 ya\u015f\u0131nday\u0131m ve d\u00fcnyan\u0131n en gen\u00e7 kul\u00fcp ba\u015fkan\u0131 oldu\u011fumu s\u00f6ylediler. Ara\u015ft\u0131rmalarda da bu b\u00f6yle \u00e7\u0131kt\u0131. Tabii bu heyecan verici bir \u015fey. Kastamonuspor ad\u0131 alt\u0131nda da bunu ya\u015famak \u00e7ok g\u00fczel bir duygu\u201d diye konu\u015ftu.<\/p>\n<p>Bu y\u0131l in\u015fallah taraftar\u0131nda deste\u011fiyle \u015fampiyonluk ya\u015fayacaklar\u0131na inand\u0131\u011f\u0131n\u0131 s\u00f6yleyen Ayg\u00fcn, \u201cBu y\u0131l in\u015fallah taraftar\u0131m\u0131z\u0131n destekleriyle \u015fampiyonlu\u011fu g\u00f6\u011f\u00fcsleyece\u011fimize inan\u0131yoruz. Kul\u00fcp olarak kenetlenip, birlik olup \u015fampiyonlu\u011fa ula\u015faca\u011f\u0131m\u0131z\u0131 d\u00fc\u015f\u00fcn\u00fcyorum. Bu sene tarih senesi, 2020 y\u0131l\u0131 in\u015fallah b\u00fct\u00fcn Kastamonu i\u00e7in \u00e7ok g\u00fczel ge\u00e7ecek, unutulmaz olacak\u201d \u015feklinde konu\u015ftu.<\/p>\n<p>D\u00fcnyan\u0131n ve T\u00fcrkiye\u2019nin en gen\u00e7 kul\u00fcp ba\u015fkan\u0131<\/p>\n<p>George Dorwell, 2015 y\u0131l\u0131n\u0131n Mart ay\u0131nda hen\u00fcz 22 ya\u015f\u0131ndayken, \u00e7o\u011funlukla yar\u0131 profesyonel kul\u00fcplerin yer ald\u0131\u011f\u0131 Londra, Do\u011fu ve G\u00fcney Do\u011fu \u0130ngiltere\u2019yi kapsayan b\u00f6lgesel bir futbol ligi olan Isthmian Ligi ekiplerinden Worthing FC\u2019nin y\u00fczde 75\u2019lik hissesini sat\u0131n alarak d\u00fcnyan\u0131n en gen\u00e7 ba\u015fkan\u0131 olmu\u015ftu.<\/p>\n<p>\u00dclkemizde ise TFF 3. Lig ekiplerinden \u00c7anakkale Dardanelspor\u2019da 2015 y\u0131l\u0131n\u0131n Temmuz ay\u0131nda yap\u0131lan kongrede kul\u00fcb\u00fcn kurucu ba\u015fkan\u0131 Niyazi \u00d6nen, ba\u015fkanl\u0131k g\u00f6revini kul\u00fcp ile ya\u015f\u0131t olan 25 ya\u015f\u0131ndaki o\u011flu Mehmet \u00d6nen\u2019e devretmi\u015fti. Mehmet \u00d6nen, kongrenin ard\u0131ndan T\u00fcrkiye\u2019nin en gen\u00e7 kul\u00fcp ba\u015fkan\u0131 unvan\u0131n\u0131n sahibi olmu\u015ftu.<\/p>\n<p>Enes Ege Ayg\u00fcn ise 21 ya\u015f\u0131nda GMG Kastamonuspor\u2019a kul\u00fcp ba\u015fkan\u0131 se\u00e7ilerek hem d\u00fcnyan\u0131n hem de T\u00fcrkiye\u2019nin en gen\u00e7 kul\u00fcp ba\u015fkan\u0131 unvan\u0131n\u0131 elde etti.<\/p>\n","protected":false},"excerpt":{"rendered":"<p>GMG KASTAMONUSPOR\u2019UN OLA\u011eAN\u00dcST\u00dc GENEL KURULU KARARI ALMASININ ARDINDAN ADAYLI\u011eINI A\u00c7IKLAYAN 21 YA\u015eINDAK\u0130 ENES EGE AYG\u00dcN, KUL\u00dcP BA\u015eKANI SE\u00c7\u0130LEREK D\u00dcNYANIN EN GEN\u00c7 KUL\u00dcP BA\u015eKANI UNVANINI ELDE ETT\u0130.<\/p>\n","protected":false},"author":1,"featured_media":0,"comment_status":"closed","ping_status":"open","sticky":false,"template":"","format":"standard","meta":{"jetpack_post_was_ever_published":false,"_jetpack_newsletter_access":"","_jetpack_dont_email_post_to_subs":false,"_jetpack_newsletter_tier_id":0,"_jetpack_memberships_contains_paywalled_content":false,"_jetpack_memberships_contains_paid_content":false,"footnotes":"","jetpack_publicize_message":"","jetpack_publicize_feature_enabled":true,"jetpack_social_post_already_shared":true,"jetpack_social_options":{"image_generator_settings":{"template":"highway","default_image_id":0,"font":"","enabled":false},"version":2}},"categories":[657],"tags":[64026,100,55787,64025],"class_list":["post-259417","post","type-post","status-publish","format-standard","hentry","category-spor","tag-21lik","tag-baskan","tag-gmg","tag-kastamonuspora"],"jetpack_publicize_connections":[],"jetpack_featured_media_url":"","jetpack_sharing_enabled":true,"jetpack_shortlink":"https:\/\/wp.me\/paKIfm-15u9","_links":{"self":[{"href":"http:\/\/www.tvturk.com\/index.php\/wp-json\/wp\/v2\/posts\/259417","targetHints":{"allow":["GET"]}}],"collection":[{"href":"http:\/\/www.tvturk.com\/index.php\/wp-json\/wp\/v2\/posts"}],"about":[{"href":"http:\/\/www.tvturk.com\/index.php\/wp-json\/wp\/v2\/types\/post"}],"author":[{"embeddable":true,"href":"http:\/\/www.tvturk.com\/index.php\/wp-json\/wp\/v2\/users\/1"}],"replies":[{"embeddable":true,"href":"http:\/\/www.tvturk.com\/index.php\/wp-json\/wp\/v2\/comments?post=259417"}],"version-history":[{"count":0,"href":"http:\/\/www.tvturk.com\/index.php\/wp-json\/wp\/v2\/posts\/259417\/revisions"}],"wp:attachment":[{"href":"http:\/\/www.tvturk.com\/index.php\/wp-json\/wp\/v2\/media?parent=259417"}],"wp:term":[{"taxonomy":"category","embeddable":true,"href":"http:\/\/www.tvturk.com\/index.php\/wp-json\/wp\/v2\/categories?post=259417"},{"taxonomy":"post_tag","embeddable":true,"href":"http:\/\/www.tvturk.com\/index.php\/wp-json\/wp\/v2\/tags?post=259417"}],"curies":[{"name":"wp","href":"https:\/\/api.w.org\/{rel}","templated":true}]}}