{"id":259426,"date":"2020-01-23T19:46:44","date_gmt":"2020-01-23T16:46:44","guid":{"rendered":"http:\/\/www.tvturk.com\/index.php\/baris-pinari-harekatindan-donen-polis-ozel-harekata-mehterli-karsilama\/"},"modified":"2020-01-23T19:46:44","modified_gmt":"2020-01-23T16:46:44","slug":"baris-pinari-harekatindan-donen-polis-ozel-harekata-mehterli-karsilama","status":"publish","type":"post","link":"http:\/\/www.tvturk.com\/index.php\/baris-pinari-harekatindan-donen-polis-ozel-harekata-mehterli-karsilama\/","title":{"rendered":"Bar\u0131\u015f P\u0131nar\u0131 Harekat\u0131\u2019ndan d\u00f6nen Polis \u00d6zel Harekata mehterli kar\u015f\u0131lama"},"content":{"rendered":"<p>T\u00fcrkiye\u2019nin g\u00fcney s\u0131n\u0131r\u0131nda olu\u015fturulmaya \u00e7al\u0131\u015f\u0131lan ter\u00f6r koridorunu yok etmek, b\u00f6lgeye bar\u0131\u015f ve huzur getirmek amac\u0131yla ba\u015flat\u0131lan Bar\u0131\u015f P\u0131nar\u0131 Harekat\u0131\u2019na kat\u0131lan Giresun Polis \u00d6zel Harekat timleri g\u00f6revlerinin bitimiyle \u015fehre d\u00f6n\u00fc\u015f yapt\u0131. \u00d6zel Harekat Polislerine mehterli kar\u015f\u0131lama yap\u0131ld\u0131.<\/p>\n<p>\u00d6zel Harekat \u015eube M\u00fcd\u00fcrl\u00fc\u011f\u00fcnde mehter tak\u0131m\u0131n \u00e7ald\u0131\u011f\u0131 mar\u015flarla kar\u015f\u0131lanan \u00d6zel Harekat Polisleri kesilen kurban ve \u0130l M\u00fcft\u00fcs\u00fc Muhittin Oral\u2019\u0131n yapt\u0131\u011f\u0131 duan\u0131n ard\u0131ndan aileleri ile bulu\u015ftu. D\u00fczenlenen kar\u015f\u0131lama program\u0131nda konu\u015fan \u0130l Emniyet M\u00fcd\u00fcr\u00fc Fahri Akta\u015f, burada yapt\u0131\u011f\u0131 konu\u015fmada, &#8220;Oradaki insanlar ad\u0131na, huzur, birlik, beraberlik, karde\u015flik ad\u0131na \u00e7ok kutsal bir g\u00f6rev ifa ettiniz. Ba\u015far\u0131 ile al\u0131nlar\u0131n\u0131z\u0131n ak\u0131yla \u015fan ve \u015feref i\u00e7erisinde de geri d\u00f6nd\u00fcn\u00fcz. Hepinizi al\u0131nlar\u0131n\u0131zdan \u00f6p\u00fcyorum. Allah bundan sonra da yar ve yard\u0131mc\u0131m\u0131z olsun.&#8221; dedi.<\/p>\n<p>\u00d6te yanda, 18 Ekim 2019 tarihinde 43 \u00d6zel Harekat Polisi Giresun\u2019dan b\u00f6lgeye gitmi\u015fti.<\/p>\n","protected":false},"excerpt":{"rendered":"<p>T\u00dcRK\u0130YE&#8217;N\u0130N G\u00dcNEY SINIRINDA OLU\u015eTURULMAYA \u00c7ALI\u015eILAN TER\u00d6R KOR\u0130DORUNU YOK ETMEK, B\u00d6LGEYE BARI\u015e VE HUZUR GET\u0130RMEK AMACIYLA BA\u015eLATILAN BARI\u015e PINARI HAREKATI&#8217;NA KATILAN G\u0130RESUN POL\u0130S \u00d6ZEL HAREKAT T\u0130MLER\u0130 G\u00d6REVLER\u0130N\u0130N B\u0130T\u0130M\u0130YLE \u015eEHRE D\u00d6N\u00dc\u015e YAPTI. \u00d6ZEL HAREKAT POL\u0130SLER\u0130NE MEHTERL\u0130 KAR\u015eILAMA YAPILDI.<\/p>\n","protected":false},"author":1,"featured_media":0,"comment_status":"closed","ping_status":"open","sticky":false,"template":"","format":"standard","meta":{"jetpack_post_was_ever_published":false,"_jetpack_newsletter_access":"","_jetpack_dont_email_post_to_subs":false,"_jetpack_newsletter_tier_id":0,"_jetpack_memberships_contains_paywalled_content":false,"_jetpack_memberships_contains_paid_content":false,"footnotes":"","jetpack_publicize_message":"","jetpack_publicize_feature_enabled":true,"jetpack_social_post_already_shared":true,"jetpack_social_options":{"image_generator_settings":{"template":"highway","default_image_id":0,"font":"","enabled":false},"version":2}},"categories":[1],"tags":[1073,4256,6581,40888,44833,680,19898,53832,996],"class_list":["post-259426","post","type-post","status-publish","format-standard","hentry","category-genel","tag-ozel","tag-baris","tag-donen","tag-harekata","tag-harekatindan","tag-karsilama","tag-mehterli","tag-pinari","tag-polis"],"jetpack_publicize_connections":[],"jetpack_featured_media_url":"","jetpack_sharing_enabled":true,"jetpack_shortlink":"https:\/\/wp.me\/paKIfm-15ui","_links":{"self":[{"href":"http:\/\/www.tvturk.com\/index.php\/wp-json\/wp\/v2\/posts\/259426","targetHints":{"allow":["GET"]}}],"collection":[{"href":"http:\/\/www.tvturk.com\/index.php\/wp-json\/wp\/v2\/posts"}],"about":[{"href":"http:\/\/www.tvturk.com\/index.php\/wp-json\/wp\/v2\/types\/post"}],"author":[{"embeddable":true,"href":"http:\/\/www.tvturk.com\/index.php\/wp-json\/wp\/v2\/users\/1"}],"replies":[{"embeddable":true,"href":"http:\/\/www.tvturk.com\/index.php\/wp-json\/wp\/v2\/comments?post=259426"}],"version-history":[{"count":0,"href":"http:\/\/www.tvturk.com\/index.php\/wp-json\/wp\/v2\/posts\/259426\/revisions"}],"wp:attachment":[{"href":"http:\/\/www.tvturk.com\/index.php\/wp-json\/wp\/v2\/media?parent=259426"}],"wp:term":[{"taxonomy":"category","embeddable":true,"href":"http:\/\/www.tvturk.com\/index.php\/wp-json\/wp\/v2\/categories?post=259426"},{"taxonomy":"post_tag","embeddable":true,"href":"http:\/\/www.tvturk.com\/index.php\/wp-json\/wp\/v2\/tags?post=259426"}],"curies":[{"name":"wp","href":"https:\/\/api.w.org\/{rel}","templated":true}]}}