{"id":259456,"date":"2020-01-23T22:01:56","date_gmt":"2020-01-23T19:01:56","guid":{"rendered":"http:\/\/www.tvturk.com\/index.php\/basaksehir-karla-mucadeleye-hazir\/"},"modified":"2020-01-23T22:01:56","modified_gmt":"2020-01-23T19:01:56","slug":"basaksehir-karla-mucadeleye-hazir","status":"publish","type":"post","link":"http:\/\/www.tvturk.com\/index.php\/basaksehir-karla-mucadeleye-hazir\/","title":{"rendered":"Ba\u015fak\u015fehir karla m\u00fccadeleye haz\u0131r"},"content":{"rendered":"<p>Ba\u015fak\u015fehir Belediyesi, k\u0131\u015f \u015fartlar\u0131yla m\u00fccadele kapsam\u0131nda haz\u0131rl\u0131klar\u0131n\u0131 tamamland\u0131. \u00c7al\u0131\u015fmalar\u0131n 230 personel ve 82 ara\u00e7la 24 saat esas\u0131na g\u00f6re y\u00fcr\u00fct\u00fcld\u00fc\u011f\u00fcn\u00fc ifade eden Ba\u015fak\u015fehir Belediye Ba\u015fkan\u0131 Yasin Karto\u011flu, haz\u0131rl\u0131klar\u0131 drone ile havadan kontrol etti.<\/p>\n<p>Ba\u015fak\u015fehir Belediyesi Fen \u0130\u015fleri M\u00fcd\u00fcrl\u00fc\u011f\u00fc k\u0131\u015f \u015fartlar\u0131 ve karla m\u00fccadele kapsam\u0131nda il\u00e7e genelinde g\u00f6reve haz\u0131rl\u0131k yapt\u0131. Atat\u00fcrk Olimpiyat Stadyumu yan\u0131ndaki alanda 230 personel, g\u00f6revli olduklar\u0131 82 ara\u00e7la tam kadro haz\u0131r bulundu.<\/p>\n<p>Ba\u015fkan Karto\u011flu haz\u0131rl\u0131klar\u0131 drone ile izledi<\/p>\n<p>Ba\u015fak\u015fehir Belediye Ba\u015fkan\u0131 Yasin Karto\u011flu, alana gelmeden \u00f6nce drone kullanarak haz\u0131rl\u0131k \u00e7al\u0131\u015fmalar\u0131n\u0131 havadan izledi. Ba\u015fkan Karto\u011flu, daha sonra ekiplerin ara\u00e7lar\u0131yla haz\u0131r bulundu\u011fu alana geldi. Burada k\u0131\u015f haz\u0131rl\u0131klar\u0131yla ilgili bir a\u00e7\u0131klama yapan Ba\u015fkan Karto\u011flu, \u201cK\u0131\u015f haz\u0131rl\u0131klar\u0131 i\u00e7in g\u00f6revlendirilen ara\u00e7lar\u0131n haz\u0131r bulundu\u011fu alana geldik. Arkada\u015flar\u0131m\u0131zdan raporlar\u0131 ald\u0131k. 24 saat esas\u0131na dayal\u0131 g\u00fczel bir \u00e7al\u0131\u015fma modeli haz\u0131rlam\u0131\u015flar. Ba\u015fak\u015fehirliler i\u00e7in 24 saat, var g\u00fc\u00e7leriyle \u00e7al\u0131\u015facaklar. Mevsim \u015fartlar\u0131na dayal\u0131 ya\u015fanan olumsuzluklar\u0131 Belediyemizin 444 06 69 numaral\u0131 telefonuna bildirebilirsiniz.\u201d diye konu\u015ftu.<\/p>\n<p>Vatanda\u015flara iki \u00f6nemli hat\u0131rlatma<\/p>\n<p>Vatanda\u015flara k\u0131\u015f mevsimi i\u00e7in iki \u00f6nemli hat\u0131rlatmada bulunan Ba\u015fkan Karto\u011flu, \u201cSizden iki ricam\u0131z var. Biri, yola \u00e7\u0131kt\u0131\u011f\u0131m\u0131zda k\u0131\u015f lastiklerimizi takmay\u0131 l\u00fctfen unutmayal\u0131m ama daha \u00f6nemlisi ara\u00e7lar\u0131m\u0131z\u0131 \u00e7al\u0131\u015ft\u0131rmadan \u00f6nce mutlaka minik dostlar\u0131m\u0131z i\u00e7in kaputlar\u0131m\u0131za vural\u0131m. Ondan sonra ara\u00e7lar\u0131m\u0131z\u0131 \u00e7al\u0131\u015ft\u0131ral\u0131m&#8221; dedi.<\/p>\n","protected":false},"excerpt":{"rendered":"<p>BA\u015eAK\u015eEH\u0130R BELED\u0130YES\u0130, KI\u015e \u015eARTLARIYLA M\u00dcCADELE KAPSAMINDA HAZIRLIKLARINI TAMAMLANDI.<\/p>\n","protected":false},"author":1,"featured_media":0,"comment_status":"closed","ping_status":"open","sticky":false,"template":"","format":"standard","meta":{"jetpack_post_was_ever_published":false,"_jetpack_newsletter_access":"","_jetpack_dont_email_post_to_subs":false,"_jetpack_newsletter_tier_id":0,"_jetpack_memberships_contains_paywalled_content":false,"_jetpack_memberships_contains_paid_content":false,"footnotes":"","jetpack_publicize_message":"","jetpack_publicize_feature_enabled":true,"jetpack_social_post_already_shared":true,"jetpack_social_options":{"image_generator_settings":{"template":"highway","default_image_id":0,"font":"","enabled":false},"version":2}},"categories":[1],"tags":[6004,4013,887,5830],"class_list":["post-259456","post","type-post","status-publish","format-standard","hentry","category-genel","tag-basaksehir","tag-hazir","tag-karla","tag-mucadeleye"],"jetpack_publicize_connections":[],"jetpack_featured_media_url":"","jetpack_sharing_enabled":true,"jetpack_shortlink":"https:\/\/wp.me\/paKIfm-15uM","_links":{"self":[{"href":"http:\/\/www.tvturk.com\/index.php\/wp-json\/wp\/v2\/posts\/259456","targetHints":{"allow":["GET"]}}],"collection":[{"href":"http:\/\/www.tvturk.com\/index.php\/wp-json\/wp\/v2\/posts"}],"about":[{"href":"http:\/\/www.tvturk.com\/index.php\/wp-json\/wp\/v2\/types\/post"}],"author":[{"embeddable":true,"href":"http:\/\/www.tvturk.com\/index.php\/wp-json\/wp\/v2\/users\/1"}],"replies":[{"embeddable":true,"href":"http:\/\/www.tvturk.com\/index.php\/wp-json\/wp\/v2\/comments?post=259456"}],"version-history":[{"count":0,"href":"http:\/\/www.tvturk.com\/index.php\/wp-json\/wp\/v2\/posts\/259456\/revisions"}],"wp:attachment":[{"href":"http:\/\/www.tvturk.com\/index.php\/wp-json\/wp\/v2\/media?parent=259456"}],"wp:term":[{"taxonomy":"category","embeddable":true,"href":"http:\/\/www.tvturk.com\/index.php\/wp-json\/wp\/v2\/categories?post=259456"},{"taxonomy":"post_tag","embeddable":true,"href":"http:\/\/www.tvturk.com\/index.php\/wp-json\/wp\/v2\/tags?post=259456"}],"curies":[{"name":"wp","href":"https:\/\/api.w.org\/{rel}","templated":true}]}}