{"id":259463,"date":"2020-01-23T22:47:05","date_gmt":"2020-01-23T19:47:05","guid":{"rendered":"http:\/\/www.tvturk.com\/index.php\/galatasaray-ceyrek-finalde\/"},"modified":"2020-01-23T22:47:05","modified_gmt":"2020-01-23T19:47:05","slug":"galatasaray-ceyrek-finalde","status":"publish","type":"post","link":"http:\/\/www.tvturk.com\/index.php\/galatasaray-ceyrek-finalde\/","title":{"rendered":"Galatasaray \u00e7eyrek finalde"},"content":{"rendered":"<p>Galatasaray, Ziraat T\u00fcrkiye Kupas\u0131 Son 16 Turu\u2019nda 1-1\u2019in r\u00f6van\u015f\u0131nda Adem B\u00fcy\u00fck ve Mario Lemina\u2019n\u0131n golleri ile \u00c7aykur Rizespor\u2019u 2-1 ma\u011flup etti ve \u00e7eyrek finale y\u00fckseldi. Sar\u0131-k\u0131rm\u0131z\u0131l\u0131larda Lemina ilk gol sevincini ya\u015farken, Adem ise 3. gol\u00fcn\u00fc kaydetti.<\/p>\n<p>Ziraat T\u00fcrkiye Kupas\u0131 Son 16 Turu\u2019nda 1-1\u2019in r\u00f6van\u015f\u0131nda Galatasaray, T\u00fcrk Telekom Stadyumu\u2019nda \u00c7aykur Rizespor ile kar\u015f\u0131la\u015ft\u0131. M\u00fccadelenin ilk yar\u0131s\u0131 0-0 sona ererken, gol perdesini Adem B\u00fcy\u00fck a\u00e7t\u0131. M\u00fcsabakan\u0131n 60. dakikas\u0131nda kazan\u0131lan penalt\u0131da topun ba\u015f\u0131na ge\u00e7en Adem, me\u015fin yuvarla\u011f\u0131 a\u011flarla bulu\u015fturarak tak\u0131m\u0131n\u0131 1-0 \u00f6ne ge\u00e7irdi. Daha sonra Rize penalt\u0131 kazand\u0131 ve 77. dakikada O\u011fulcan \u00c7a\u011flayan kulland\u0131\u011f\u0131 penalt\u0131 vuru\u015funda top a\u011flara gitti ve skor 1-1\u2019e geldi. Ma\u00e7\u0131n skorunu ise Mario Lemina tayin etti. Lemina 82. dakikadaki gol\u00fc ile hem tak\u0131m\u0131n\u0131 \u00f6ne ge\u00e7irdi ve hem de tur atlamas\u0131n\u0131 sa\u011flad\u0131.<\/p>\n<p>Adem bu sezonki 3. gol\u00fcn\u00fc kaydetti<\/p>\n<p>Sar\u0131-k\u0131rm\u0131z\u0131l\u0131larda Adem B\u00fcy\u00fck att\u0131\u011f\u0131 golle bu sezon 3. kez gol sevinci ya\u015fad\u0131. 32 ya\u015f\u0131ndaki futbolcu daha \u00f6ncede S\u00fcper Lig\u2019de Kayserispor, UEFA \u015eampiyonlar Ligi\u2019nde Club Brugge kar\u015f\u0131s\u0131nda atm\u0131\u015ft\u0131. M\u00fccadeleye 11\u2019de ba\u015flayan Adem, 78. dakikada yerini Radamel Falcao\u2019ya b\u0131rakt\u0131. Ba\u015far\u0131l\u0131 futbolcu bu sezon 21 ma\u00e7ta g\u00f6rev ald\u0131.<\/p>\n<p>Lemina\u2019n\u0131n ilk gol sevinci<\/p>\n<p>Galatasaray\u2019\u0131n sezon ba\u015f\u0131nda kadrosuna katt\u0131\u011f\u0131 Mario Lemina sar\u0131-k\u0131rm\u0131z\u0131l\u0131 forma ile ilk gol\u00fcn\u00fc \u00c7aykur Rizespor\u2019a att\u0131. Lemina m\u00fcsabakan\u0131n 82. dakikada att\u0131\u011f\u0131 golden sonra b\u00fcy\u00fck sevin\u00e7 ya\u015fad\u0131. 26 ya\u015f\u0131ndaki futbolcu bu sezon 18 resmi m\u00fcsabakada oynad\u0131.<\/p>\n<p>19 bin 797 ki\u015fi izledi<\/p>\n<p>Galatasaray ile \u00c7aykur Rizespor aras\u0131nda oynanan kar\u015f\u0131la\u015fmay\u0131 T\u00fcrk Telekom Stadyumu\u2019nda toplam 19 bin 797 biletli seyirci izledi. \u0130stanbul\u2019daki so\u011fuk havaya ra\u011fmen ma\u00e7a gelen sar\u0131-k\u0131rm\u0131z\u0131l\u0131 taraftarlar yapt\u0131klar\u0131 tezah\u00fcratlarla tak\u0131m\u0131n\u0131 90 dakika destekledi. Rize taraftarlar\u0131 da deplasman trib\u00fcn\u00fcndeki yerini ald\u0131.<\/p>\n","protected":false},"excerpt":{"rendered":"<p>GALATASARAY, Z\u0130RAAT T\u00dcRK\u0130YE KUPASI SON 16 TURU\u2019NDA 1-1\u2019\u0130N R\u00d6VAN\u015eINDA ADEM B\u00dcY\u00dcK VE MAR\u0130O LEM\u0130NA\u2019NIN GOLLER\u0130 \u0130LE \u00c7AYKUR R\u0130ZESPOR\u2019U 2-1 MA\u011eLUP ETT\u0130 VE \u00c7EYREK F\u0130NALE Y\u00dcKSELD\u0130. SARI-KIRMIZILILARDA LEM\u0130NA \u0130LK GOL SEV\u0130NC\u0130N\u0130 YA\u015eARKEN, ADEM \u0130SE 3. GOL\u00dcN\u00dc KAYDETT\u0130.<\/p>\n","protected":false},"author":1,"featured_media":0,"comment_status":"closed","ping_status":"open","sticky":false,"template":"","format":"standard","meta":{"jetpack_post_was_ever_published":false,"_jetpack_newsletter_access":"","_jetpack_dont_email_post_to_subs":false,"_jetpack_newsletter_tier_id":0,"_jetpack_memberships_contains_paywalled_content":false,"_jetpack_memberships_contains_paid_content":false,"footnotes":"","jetpack_publicize_message":"","jetpack_publicize_feature_enabled":true,"jetpack_social_post_already_shared":true,"jetpack_social_options":{"image_generator_settings":{"template":"highway","default_image_id":0,"font":"","enabled":false},"version":2}},"categories":[657],"tags":[11510,2670,1976],"class_list":["post-259463","post","type-post","status-publish","format-standard","hentry","category-spor","tag-ceyrek","tag-finalde","tag-galatasaray"],"jetpack_publicize_connections":[],"jetpack_featured_media_url":"","jetpack_sharing_enabled":true,"jetpack_shortlink":"https:\/\/wp.me\/paKIfm-15uT","_links":{"self":[{"href":"http:\/\/www.tvturk.com\/index.php\/wp-json\/wp\/v2\/posts\/259463","targetHints":{"allow":["GET"]}}],"collection":[{"href":"http:\/\/www.tvturk.com\/index.php\/wp-json\/wp\/v2\/posts"}],"about":[{"href":"http:\/\/www.tvturk.com\/index.php\/wp-json\/wp\/v2\/types\/post"}],"author":[{"embeddable":true,"href":"http:\/\/www.tvturk.com\/index.php\/wp-json\/wp\/v2\/users\/1"}],"replies":[{"embeddable":true,"href":"http:\/\/www.tvturk.com\/index.php\/wp-json\/wp\/v2\/comments?post=259463"}],"version-history":[{"count":0,"href":"http:\/\/www.tvturk.com\/index.php\/wp-json\/wp\/v2\/posts\/259463\/revisions"}],"wp:attachment":[{"href":"http:\/\/www.tvturk.com\/index.php\/wp-json\/wp\/v2\/media?parent=259463"}],"wp:term":[{"taxonomy":"category","embeddable":true,"href":"http:\/\/www.tvturk.com\/index.php\/wp-json\/wp\/v2\/categories?post=259463"},{"taxonomy":"post_tag","embeddable":true,"href":"http:\/\/www.tvturk.com\/index.php\/wp-json\/wp\/v2\/tags?post=259463"}],"curies":[{"name":"wp","href":"https:\/\/api.w.org\/{rel}","templated":true}]}}