{"id":259492,"date":"2020-01-24T09:01:33","date_gmt":"2020-01-24T06:01:33","guid":{"rendered":"http:\/\/www.tvturk.com\/index.php\/minik-zeynepten-duygulandiran-davranis-kumbarasindaki-paralari-idlibdeki-cocuklara-bagisladi\/"},"modified":"2020-01-24T09:01:33","modified_gmt":"2020-01-24T06:01:33","slug":"minik-zeynepten-duygulandiran-davranis-kumbarasindaki-paralari-idlibdeki-cocuklara-bagisladi","status":"publish","type":"post","link":"http:\/\/www.tvturk.com\/index.php\/minik-zeynepten-duygulandiran-davranis-kumbarasindaki-paralari-idlibdeki-cocuklara-bagisladi\/","title":{"rendered":"Minik Zeynep\u2019ten duyguland\u0131ran davran\u0131\u015f, kumbaras\u0131ndaki paralar\u0131 \u0130dlib\u2019deki \u00e7ocuklara ba\u011f\u0131\u015flad\u0131"},"content":{"rendered":"<p>Erzincan\u2019da ya\u015fayan 5 ya\u015f\u0131ndaki Zeynep Hafsa Erdo\u011fan, babas\u0131yla birlikte televizyonda haberleri izlerken \u0130dlib ile ilgili \u00e7\u0131kan habere duyars\u0131z kalmayarak kumbaras\u0131nda biriktirdi\u011fi 61 liray\u0131 Suriye\u2019nin \u0130dlib kentinde ya\u015fayan \u00e7ocuklara ba\u011f\u0131\u015flad\u0131.<\/p>\n<p>Suriye\u2019nin \u0130dlib kentinde ya\u015fanan insanl\u0131k dram\u0131na Erzincan\u2019da ya\u015fayan 5 ya\u015f\u0131ndaki Zeynep Hafsa Erdo\u011fan, duyars\u0131z kalmad\u0131. Babas\u0131 ile birlikte evlerinde haberleri izlerken \u0130dlib\u2019den yay\u0131nlanan bir haberde \u00e7ocuklar\u0131n \u00e7amur i\u00e7erisinde \u00e7ad\u0131rlarda ya\u015fad\u0131\u011f\u0131n\u0131 g\u00f6ren Zeynep Hafsa Erdo\u011fan \u00e7ocuklar\u0131n ya\u015fam ko\u015fullar\u0131ndan etkilendi. K\u0131z\u0131n\u0131n duyguland\u0131\u011f\u0131n\u0131 fark eden baba Yavuz Selim Erdo\u011fan, k\u0131z\u0131 Zeynep\u2019e paralar\u0131n\u0131 \u0130dlib\u2019de bulunan karde\u015flerinle payla\u015f\u0131r m\u0131s\u0131n diye sordu. Bunun \u00fczerine evet babac\u0131\u011f\u0131m payla\u015f\u0131r\u0131m diye k\u0131z\u0131ndan cevap alan baban\u0131n ise g\u00f6zleri doldu. Daha sonra babas\u0131yla birlikte T\u00fcrkiye Diyanet Vakf\u0131 Erzincan \u015eubesine gelen Zeynep Hafsa Erdo\u011fan, kumbaras\u0131nda biriktirdi\u011fi 61 lira 5 kuru\u015fu \u0130dlib\u2019de ya\u015fayan \u00e7ocuklara ba\u011f\u0131\u015flad\u0131.<\/p>\n<p>Televizyon seyrederken \u00e7ocuklar\u0131 \u00e7amur i\u00e7erinde g\u00f6rd\u00fc\u011f\u00fcn\u00fc ifade eden Zeynep Hafsa Erdo\u011fan, \u201cTelevizyon seyrederken \u0130dlib\u2019deki karde\u015flerimin \u00e7amurlar i\u00e7erinde oldu\u011funu g\u00f6rd\u00fcm. O y\u00fczden har\u00e7l\u0131klar\u0131m\u0131 onlara g\u00f6nderece\u011fim. Ben oradaki karde\u015flerim i\u00e7in \u00e7ok \u00fcz\u00fcld\u00fcm\u201d dedi.<\/p>\n<p>\u201cZeynep haberi izlerken \u00e7ok duyguland\u0131\u201d<\/p>\n<p>Zeynep Hafsa\u2019n\u0131n g\u00f6z\u00fc gibi saklad\u0131\u011f\u0131 payla\u015fmay\u0131 hi\u00e7 d\u00fc\u015f\u00fcnmedi\u011fi har\u00e7l\u0131klar\u0131n\u0131 \u0130dlib\u2019deki \u00e7ocuklara ba\u011f\u0131\u015flad\u0131\u011f\u0131n\u0131 ifade eden baba Yavuz Selim Erdo\u011fan, \u201cEvde televizyon seyrederken \u0130dlib ile ilgili haberler \u00e7\u0131kt\u0131. O haberlerde \u0130dlib\u2019deki o masum insanlar\u0131n \u00e7ektikleri ac\u0131lar, \u0131st\u0131raplar, \u00e7ad\u0131rlar i\u00e7erisinde yokluk ve \u00e7amurlar i\u00e7erisinde ki g\u00f6r\u00fcnt\u00fcleri izleyince duyguland\u0131k. Haberi izleyen Zeynep k\u0131z\u0131mda \u00e7ok duyguland\u0131. Kendisine ara ara verdi\u011fimiz ve biriktirdi\u011fi har\u00e7l\u0131klar\u0131 vard\u0131. G\u00f6z\u00fc gibi saklad\u0131\u011f\u0131 payla\u015fmay\u0131 hi\u00e7 d\u00fc\u015f\u00fcnmedi\u011fi har\u00e7l\u0131klar\u0131 vard\u0131. Bende k\u0131z\u0131ma paralar\u0131n\u0131 \u0130dlib\u2019deki karde\u015flerinle payla\u015f\u0131r m\u0131s\u0131n diye bir teklifte bulundum. O da \u00e7ok sevin\u00e7li bir \u015fekilde evet babac\u0131\u011f\u0131m tabi ki payla\u015f\u0131r\u0131m onlar bizim karde\u015flerimiz cevab\u0131n\u0131 verdi. Tabi bizde il m\u00fcft\u00fcl\u00fc\u011f\u00fcne gelerek bu paralar\u0131 \u0130dlib\u2019de ya\u015fan karde\u015flerimiz ad\u0131na kullan\u0131lmas\u0131 i\u00e7in vakfa ba\u011f\u0131\u015flad\u0131k. Bundan dolay\u0131 \u00e7ok mutluyuz\u201d diye konu\u015ftu.<\/p>\n<p>\u201cZeynep Hafsa k\u0131z\u0131m\u0131z\u0131n yapm\u0131\u015f oldu\u011fu ba\u011f\u0131\u015f hepimizi \u00e7ok etkiledi\u201d<\/p>\n<p>Zeynep Hafza\u2019n\u0131n yapt\u0131\u011f\u0131 ba\u011f\u0131\u015f ile Erzincan\u2019da g\u00f6z ya\u015fart\u0131c\u0131 manzarayla kar\u015f\u0131la\u015ft\u0131klar\u0131n\u0131 s\u00f6yleyen Erzincan \u0130l M\u00fcft\u00fcs\u00fc Mehmet Emin \u00c7etin, \u201cErzincan\u2019da ger\u00e7ekten g\u00f6z ya\u015fart\u0131c\u0131 manzaralarla kar\u015f\u0131la\u015fmaktay\u0131z. Zeynep Hafsa k\u0131z\u0131m\u0131z\u0131n yapm\u0131\u015f oldu\u011fu ba\u011f\u0131\u015f hepimizi \u00e7ok etkiledi. Konuyu bana babas\u0131 s\u00f6yledi\u011finde \u00e7ok duyguland\u0131m. Dedi ki Hocam evimizde \u00e7ocu\u011fumuzla oturuyoruz. \u00c7ocu\u011fum asl\u0131nda \u00e7okta payla\u015fmay\u0131 sevmezdi oyuncaklar\u0131n\u0131 dahi payla\u015famazd\u0131 ancak \u0130dlib\u2019te ya\u015fananlar\u0131 haberlerde izlerken k\u0131z\u0131m sende yard\u0131m etmek ister misin dedi\u011fimde bana har\u00e7l\u0131klar\u0131n\u0131 verebilece\u011fini s\u00f6yledi. Hikaye bu \u015fekilde ba\u015flad\u0131. Zeynep k\u0131z\u0131m\u0131z har\u00e7l\u0131klar\u0131n\u0131 getirdi burada yard\u0131mlar\u0131n\u0131 teslim etti. Ger\u00e7ekten \u00e7ocuklar\u0131n bile etkilendi\u011fi sava\u015f\u0131n yoruldu\u011fu \u00f6l\u00fcm\u00fcn yoruldu\u011fu bir sava\u015ftan bahsediyoruz. \u0130nsanlar \u00f6l\u00fcyor \u00e7ocuklar yetim kal\u0131yor. Kad\u0131nlar kocas\u0131z kal\u0131yor. Babalar anneler evlats\u0131z kal\u0131yor. \u015eu k\u0131\u015f g\u00fcnlerinde bizler a\u00e7\u0131k kap\u0131larda oturmad\u0131\u011f\u0131m\u0131z zamanlarda onlar \u00e7ad\u0131rlarda ya\u015fam m\u00fccadelesi veriyor\u201d ifadelerini kulland\u0131.<\/p>\n","protected":false},"excerpt":{"rendered":"<p>ERZ\u0130NCAN\u2019DA YA\u015eAYAN 5 YA\u015eINDAK\u0130 ZEYNEP HAFSA ERDO\u011eAN, BABASIYLA B\u0130RL\u0130KTE TELEV\u0130ZYONDA HABERLER\u0130 \u0130ZLERKEN \u0130DL\u0130B \u0130LE \u0130LG\u0130L\u0130 \u00c7IKAN HABERE DUYARSIZ KALMAYARAK KUMBARASINDA B\u0130R\u0130KT\u0130RD\u0130\u011e\u0130 61 L\u0130RAYI SUR\u0130YE\u2019N\u0130N \u0130DL\u0130B KENT\u0130NDE YA\u015eAYAN \u00c7OCUKLARA BA\u011eI\u015eLADI.<\/p>\n","protected":false},"author":1,"featured_media":0,"comment_status":"closed","ping_status":"open","sticky":false,"template":"","format":"standard","meta":{"jetpack_post_was_ever_published":false,"_jetpack_newsletter_access":"","_jetpack_dont_email_post_to_subs":false,"_jetpack_newsletter_tier_id":0,"_jetpack_memberships_contains_paywalled_content":false,"_jetpack_memberships_contains_paid_content":false,"footnotes":"","jetpack_publicize_message":"","jetpack_publicize_feature_enabled":true,"jetpack_social_post_already_shared":true,"jetpack_social_options":{"image_generator_settings":{"template":"highway","default_image_id":0,"font":"","enabled":false},"version":2}},"categories":[1],"tags":[2812,353,1997,672,34832,64043,1636,11902,64042],"class_list":["post-259492","post","type-post","status-publish","format-standard","hentry","category-genel","tag-bagisladi","tag-cocuklara","tag-davranis","tag-duygulandiran","tag-idlibdeki","tag-kumbarasindaki","tag-minik","tag-paralari","tag-zeynepten"],"jetpack_publicize_connections":[],"jetpack_featured_media_url":"","jetpack_sharing_enabled":true,"jetpack_shortlink":"https:\/\/wp.me\/paKIfm-15vm","_links":{"self":[{"href":"http:\/\/www.tvturk.com\/index.php\/wp-json\/wp\/v2\/posts\/259492","targetHints":{"allow":["GET"]}}],"collection":[{"href":"http:\/\/www.tvturk.com\/index.php\/wp-json\/wp\/v2\/posts"}],"about":[{"href":"http:\/\/www.tvturk.com\/index.php\/wp-json\/wp\/v2\/types\/post"}],"author":[{"embeddable":true,"href":"http:\/\/www.tvturk.com\/index.php\/wp-json\/wp\/v2\/users\/1"}],"replies":[{"embeddable":true,"href":"http:\/\/www.tvturk.com\/index.php\/wp-json\/wp\/v2\/comments?post=259492"}],"version-history":[{"count":0,"href":"http:\/\/www.tvturk.com\/index.php\/wp-json\/wp\/v2\/posts\/259492\/revisions"}],"wp:attachment":[{"href":"http:\/\/www.tvturk.com\/index.php\/wp-json\/wp\/v2\/media?parent=259492"}],"wp:term":[{"taxonomy":"category","embeddable":true,"href":"http:\/\/www.tvturk.com\/index.php\/wp-json\/wp\/v2\/categories?post=259492"},{"taxonomy":"post_tag","embeddable":true,"href":"http:\/\/www.tvturk.com\/index.php\/wp-json\/wp\/v2\/tags?post=259492"}],"curies":[{"name":"wp","href":"https:\/\/api.w.org\/{rel}","templated":true}]}}