{"id":259516,"date":"2020-01-24T09:46:26","date_gmt":"2020-01-24T06:46:26","guid":{"rendered":"http:\/\/www.tvturk.com\/index.php\/ozel-restorasyon-calismalarinda-sona-gelinen-haydarpasa-gari-havadan-goruntulendi\/"},"modified":"2020-01-24T09:46:26","modified_gmt":"2020-01-24T06:46:26","slug":"ozel-restorasyon-calismalarinda-sona-gelinen-haydarpasa-gari-havadan-goruntulendi","status":"publish","type":"post","link":"http:\/\/www.tvturk.com\/index.php\/ozel-restorasyon-calismalarinda-sona-gelinen-haydarpasa-gari-havadan-goruntulendi\/","title":{"rendered":"(\u00d6zel) Restorasyon \u00e7al\u0131\u015fmalar\u0131nda sona gelinen Haydarpa\u015fa Gar\u0131 havadan g\u00f6r\u00fcnt\u00fclendi"},"content":{"rendered":"<p>\u0130stanbul\u2019un simgelerinden Haydarpa\u015fa Gar\u0131nda 2016 y\u0131l\u0131nda ba\u015flanan restorasyon \u00e7al\u0131\u015fmalar\u0131nda neredeyse sona gelindi. 2010 y\u0131l\u0131nda \u00e7\u0131kan yang\u0131n sonucu tahrip olan gar\u0131n \u00e7at\u0131s\u0131, asl\u0131na uygun \u015fekilde restore edilerek g\u00fc\u00e7lendiriliyor. Gar, \u00e7elik sistemler kullan\u0131larak depreme dayan\u0131kl\u0131 hale getirilirken, yerli malzemenin yan\u0131 s\u0131ra yurt d\u0131\u015f\u0131ndan getirilen malzemeler de restorasyonda kullan\u0131ld\u0131. Restorasyon \u00e7al\u0131\u015fmalar\u0131nda sona yakla\u015f\u0131lan Haydarpa\u015fa Gar\u0131 havadan g\u00f6r\u00fcnt\u00fclendi.<\/p>\n<p>Kad\u0131k\u00f6y\u2019de bulunan 111 y\u0131ll\u0131k Haydarpa\u015fa Gar\u0131, 28 Kas\u0131m 2010 tarihinde \u00e7at\u0131s\u0131nda \u00e7\u0131kan yang\u0131n sonucu \u00e7at\u0131s\u0131n\u0131n hasar g\u00f6rmesinin ard\u0131ndan restorasyon s\u00fcrecine girmi\u015fti. 2016 y\u0131l\u0131nda ba\u015flanan restorasyon \u00e7al\u0131\u015fmalar\u0131nda art\u0131k sona yakla\u015f\u0131ld\u0131. Gar\u0131n \u00e7at\u0131s\u0131 asl\u0131na uygun \u015fekilde restore ediliyor. Restorasyon \u00e7al\u0131\u015fmalar\u0131 gar\u0131n temel, \u00e7evre, bodrum kat ta\u015f\u0131y\u0131c\u0131lar\u0131 ve d\u0131\u015f cephe b\u00f6l\u00fcmlerinde y\u00fcr\u00fct\u00fcl\u00fcyor. Restorasyon \u00e7al\u0131\u015fmalar\u0131 kapsam\u0131nda gar yenilenirken ayn\u0131 zamanda g\u00fc\u00e7lendiriliyor. \u00c7al\u0131\u015fmalarda kullan\u0131lan \u00e7elik sistemler arac\u0131l\u0131\u011f\u0131yla gar depreme dayan\u0131kl\u0131 hale getirildi. Restorasyon \u00e7al\u0131\u015fmalar\u0131nda \u00e7e\u015fitli yerli \u00fcretim malzemeler kullan\u0131ld\u0131. Ayr\u0131ca gar\u0131n \u00e7at\u0131 k\u0131sm\u0131nda Avusturya\u2019dan getirilen ah\u015fap malzemeler ve kiri\u015fler de kullan\u0131ld\u0131. Garda y\u00fcr\u00fct\u00fclen restorasyon \u00e7al\u0131\u015fmalar\u0131n\u0131n 2020 y\u0131l\u0131nda bitirilmesi planlan\u0131yor.<\/p>\n<p>Haydarpa\u015fa Gar\u0131\u2019nda devam eden restorasyon \u00e7al\u0131\u015fmalar\u0131nda gelinen som durum drone ile havadan g\u00f6r\u00fcnt\u00fclendi.<\/p>\n","protected":false},"excerpt":{"rendered":"<p>\u0130STANBUL&#8217;UN S\u0130MGELER\u0130NDEN HAYDARPA\u015eA GARINDA 2016 YILINDA BA\u015eLANAN RESTORASYON \u00c7ALI\u015eMALARINDA NEREDEYSE SONA GEL\u0130ND\u0130. 2010 YILINDA \u00c7IKAN YANGIN SONUCU TAHR\u0130P OLAN GARIN \u00c7ATISI, ASLINA UYGUN \u015eEK\u0130LDE RESTORE ED\u0130LEREK G\u00dc\u00c7LEND\u0130R\u0130L\u0130YOR.<\/p>\n","protected":false},"author":1,"featured_media":0,"comment_status":"closed","ping_status":"open","sticky":false,"template":"","format":"standard","meta":{"jetpack_post_was_ever_published":false,"_jetpack_newsletter_access":"","_jetpack_dont_email_post_to_subs":false,"_jetpack_newsletter_tier_id":0,"_jetpack_memberships_contains_paywalled_content":false,"_jetpack_memberships_contains_paid_content":false,"footnotes":"","jetpack_publicize_message":"","jetpack_publicize_feature_enabled":true,"jetpack_social_post_already_shared":true,"jetpack_social_options":{"image_generator_settings":{"template":"highway","default_image_id":0,"font":"","enabled":false},"version":2}},"categories":[1],"tags":[1073,30128,11244,17043,3167,3388,3387,21657,792],"class_list":["post-259516","post","type-post","status-publish","format-standard","hentry","category-genel","tag-ozel","tag-haydarpasa","tag-calismalarinda","tag-gari","tag-gelinen","tag-goruntulendi","tag-havadan","tag-restorasyon","tag-sona"],"jetpack_publicize_connections":[],"jetpack_featured_media_url":"","jetpack_sharing_enabled":true,"jetpack_shortlink":"https:\/\/wp.me\/paKIfm-15vK","_links":{"self":[{"href":"http:\/\/www.tvturk.com\/index.php\/wp-json\/wp\/v2\/posts\/259516","targetHints":{"allow":["GET"]}}],"collection":[{"href":"http:\/\/www.tvturk.com\/index.php\/wp-json\/wp\/v2\/posts"}],"about":[{"href":"http:\/\/www.tvturk.com\/index.php\/wp-json\/wp\/v2\/types\/post"}],"author":[{"embeddable":true,"href":"http:\/\/www.tvturk.com\/index.php\/wp-json\/wp\/v2\/users\/1"}],"replies":[{"embeddable":true,"href":"http:\/\/www.tvturk.com\/index.php\/wp-json\/wp\/v2\/comments?post=259516"}],"version-history":[{"count":0,"href":"http:\/\/www.tvturk.com\/index.php\/wp-json\/wp\/v2\/posts\/259516\/revisions"}],"wp:attachment":[{"href":"http:\/\/www.tvturk.com\/index.php\/wp-json\/wp\/v2\/media?parent=259516"}],"wp:term":[{"taxonomy":"category","embeddable":true,"href":"http:\/\/www.tvturk.com\/index.php\/wp-json\/wp\/v2\/categories?post=259516"},{"taxonomy":"post_tag","embeddable":true,"href":"http:\/\/www.tvturk.com\/index.php\/wp-json\/wp\/v2\/tags?post=259516"}],"curies":[{"name":"wp","href":"https:\/\/api.w.org\/{rel}","templated":true}]}}