{"id":259520,"date":"2020-01-24T09:46:44","date_gmt":"2020-01-24T06:46:44","guid":{"rendered":"http:\/\/www.tvturk.com\/index.php\/ozel-6-yildir-evlat-hasreti-ceken-ailenin-dorduz-sevinci\/"},"modified":"2020-01-24T09:46:44","modified_gmt":"2020-01-24T06:46:44","slug":"ozel-6-yildir-evlat-hasreti-ceken-ailenin-dorduz-sevinci","status":"publish","type":"post","link":"http:\/\/www.tvturk.com\/index.php\/ozel-6-yildir-evlat-hasreti-ceken-ailenin-dorduz-sevinci\/","title":{"rendered":"(\u00d6zel) 6 y\u0131ld\u0131r evlat hasreti \u00e7eken ailenin d\u00f6rd\u00fcz sevinci"},"content":{"rendered":"<p>Hakkari\u2019nin Y\u00fcksekova il\u00e7esinde ya\u015fayan Nurten ve Nurettin Bart\u0131n \u00e7iftinin 6 y\u0131ll\u0131k evlat hasreti, 31 haftal\u0131k olarak d\u00fcnyaya g\u00f6zlerini a\u00e7an d\u00f6rd\u00fcz bebeklerle sona erdi.<\/p>\n<p>Y\u00fcksekova il\u00e7esinde ikamet eden Nurten ve Nurettin Bart\u0131n \u00e7iftinin 6 y\u0131l aradan sonra d\u00f6rd\u00fcz bebekleri oldu. Van E\u011fitim ve Ara\u015ft\u0131rma Hastanesinde 31 haftal\u0131k olarak d\u00fcnyaya g\u00f6zlerini a\u00e7an bebekler, solunum rahats\u0131zl\u0131klar\u0131 ve pramat\u00fcre nedeniyle \u00d6zel Lokman Hekim Hastanesinde tedavi alt\u0131na al\u0131nd\u0131. Burada iki ayl\u0131k bir tedavinin ard\u0131ndan sa\u011fl\u0131klar\u0131na kavu\u015fan \u00dcmeyir, Talha, Zanyar ve Eflin isimli bebekler, hastaneden taburcu oldu.<\/p>\n<p>\u201cBart\u0131nlar 31 haftal\u0131k olarak do\u011fdular\u201d<\/p>\n<p>Konuyla ilgili a\u00e7\u0131klamada bulunan Lokman Hekim Hastanesi Yenido\u011fan Uzman\u0131 Prof. Dr. Ercan K\u0131r\u0131mi, d\u00f6rd\u00fcz bebeklerin \u00e7ok az rastlanan bir durum oldu\u011funu ifade ederek, \u201cD\u00f6rd\u00fcz do\u011fan bebeklerin \u00f6zellikle bu kadar erken do\u011fmu\u015f durumlarda ya\u015fama \u015fanslar\u0131 da \u00e7ok y\u00fcksek olmuyor. Bebek Bart\u0131nlar 31 haftal\u0131k olarak do\u011fdular. 9 hafta erken do\u011fmalar\u0131na ve d\u00f6rd\u00fcz olmalar\u0131na ra\u011fmen gayet ba\u015far\u0131l\u0131 bi\u00e7imde ya\u015fad\u0131lar. Hastanemizin \u015fartlar\u0131 ve ailenin de ciddi deste\u011fiyle bebeklerimizin d\u00f6rd\u00fc de sa\u011fl\u0131kl\u0131. \u00dc\u00e7\u00fc erkek biri k\u0131z olan bebekler, bir m\u00fcddet makinede solunum tedavisi g\u00f6rd\u00fcler, ama \u00e7ok \u015f\u00fck\u00fcr iki ay sonra onlar\u0131 sa\u011fl\u0131kl\u0131 bi\u00e7imde taburcu ediyoruz\u201d dedi.<\/p>\n<p>Bart\u0131n bebeklerden ayr\u0131lman\u0131n \u00fcz\u00fcnt\u00fcs\u00fcn\u00fc ya\u015fad\u0131klar\u0131n\u0131 dile getiren K\u0131r\u0131mi, \u201cBir m\u00fcddet onlara al\u0131\u015f\u0131p, onlar\u0131 taburcu etmek zor geldi bize. Ailesinin bebeklere iyi bakaca\u011f\u0131na inan\u0131yorum. Tabi d\u00f6rt bebe\u011fe bakmak zor, ama bakal\u0131m anne ve baba nas\u0131l bakacaklar. \u0130n\u015fallah ba\u015far\u0131l\u0131 bir \u015fekilde b\u00fcy\u00fcrler. Biz sa\u011fl\u0131kl\u0131 b\u00fcy\u00fctt\u00fc\u011f\u00fcm\u00fcz i\u00e7in gururluyuz, sevin\u00e7liyiz\u201d ifadelerini kuland\u0131.<\/p>\n<p>6 y\u0131l sonra gelen d\u00f6rd\u00fcz sevinci<\/p>\n<p>Baba Nurettin Bart\u0131n ise 6 y\u0131l aradan sonra ilk bebeklerine kavu\u015fman\u0131n mutlulu\u011funu ya\u015fad\u0131\u011f\u0131n\u0131 ifade ederek, \u201c6 y\u0131l aradan sonra d\u00f6rd\u00fcz bebek sahibi olduk. Allah bize d\u00f6rt \u00e7ocuk nasip etti. \u00c7ok mutluyum. O kadar mutluyum ki, heyecandan ne diyece\u011fimi bilmiyorum. Bir an evvel \u00e7ocuklar\u0131ma kavu\u015fmak istiyorum\u201d diye konu\u015ftu.<\/p>\n<p>\u201c6 y\u0131ld\u0131r \u00e7ocuk \u00f6zlemi ya\u015f\u0131yorduk\u201d<\/p>\n<p>Biri k\u0131z \u00fc\u00e7\u00fc erkek olan d\u00f6rd\u00fcz bebeklerinin isimlerini verdiklerini de s\u00f6zlerine ekleyen Bart\u0131n, \u201cErkek olan bebeklerime \u00dcmeyir, Talha ve Zanyar, k\u0131z\u0131ma da Eflin ismini b\u0131rakt\u0131k. 6 y\u0131ld\u0131r \u00e7ocuk \u00f6zlemi ya\u015f\u0131yorduk, Allah bize d\u00f6rd\u00fcz nasip etti. Allah\u2019\u0131n izniyle onlara bakmak bize zor olmayacak. \u0130n\u015fallah elimizden geldi\u011fi kadar bebeklerimize g\u00fczel bir \u015fekilde bakaca\u011f\u0131z\u201d dedi.<\/p>\n<p>Lokman Hekim Van Hastanesi taraf\u0131ndan bebekler i\u00e7in haz\u0131rlanan \u2018Ho\u015f\u00e7akal\u0131n Minik Sava\u015f\u00e7\u0131lar\u2019 yaz\u0131l\u0131 pastan\u0131n kesilmesi ve hat\u0131ra foto\u011fraf\u0131 \u00e7ekilmesinin ard\u0131ndan bebekler hastaneden taburcu oldu.<\/p>\n","protected":false},"excerpt":{"rendered":"<p>HAKKAR\u0130\u2019N\u0130N Y\u00dcKSEKOVA \u0130L\u00c7ES\u0130NDE \u0130KAMET EDEN NURTEN VE NURETT\u0130N BARTIN \u00c7\u0130FT\u0130N\u0130N 6 YILDIR \u00c7EKT\u0130\u011e\u0130 EVLAT HASRET\u0130, 31 HAFTALIK OLARAK D\u00dcNYAYA G\u00d6ZLER\u0130N\u0130 A\u00c7AN D\u00d6RD\u00dcZ BEBEKLERLE SONA ERD\u0130.<\/p>\n","protected":false},"author":1,"featured_media":0,"comment_status":"closed","ping_status":"open","sticky":false,"template":"","format":"standard","meta":{"jetpack_post_was_ever_published":false,"_jetpack_newsletter_access":"","_jetpack_dont_email_post_to_subs":false,"_jetpack_newsletter_tier_id":0,"_jetpack_memberships_contains_paywalled_content":false,"_jetpack_memberships_contains_paid_content":false,"footnotes":"","jetpack_publicize_message":"","jetpack_publicize_feature_enabled":true,"jetpack_social_post_already_shared":true,"jetpack_social_options":{"image_generator_settings":{"template":"highway","default_image_id":0,"font":"","enabled":false},"version":2}},"categories":[658],"tags":[15371,1073,6399,4597,32362,16652,821,1682],"class_list":["post-259520","post","type-post","status-publish","format-standard","hentry","category-saglik","tag-evlat","tag-ozel","tag-ailenin","tag-ceken","tag-dorduz","tag-hasreti","tag-sevinci","tag-yildir"],"jetpack_publicize_connections":[],"jetpack_featured_media_url":"","jetpack_sharing_enabled":true,"jetpack_shortlink":"https:\/\/wp.me\/paKIfm-15vO","_links":{"self":[{"href":"http:\/\/www.tvturk.com\/index.php\/wp-json\/wp\/v2\/posts\/259520","targetHints":{"allow":["GET"]}}],"collection":[{"href":"http:\/\/www.tvturk.com\/index.php\/wp-json\/wp\/v2\/posts"}],"about":[{"href":"http:\/\/www.tvturk.com\/index.php\/wp-json\/wp\/v2\/types\/post"}],"author":[{"embeddable":true,"href":"http:\/\/www.tvturk.com\/index.php\/wp-json\/wp\/v2\/users\/1"}],"replies":[{"embeddable":true,"href":"http:\/\/www.tvturk.com\/index.php\/wp-json\/wp\/v2\/comments?post=259520"}],"version-history":[{"count":0,"href":"http:\/\/www.tvturk.com\/index.php\/wp-json\/wp\/v2\/posts\/259520\/revisions"}],"wp:attachment":[{"href":"http:\/\/www.tvturk.com\/index.php\/wp-json\/wp\/v2\/media?parent=259520"}],"wp:term":[{"taxonomy":"category","embeddable":true,"href":"http:\/\/www.tvturk.com\/index.php\/wp-json\/wp\/v2\/categories?post=259520"},{"taxonomy":"post_tag","embeddable":true,"href":"http:\/\/www.tvturk.com\/index.php\/wp-json\/wp\/v2\/tags?post=259520"}],"curies":[{"name":"wp","href":"https:\/\/api.w.org\/{rel}","templated":true}]}}