{"id":259524,"date":"2020-01-24T09:46:51","date_gmt":"2020-01-24T06:46:51","guid":{"rendered":"http:\/\/www.tvturk.com\/index.php\/yeni-malatyaspor-kemal-ozdese-guveniyor\/"},"modified":"2020-01-24T09:46:51","modified_gmt":"2020-01-24T06:46:51","slug":"yeni-malatyaspor-kemal-ozdese-guveniyor","status":"publish","type":"post","link":"http:\/\/www.tvturk.com\/index.php\/yeni-malatyaspor-kemal-ozdese-guveniyor\/","title":{"rendered":"Yeni Malatyaspor, Kemal \u00d6zde\u015f\u2019e g\u00fcveniyor"},"content":{"rendered":"<p>Yeni Malatyaspor Bas\u0131n S\u00f6zc\u00fcs\u00fc Hakk\u0131 \u00c7elikel, tak\u0131m\u0131n yeni teknik direkt\u00f6r\u00fc Kemal \u00d6zde\u015f\u2019e g\u00fcvendiklerini belirterek, &#8220;Kemal hocam\u0131z kalitesini ispatlam\u0131\u015f, ki\u015fili\u011fiyle g\u00f6n\u00fcllere taht kurmu\u015f bir teknik adamd\u0131r. Kendisine inan\u0131yor ve g\u00fcveniyoruz&#8221; dedi.<\/p>\n<p>Yeni Malatyaspor Bas\u0131n S\u00f6zc\u00fcs\u00fc Hakk\u0131 \u00c7elikel, tak\u0131mdaki son durum ve transferlerle ilgili bas\u0131n mensuplar\u0131na a\u00e7\u0131klamalarda bulundu.<\/p>\n<p>Kul\u00fcp olarak her zaman ba\u015far\u0131y\u0131 hedeflediklerini belirten \u00c7elikel, &#8220;Bu s\u00fcre\u00e7te bir teknik adam de\u011fi\u015fikli\u011fi ka\u00e7\u0131n\u0131lmaz olmu\u015ftu, y\u00f6netimimiz de gerekeni en iyi \u015fekilde yapt\u0131. Yeni teknik direkt\u00f6r\u00fcm\u00fcz camiam\u0131za hay\u0131rl\u0131 olsun. Kemal hocam\u0131z kendisini ispatlam\u0131\u015f, ki\u015fili\u011fiyle g\u00f6n\u00fcllere taht kurmu\u015f bir teknik adamd\u0131r. Kendisine inan\u0131yor ve g\u00fcveniyoruz. \u0130n\u015fallah camia olarak her zaman oldu\u011fu gibi tak\u0131m\u0131m\u0131z\u0131n ve hocam\u0131z\u0131n arkas\u0131nda durursak ba\u015far\u0131 ka\u00e7\u0131n\u0131lmaz olur. Tekrardan hay\u0131rl\u0131 olsun&#8221; ifadelerini kulland\u0131.<\/p>\n<p>&#8220;Transferde imzalar olacak&#8221;<\/p>\n<p>Transferde Remi Walter\u2019dan ba\u015fka isimlere de imza att\u0131racaklar\u0131n\u0131 dile getiren Hakk\u0131 \u00c7elikel, &#8220;Transfer \u00e7al\u0131\u015fmalar\u0131m\u0131z devam ediyor. Y\u00f6netim olarak titiz davranarak, daha \u00f6nce ortaya koydu\u011fumuz ba\u015far\u0131l\u0131 transfer politikalar\u0131na bir yenisini daha eklemek istiyoruz. Daha \u00f6nce de s\u00f6yledik. Defansa, orta sahaya ve forvete takviye yapaca\u011f\u0131z. G\u00f6r\u00fc\u015fmelerimiz devam ediyor. Amac\u0131m\u0131z kul\u00fcb\u00fcm\u00fcze uzun y\u0131llar fayda sa\u011flayacak isimleri kadromuza katmak&#8221; diye konu\u015ftu.<\/p>\n","protected":false},"excerpt":{"rendered":"<p>YEN\u0130 MALATYASPOR BASIN S\u00d6ZC\u00dcS\u00dc HAKKI \u00c7EL\u0130KEL, TAKIMIN YEN\u0130 TEKN\u0130K D\u0130REKT\u00d6R\u00dc KEMAL \u00d6ZDE\u015e&#8217;E G\u00dcVEND\u0130KLER\u0130N\u0130 BEL\u0130RTEREK, &#8220;KEMAL HOCAMIZ KAL\u0130TES\u0130N\u0130 \u0130SPATLAMI\u015e, K\u0130\u015e\u0130L\u0130\u011e\u0130YLE G\u00d6N\u00dcLLERE TAHT KURMU\u015e B\u0130R TEKN\u0130K ADAMDIR. KEND\u0130S\u0130NE \u0130NANIYOR VE G\u00dcVEN\u0130YORUZ&#8221; DED\u0130.<\/p>\n","protected":false},"author":1,"featured_media":0,"comment_status":"closed","ping_status":"open","sticky":false,"template":"","format":"standard","meta":{"jetpack_post_was_ever_published":false,"_jetpack_newsletter_access":"","_jetpack_dont_email_post_to_subs":false,"_jetpack_newsletter_tier_id":0,"_jetpack_memberships_contains_paywalled_content":false,"_jetpack_memberships_contains_paid_content":false,"footnotes":"","jetpack_publicize_message":"","jetpack_publicize_feature_enabled":true,"jetpack_social_post_already_shared":true,"jetpack_social_options":{"image_generator_settings":{"template":"highway","default_image_id":0,"font":"","enabled":false},"version":2}},"categories":[657],"tags":[21575,640,528,64051,87],"class_list":["post-259524","post","type-post","status-publish","format-standard","hentry","category-spor","tag-guveniyor","tag-kemal","tag-malatyaspor","tag-ozdese","tag-yeni"],"jetpack_publicize_connections":[],"jetpack_featured_media_url":"","jetpack_sharing_enabled":true,"jetpack_shortlink":"https:\/\/wp.me\/paKIfm-15vS","_links":{"self":[{"href":"http:\/\/www.tvturk.com\/index.php\/wp-json\/wp\/v2\/posts\/259524","targetHints":{"allow":["GET"]}}],"collection":[{"href":"http:\/\/www.tvturk.com\/index.php\/wp-json\/wp\/v2\/posts"}],"about":[{"href":"http:\/\/www.tvturk.com\/index.php\/wp-json\/wp\/v2\/types\/post"}],"author":[{"embeddable":true,"href":"http:\/\/www.tvturk.com\/index.php\/wp-json\/wp\/v2\/users\/1"}],"replies":[{"embeddable":true,"href":"http:\/\/www.tvturk.com\/index.php\/wp-json\/wp\/v2\/comments?post=259524"}],"version-history":[{"count":0,"href":"http:\/\/www.tvturk.com\/index.php\/wp-json\/wp\/v2\/posts\/259524\/revisions"}],"wp:attachment":[{"href":"http:\/\/www.tvturk.com\/index.php\/wp-json\/wp\/v2\/media?parent=259524"}],"wp:term":[{"taxonomy":"category","embeddable":true,"href":"http:\/\/www.tvturk.com\/index.php\/wp-json\/wp\/v2\/categories?post=259524"},{"taxonomy":"post_tag","embeddable":true,"href":"http:\/\/www.tvturk.com\/index.php\/wp-json\/wp\/v2\/tags?post=259524"}],"curies":[{"name":"wp","href":"https:\/\/api.w.org\/{rel}","templated":true}]}}