{"id":259546,"date":"2020-01-24T10:16:49","date_gmt":"2020-01-24T07:16:49","guid":{"rendered":"http:\/\/www.tvturk.com\/index.php\/cocuklarin-kimyasini-cozdu-onlarin-gulen-yuzu-oldu\/"},"modified":"2020-01-24T10:16:49","modified_gmt":"2020-01-24T07:16:49","slug":"cocuklarin-kimyasini-cozdu-onlarin-gulen-yuzu-oldu","status":"publish","type":"post","link":"http:\/\/www.tvturk.com\/index.php\/cocuklarin-kimyasini-cozdu-onlarin-gulen-yuzu-oldu\/","title":{"rendered":"\u00c7ocuklar\u0131n kimyas\u0131n\u0131 \u00e7\u00f6zd\u00fc, onlar\u0131n g\u00fclen y\u00fcz\u00fc oldu"},"content":{"rendered":"<p>Ordu\u2019nun \u00dcnye il\u00e7esinde kimya m\u00fchendisi gen\u00e7 kad\u0131n, mesle\u011fini b\u0131rakarak bebeklerin g\u00fclen y\u00fcz\u00fc oldu.<\/p>\n<p>Kimya M\u00fchendisi Damlanur Tan \u00c7al\u0131\u015fkan, evlenmesinin ard\u0131ndan yeni do\u011fan k\u0131z \u00e7ocu\u011funun foto\u011fraflar\u0131n\u0131 \u00e7ekmeye ba\u015flad\u0131. Bu s\u0131rada \u00e7ekti\u011fi foto\u011fraflar\u0131 sosyal medya \u00fczerinden payla\u015fan gen\u00e7 kad\u0131n, arkada\u015flar\u0131n\u0131n da kendi bebeklerinin foto\u011fraflar\u0131n\u0131 istemesiyle kimyagerlik mesle\u011fini b\u0131rakarak bebek foto\u011fraf\u00e7\u0131s\u0131 oldu. Yakla\u015f\u0131k 4 y\u0131ld\u0131r bebeklerle iyi bir ileti\u015fim i\u00e7erisinde onlar\u0131n hareketlerine \u0131\u015f\u0131k olan 38 ya\u015f\u0131ndaki Damlanur Tan \u00c7al\u0131\u015fkan\u2019\u0131n st\u00fcdyosu \u015fimdilerde ise yeni do\u011fum yapan annelerin u\u011frak yeri oluyor.<\/p>\n<p>&#8220;Bir foto\u011fraf karesiyle hayallerim de\u011fi\u015fti&#8221;<\/p>\n<p>Kendi k\u0131z \u00e7ocu\u011funun foto\u011fraflar\u0131ndan esinlenerek bebekleri resmeden Damlanur \u00c7al\u0131\u015fkan Tan, &#8220;Ben \u00dcnye\u2019de b\u00fcy\u00fcd\u00fcm. Daha sonra okumak i\u00e7in Ankara\u2019ya gittim. Uzun zaman orada ya\u015fad\u0131m ve evlendim. Ankara\u2019da \u00f6nce kimya i\u015fletme ve daha sonra kimya m\u00fchendisli\u011fi b\u00f6l\u00fcm\u00fcn\u00fc bitirdim. Normal petrol laboratuvarlar\u0131 denet\u00e7ili\u011fi yaparken o s\u0131rada hamile oldu\u011fum i\u00e7in i\u015fimden ayr\u0131ld\u0131m. Daha sonra e\u015fimin tayini nedeniyle Malatya\u2019ya gitmemiz gerekiyordu. \u00c7ocu\u011fumu orada b\u00fcy\u00fct\u00fcr\u00fcm derken e\u015fimin tayin s\u00fcresi uzad\u0131. Bu s\u0131rada ben de yeni do\u011fan k\u0131z\u0131m\u0131n foto\u011fraflar\u0131n\u0131 \u00e7ekiyordum. Hem tarih \u00f6\u011fretmeni hem annem olan Aynur Zeren Tan\u2019\u0131n foto\u011fraf tecr\u00fcbesinden dolay\u0131 s\u0131k s\u0131k \u00e7ekimler yap\u0131yordum. Bir g\u00fcn k\u0131z\u0131m\u0131n foto\u011fraf\u0131n\u0131 \u00e7ekerken etraftan arkada\u015flar\u0131m kendi \u00e7ocuklar\u0131 i\u00e7in foto\u011fraf istedi. Daha sonra di\u011fer arkada\u015flar\u0131m\u0131z da benden kendi \u00e7ocuklar\u0131 i\u00e7in foto\u011fraf \u00e7ekmemi istediler. Bu bir y\u0131l kadar b\u00f6yle devam ederken benden daha profesyonel \u00e7ekim i\u00e7in talep gelmeye ba\u015flad\u0131. O g\u00fcn ani bir kararla mesle\u011fimi b\u0131rakmaya ve bebeklerle \u00e7al\u0131\u015fmaya karar verdim. Bir foto\u011fraf karesiyle hayallerim de\u011fi\u015fti&#8221; dedi.<\/p>\n<p>Bebeklerle iyi bir ileti\u015fim sa\u011flanmas\u0131 konusunda s\u0131k\u0131nt\u0131 ya\u015famad\u0131\u011f\u0131n\u0131 s\u00f6yleyen \u00c7al\u0131\u015fkan, &#8220;Bunda en \u00f6nemli etken ise annelik i\u00e7 g\u00fcd\u00fcs\u00fc diyebilirim. Benim \u00f6nce bir bebe\u011fi g\u00f6rmem laz\u0131m ve ona ne yapabilece\u011fimi anlamam laz\u0131m. Ya\u015f\u0131 veya hangi ayda do\u011fdu, k\u0131z ya da erkek olarak kendimde dekoru haz\u0131rlayabiliyorum. O y\u00fczden bebekle \u00f6ncelikle ileti\u015fim i\u00e7in onu g\u00f6rerek ya\u015f\u0131na, cinsiyetine hitap edecek \u015fekilde onu etkileyen bir dekor haz\u0131rl\u0131yorum&#8221; diye konu\u015ftu.<\/p>\n","protected":false},"excerpt":{"rendered":"<p>ORDU&#8217;NUN \u00dcNYE \u0130L\u00c7ES\u0130NDE YA\u015eAYAN 38 YA\u015eINDAK\u0130 DAMLANUR TAN \u00c7ALI\u015eKAN, K\u0130MYAGERL\u0130K MESLE\u011e\u0130N\u0130 BIRAKARAK BEBEKLER\u0130N G\u00dcLEN Y\u00dcZ\u00dc OLMAYA BA\u015eLADI.<\/p>\n","protected":false},"author":1,"featured_media":0,"comment_status":"closed","ping_status":"open","sticky":false,"template":"","format":"standard","meta":{"jetpack_post_was_ever_published":false,"_jetpack_newsletter_access":"","_jetpack_dont_email_post_to_subs":false,"_jetpack_newsletter_tier_id":0,"_jetpack_memberships_contains_paywalled_content":false,"_jetpack_memberships_contains_paid_content":false,"footnotes":"","jetpack_publicize_message":"","jetpack_publicize_feature_enabled":true,"jetpack_social_post_already_shared":true,"jetpack_social_options":{"image_generator_settings":{"template":"highway","default_image_id":0,"font":"","enabled":false},"version":2}},"categories":[1],"tags":[16329,4136,20147,10311,64059,77,3937],"class_list":["post-259546","post","type-post","status-publish","format-standard","hentry","category-genel","tag-onlarin","tag-cocuklarin","tag-cozdu","tag-gulen","tag-kimyasini","tag-oldu","tag-yuzu"],"jetpack_publicize_connections":[],"jetpack_featured_media_url":"","jetpack_sharing_enabled":true,"jetpack_shortlink":"https:\/\/wp.me\/paKIfm-15we","_links":{"self":[{"href":"http:\/\/www.tvturk.com\/index.php\/wp-json\/wp\/v2\/posts\/259546","targetHints":{"allow":["GET"]}}],"collection":[{"href":"http:\/\/www.tvturk.com\/index.php\/wp-json\/wp\/v2\/posts"}],"about":[{"href":"http:\/\/www.tvturk.com\/index.php\/wp-json\/wp\/v2\/types\/post"}],"author":[{"embeddable":true,"href":"http:\/\/www.tvturk.com\/index.php\/wp-json\/wp\/v2\/users\/1"}],"replies":[{"embeddable":true,"href":"http:\/\/www.tvturk.com\/index.php\/wp-json\/wp\/v2\/comments?post=259546"}],"version-history":[{"count":0,"href":"http:\/\/www.tvturk.com\/index.php\/wp-json\/wp\/v2\/posts\/259546\/revisions"}],"wp:attachment":[{"href":"http:\/\/www.tvturk.com\/index.php\/wp-json\/wp\/v2\/media?parent=259546"}],"wp:term":[{"taxonomy":"category","embeddable":true,"href":"http:\/\/www.tvturk.com\/index.php\/wp-json\/wp\/v2\/categories?post=259546"},{"taxonomy":"post_tag","embeddable":true,"href":"http:\/\/www.tvturk.com\/index.php\/wp-json\/wp\/v2\/tags?post=259546"}],"curies":[{"name":"wp","href":"https:\/\/api.w.org\/{rel}","templated":true}]}}