{"id":259574,"date":"2020-01-24T11:02:05","date_gmt":"2020-01-24T08:02:05","guid":{"rendered":"http:\/\/www.tvturk.com\/index.php\/dsiden-trakyaya-yatirim-saganagi\/"},"modified":"2020-01-24T11:02:05","modified_gmt":"2020-01-24T08:02:05","slug":"dsiden-trakyaya-yatirim-saganagi","status":"publish","type":"post","link":"http:\/\/www.tvturk.com\/index.php\/dsiden-trakyaya-yatirim-saganagi\/","title":{"rendered":"DS\u0130\u2019den Trakya\u2019ya yat\u0131r\u0131m sa\u011fana\u011f\u0131"},"content":{"rendered":"<p>Devlet Su \u0130\u015fleri Genel M\u00fcd\u00fcrl\u00fc\u011f\u00fc (DS\u0130) Edirne iline ve il\u00e7elerine yapt\u0131\u011f\u0131 yat\u0131r\u0131mlarla m\u00fcmbit topraklar\u0131n\u0131 su ile bulu\u015fturmaya, vatanda\u015flara i\u00e7me ve kullanma suyu temin etmeye ve derelerdeki ta\u015fk\u0131n riskini azaltmaya devam ediyor. Edirne ilinde son d\u00f6nemde yap\u0131lan su yap\u0131lar\u0131n\u0131n artmas\u0131 b\u00f6lgedeki tar\u0131msal faaliyetlerin geli\u015fmesinde de \u00f6nemli rol oynuyor.<\/p>\n<p>Edirne\u2019ye son 17 y\u0131lda DS\u0130 taraf\u0131ndan devasa yat\u0131r\u0131mlar yap\u0131ld\u0131\u011f\u0131n\u0131n alt\u0131n\u0131 \u00e7izen DS\u0130 Genel M\u00fcd\u00fcr\u00fc Mevl\u00fct Ayd\u0131n yapt\u0131\u011f\u0131 yaz\u0131l\u0131 a\u00e7\u0131klamada, \u201cEdirne ilimize son 17 y\u0131lda 6 baraj 34 G\u00f6let in\u015fa ederek vatanda\u015f\u0131n hizmetine sunduk. Bu barajlar\u0131n en \u00f6nemlilerinden biri Hamzadere Baraj\u0131d\u0131r. 2011 Y\u0131l\u0131nda hizmete ald\u0131\u011f\u0131m\u0131z Hamzadere Baraj\u0131ndan sa\u011flanacak su ile 335 bin 640 dekar arazi sulu tar\u0131ma kavu\u015fturulacakt\u0131r. Hizmete al\u0131nan di\u011fer \u00f6nemli barajlardan biriside \u00c7akmak Baraj\u0131d\u0131r. 2015 y\u0131l\u0131nda hizmete ald\u0131\u011f\u0131m\u0131z bu barajlarla sulamaya b\u00fcy\u00fck katk\u0131 sa\u011flanacak ve 522 bin dekar arazi sulanacakt\u0131r.  Bununla birlikte su kaynaklar\u0131m\u0131z\u0131 en iyi \u015fekilde de\u011ferlendirmeye devam ediyoruz. Edirne\u2019de kalk\u0131nmay\u0131 h\u0131zland\u0131racak, ilde sulamay\u0131 ve ziraat\u0131 geli\u015ftirecek 3 baraj 2 adet g\u00f6let daha in\u015fa ediyoruz\u201d dedi.<\/p>\n<p>\u201cEdirne\u2019mizin m\u00fcmbit topraklar\u0131n\u0131 suya kavu\u015fturduk\u201d<\/p>\n<p>Edirne deyince akla geni\u015f ve bereketli topraklar geldi\u011fini ifade eden Genel M\u00fcd\u00fcr Ayd\u0131n, \u201cBiz de bu bereketli topraklara bereket katmak i\u00e7in 49 adet \u00e7ok \u00f6nemli sulama tesisi in\u015fa ettik. Son 17 y\u0131lda in\u015fa etti\u011fimiz sulama tesisleriyle 455 bin 990 dekar araziyi sulamaya a\u00e7t\u0131k ve \u00e7ift\u00e7ilerimize y\u0131ll\u0131k 263 milyon TL ilave zirai gelir sa\u011flad\u0131k. Edirne\u2019mizin en \u00f6nemli ve b\u00fcy\u00fck sulamalar\u0131ndan olan ve 273 bin 350 dekar sulama alan\u0131na sahip Hamzadere Baraj\u0131 Sulamas\u0131n\u0131n in\u015faat\u0131na 2013 y\u0131l\u0131nda ba\u015flad\u0131k ve y\u00fczde 75 mertebesinde ger\u00e7ekle\u015fme sa\u011flayarak \u015fu ana kadar 116 bin 570 dekar tar\u0131m alan\u0131 sulamaya haz\u0131r hale getirilmi\u015ftir. Trakya\u2019n\u0131n GAP\u2019\u0131 olarak bilinen ve 164 bin 530 dekar sulama alan\u0131na sahip \u00c7akmak Baraj\u0131 Sulamas\u0131 in\u015faat\u0131nda bug\u00fcne kadar y\u00fczde 8\u2019lik ger\u00e7ekle\u015fme sa\u011flanm\u0131\u015ft\u0131r. Sulamaya a\u00e7t\u0131\u011f\u0131m\u0131z alanlar\u0131n yan\u0131 s\u0131ra sulayaca\u011f\u0131m\u0131z daha fazla alan var. \u015eu anda in\u015faat \u00e7al\u0131\u015fmalar\u0131 devam eden 13 sulama tesisi projesi ile 366 bin 940 dekar m\u00fcmbit arazinin daha sulamaya a\u00e7\u0131lacak\u201d dedi.<\/p>\n<p>\u201cEdirne\u2019nin i\u00e7me suyu meselesini \u00e7\u00f6zd\u00fck\u201d<\/p>\n<p>Tamamlanan i\u00e7me suyu tesisleri ile Edirne\u2019ne de 329 bin 755 ki\u015finin ihtiyac\u0131n\u0131 kar\u015f\u0131lad\u0131klar\u0131n\u0131n alt\u0131n\u0131 \u00e7izen Ayd\u0131n, \u201cY\u0131ll\u0131k 21,64 milyon m i\u00e7me suyu temin ediyoruz. Bununla birlikte Kayal\u0131k\u00f6y Baraj\u0131 i\u00e7me suyu isale hatt\u0131 ile i\u00e7me suyu ar\u0131tma tesislerini tamamlad\u0131k. Edirne\u2019nin 2050 y\u0131l\u0131na kadar i\u00e7me suyu ihtiyac\u0131n\u0131 kar\u015f\u0131layacak bu tesislerin a\u00e7\u0131l\u0131\u015f\u0131n\u0131 Cumhurba\u015fkan\u0131 Erdo\u011fan 29 Kas\u0131m 2017 tarihinde ger\u00e7ekle\u015ftirmi\u015ftir\u201d ifadelerini kulland\u0131.<\/p>\n<p>\u201cAt\u0131k su ar\u0131tma tesislerini in\u015fa ettik\u201d<\/p>\n<p>Ayd\u0131n, \u201cDi\u011fer taraftan asl\u0131nda Ergene Havzas\u0131\u2019nda son teknolojiye sahip 12 ileri biyolojik at\u0131k su ar\u0131tma tesisi ve 2 tane kollekt\u00f6r hatt\u0131 in\u015fa ettik ve hepsini hizmete ald\u0131k. Bu 12 ileri biyolojik at\u0131ksu ar\u0131tma tesisinden 2 tanesi, Edirne\u2019dedir. Bu tesisler Uzunk\u00f6pr\u00fc ve Ke\u015fan ileri biyolojik at\u0131ksu ar\u0131tma tesisleri ve Uzunk\u00f6pr\u00fc Kollekt\u00f6r Hatt\u0131\u2019d\u0131r\u201d dedi.<\/p>\n<p>\u201cTa\u015fk\u0131n koruma tesisleriyle halk\u0131m\u0131z\u0131 ve topra\u011f\u0131m\u0131z\u0131 koruduk\u201d<\/p>\n<p>Edirne\u2019nin bir ba\u015fka probleminin de sel ve ta\u015fk\u0131nlar oldu\u011funu a\u00e7\u0131klayan Ayd\u0131n, \u201cBu kapsamda Edirne\u2019de 120 adet ta\u015fk\u0131n koruma tesisi in\u015fa ederek; 92 mesk\u00fbn mahal ve 23 bin 370 dekar alan\u0131 ta\u015fk\u0131nlardan koruduk. 9 adet ta\u015fk\u0131n koruma tesisinin de in\u015faatlar\u0131 devam etmektedir\u201d diye konu\u015ftu.<\/p>\n<p>\u201cEdirne\u2019yi ta\u015fk\u0131nlardan korumaya karal\u0131y\u0131z\u201d<\/p>\n<p>Ayd\u0131n, \u201cTa\u015fk\u0131n koruma \u00e7al\u0131\u015fmalar\u0131m\u0131z bununla kalmayacakt\u0131r. Edirne\u2019de tehlike arz eden b\u00fct\u00fcn dereleri \u0131slah etmeye kararl\u0131y\u0131z. Edirne\u2019yi Meri\u00e7 Nehri ta\u015fk\u0131nlar\u0131ndan koruyacak 7 bin 800 metre uzunlu\u011fundaki Kanal Edirne Projesinin in\u015faat\u0131 idari imk\u00e2nlarla yap\u0131larak,  tamamlanm\u0131\u015ft\u0131r\u201d dedi.<\/p>\n<p>DS\u0130 Genel M\u00fcd\u00fcr\u00fc Mevl\u00fct Ayd\u0131n, son olarak \u201cBu projelerin yap\u0131lmas\u0131nda en b\u00fcy\u00fck destek\u00e7imiz Cumhurba\u015fkan\u0131 Recep Tayyip Erdo\u011fan\u2019a, Tar\u0131m ve Orman Bakan\u0131 Dr. Bekir Pakdemirli\u2019ye \u015f\u00fckranlar\u0131m\u0131 sunuyor, eme\u011fi ge\u00e7enlere te\u015fekk\u00fcr ediyorum\u201d dedi.<\/p>\n","protected":false},"excerpt":{"rendered":"<p>DEVLET SU \u0130\u015eLER\u0130 GENEL M\u00dcD\u00dcRL\u00dc\u011e\u00dc (DS\u0130) ED\u0130RNE \u0130L\u0130NE VE \u0130L\u00c7ELER\u0130NE YAPTI\u011eI YATIRIMLARLA M\u00dcMB\u0130T TOPRAKLARINI SU \u0130LE BULU\u015eTURMAYA, VATANDA\u015eLARA \u0130\u00c7ME VE KULLANMA SUYU TEM\u0130N ETMEYE VE DERELERDEK\u0130 TA\u015eKIN R\u0130SK\u0130N\u0130 AZALTMAYA DEVAM ED\u0130YOR.<\/p>\n","protected":false},"author":1,"featured_media":0,"comment_status":"closed","ping_status":"open","sticky":false,"template":"","format":"standard","meta":{"jetpack_post_was_ever_published":false,"_jetpack_newsletter_access":"","_jetpack_dont_email_post_to_subs":false,"_jetpack_newsletter_tier_id":0,"_jetpack_memberships_contains_paywalled_content":false,"_jetpack_memberships_contains_paid_content":false,"footnotes":"","jetpack_publicize_message":"","jetpack_publicize_feature_enabled":true,"jetpack_social_post_already_shared":true,"jetpack_social_options":{"image_generator_settings":{"template":"highway","default_image_id":0,"font":"","enabled":false},"version":2}},"categories":[1],"tags":[26930,64065,2255,470],"class_list":["post-259574","post","type-post","status-publish","format-standard","hentry","category-genel","tag-dsiden","tag-saganagi","tag-trakyaya","tag-yatirim"],"jetpack_publicize_connections":[],"jetpack_featured_media_url":"","jetpack_sharing_enabled":true,"jetpack_shortlink":"https:\/\/wp.me\/paKIfm-15wG","_links":{"self":[{"href":"http:\/\/www.tvturk.com\/index.php\/wp-json\/wp\/v2\/posts\/259574","targetHints":{"allow":["GET"]}}],"collection":[{"href":"http:\/\/www.tvturk.com\/index.php\/wp-json\/wp\/v2\/posts"}],"about":[{"href":"http:\/\/www.tvturk.com\/index.php\/wp-json\/wp\/v2\/types\/post"}],"author":[{"embeddable":true,"href":"http:\/\/www.tvturk.com\/index.php\/wp-json\/wp\/v2\/users\/1"}],"replies":[{"embeddable":true,"href":"http:\/\/www.tvturk.com\/index.php\/wp-json\/wp\/v2\/comments?post=259574"}],"version-history":[{"count":0,"href":"http:\/\/www.tvturk.com\/index.php\/wp-json\/wp\/v2\/posts\/259574\/revisions"}],"wp:attachment":[{"href":"http:\/\/www.tvturk.com\/index.php\/wp-json\/wp\/v2\/media?parent=259574"}],"wp:term":[{"taxonomy":"category","embeddable":true,"href":"http:\/\/www.tvturk.com\/index.php\/wp-json\/wp\/v2\/categories?post=259574"},{"taxonomy":"post_tag","embeddable":true,"href":"http:\/\/www.tvturk.com\/index.php\/wp-json\/wp\/v2\/tags?post=259574"}],"curies":[{"name":"wp","href":"https:\/\/api.w.org\/{rel}","templated":true}]}}