{"id":259580,"date":"2020-01-24T11:16:39","date_gmt":"2020-01-24T08:16:39","guid":{"rendered":"http:\/\/www.tvturk.com\/index.php\/ozel-uretime-evinin-bahcesindeki-cuku-firinda-basladi-simdi-taleplere-yetisemiyor\/"},"modified":"2020-01-24T11:16:39","modified_gmt":"2020-01-24T08:16:39","slug":"ozel-uretime-evinin-bahcesindeki-cuku-firinda-basladi-simdi-taleplere-yetisemiyor","status":"publish","type":"post","link":"http:\/\/www.tvturk.com\/index.php\/ozel-uretime-evinin-bahcesindeki-cuku-firinda-basladi-simdi-taleplere-yetisemiyor\/","title":{"rendered":"(\u00d6zel) \u00dcretime evinin bah\u00e7esindeki \u00e7\u00fck\u00fc f\u0131r\u0131nda ba\u015flad\u0131, \u015fimdi taleplere yeti\u015femiyor"},"content":{"rendered":"<p>Bilecik\u2019te evinin bah\u00e7esindeki k\u00fc\u00e7\u00fck f\u0131r\u0131nda yapmaya ba\u015flad\u0131\u011f\u0131 ek\u015fi mayal\u0131 k\u00f6y ekme\u011fi taleplere yeti\u015femeyince devrald\u0131\u011f\u0131 f\u0131r\u0131nda \u00fcreten Cevat Turan, &#8220;Uzun s\u00fcre dayanan ekme\u011fimiz e\u015fsiz lezzeti ile herkesin damak tad\u0131na hitap ediyor\u201d dedi.<\/p>\n<p>Bilecik\u2019in Pazaryeri il\u00e7esine ba\u011fl\u0131 K\u0131n\u0131k k\u00f6y\u00fcndeki evinin bah\u00e7esinde bulunan k\u00fc\u00e7\u00fck f\u0131r\u0131nda g\u00fcnl\u00fck 50 ek\u015fi mayal\u0131 k\u00f6y ekme\u011fi pi\u015firmeye ba\u015flayan Cevat Turan, \u00fcretimi yetmeyince k\u00f6yde bir f\u0131r\u0131n\u0131 devralarak taleplere yeti\u015fmeye \u00e7al\u0131\u015f\u0131yor. Turan, Pazaryeri, Bilecik, Boz\u00fcy\u00fck, \u0130neg\u00f6l, Eski\u015fehir ve Bursa\u2019daki m\u00fc\u015fterilerinin evine kadar k\u00f6y ekme\u011fi g\u00f6t\u00fcrd\u00fc\u011f\u00fc anlatarak, &#8220;Art\u0131k k\u00f6ylerde bile vatanda\u015flar ekmek yapmad\u0131\u011f\u0131 i\u00e7in b\u00f6yle bir i\u015fletmeye ihtiya\u00e7 vard\u0131. Ben de evimin bah\u00e7esinde ba\u015flad\u0131\u011f\u0131m bu i\u015fte talebe yeti\u015femedi\u011fim i\u00e7in bu \u00e7al\u0131\u015fmayan f\u0131r\u0131n\u0131 devrald\u0131m. \u015eimdi ba\u015fta Pazaryeri il\u00e7emiz olmak \u00fczere \u00e7evre il ve il\u00e7elerdeki m\u00fc\u015fterilerimin taleplerine yeti\u015febiliyorum&#8221; dedi.<\/p>\n<p>&#8220;K\u00f6y ekme\u011fini tamamen katk\u0131 olmadan ek\u015fi maya ile yap\u0131yorum&#8221;<\/p>\n<p>Ba\u015fta k\u00f6y halk\u0131 ve \u015fehirdeki vatanda\u015flar\u0131n k\u00f6y ekme\u011fine b\u00fcy\u00fck ilgi g\u00f6sterdi\u011fini anlatan Turan, &#8220;K\u0131n\u0131k k\u00f6y\u00fcndeki \u00e7\u00f6mlek at\u00f6lyelerini gezmeye gelen turistlerde ek\u015fi mayal\u0131 k\u00f6y ekme\u011finin yan\u0131 s\u0131ra f\u0131r\u0131nda y\u00f6reye ait yap\u0131lan mac\u0131r, d\u0131zmanaya da b\u00fcy\u00fck ilgi g\u00f6steriyor. K\u00f6y ekme\u011finin tamamen katk\u0131 olmadan ek\u015fi maya ile yap\u0131yorum. \u00dcretti\u011fimiz k\u00f6y ekme\u011finde katk\u0131 maddesi i\u00e7ermedi\u011fi i\u00e7in uzun s\u00fcre dayan\u0131yor, e\u015fsiz lezzeti ile herkesin damak tad\u0131na hitap ediyor\u201d dedi.<\/p>\n<p>\u201c\u015eehirlerdeki m\u00fc\u015fterilerimizin kap\u0131s\u0131nda teslim ediyoruz\u201d<\/p>\n<p>&#8220;\u00dcretti\u011fimiz taze g\u00fcnl\u00fck ek\u015fi mayal\u0131 k\u00f6y ekme\u011fini bizlere talepte bulunan m\u00fc\u015fterilerimize periyodik aral\u0131klarla evlerinin kap\u0131s\u0131na kadar g\u00f6t\u00fcr\u00fcyoruz&#8221; diyen Turan, \u201cBa\u015fta Pazaryeri il\u00e7esi olmak \u00fczere Bilecik, Boz\u00fcy\u00fck, \u0130neg\u00f6l, Eski\u015fehir ve Bursa\u2019daki m\u00fc\u015fterilerimize evlerine kadar K\u00f6y ekme\u011fimizin g\u00f6t\u00fcrmekteyiz. Bu hizmet m\u00fc\u015fterilerimiz memnun ediyor ve arkada\u015flar\u0131na da bizleri tavsiye ediyorlar. Her ge\u00e7en g\u00fcn Allah\u2019a \u015f\u00fck\u00fcr m\u00fc\u015fteri say\u0131m\u0131z art\u0131yor. Bizler de m\u00fc\u015fterilerimiz memnun etmek i\u00e7in elimizden geleni yap\u0131yoruz&#8221; dedi.<\/p>\n","protected":false},"excerpt":{"rendered":"<p>EV\u0130N\u0130N BAH\u00c7ES\u0130NDE BA\u015eLADI, \u015e\u0130MD\u0130 TALEPLERE YET\u0130\u015eEM\u0130YOR<\/p>\n","protected":false},"author":1,"featured_media":0,"comment_status":"closed","ping_status":"open","sticky":false,"template":"","format":"standard","meta":{"jetpack_post_was_ever_published":false,"_jetpack_newsletter_access":"","_jetpack_dont_email_post_to_subs":false,"_jetpack_newsletter_tier_id":0,"_jetpack_memberships_contains_paywalled_content":false,"_jetpack_memberships_contains_paid_content":false,"footnotes":"","jetpack_publicize_message":"","jetpack_publicize_feature_enabled":true,"jetpack_social_post_already_shared":true,"jetpack_social_options":{"image_generator_settings":{"template":"highway","default_image_id":0,"font":"","enabled":false},"version":2}},"categories":[1],"tags":[1073,22235,55,64068,462,15549,1534,36067,11814,26019],"class_list":["post-259580","post","type-post","status-publish","format-standard","hentry","category-genel","tag-ozel","tag-bahcesindeki","tag-basladi","tag-cuku","tag-evinin","tag-firinda","tag-simdi","tag-taleplere","tag-uretime","tag-yetisemiyor"],"jetpack_publicize_connections":[],"jetpack_featured_media_url":"","jetpack_sharing_enabled":true,"jetpack_shortlink":"https:\/\/wp.me\/paKIfm-15wM","_links":{"self":[{"href":"http:\/\/www.tvturk.com\/index.php\/wp-json\/wp\/v2\/posts\/259580","targetHints":{"allow":["GET"]}}],"collection":[{"href":"http:\/\/www.tvturk.com\/index.php\/wp-json\/wp\/v2\/posts"}],"about":[{"href":"http:\/\/www.tvturk.com\/index.php\/wp-json\/wp\/v2\/types\/post"}],"author":[{"embeddable":true,"href":"http:\/\/www.tvturk.com\/index.php\/wp-json\/wp\/v2\/users\/1"}],"replies":[{"embeddable":true,"href":"http:\/\/www.tvturk.com\/index.php\/wp-json\/wp\/v2\/comments?post=259580"}],"version-history":[{"count":0,"href":"http:\/\/www.tvturk.com\/index.php\/wp-json\/wp\/v2\/posts\/259580\/revisions"}],"wp:attachment":[{"href":"http:\/\/www.tvturk.com\/index.php\/wp-json\/wp\/v2\/media?parent=259580"}],"wp:term":[{"taxonomy":"category","embeddable":true,"href":"http:\/\/www.tvturk.com\/index.php\/wp-json\/wp\/v2\/categories?post=259580"},{"taxonomy":"post_tag","embeddable":true,"href":"http:\/\/www.tvturk.com\/index.php\/wp-json\/wp\/v2\/tags?post=259580"}],"curies":[{"name":"wp","href":"https:\/\/api.w.org\/{rel}","templated":true}]}}