{"id":25999,"date":"2019-02-12T16:01:26","date_gmt":"2019-02-12T13:01:26","guid":{"rendered":"http:\/\/www.tvturk.com\/index.php\/taksim-meydaninda-kurulan-tanzim-satis-noktasina-vatandaslardan-ilgi\/"},"modified":"2019-02-12T16:01:31","modified_gmt":"2019-02-12T13:01:31","slug":"taksim-meydaninda-kurulan-tanzim-satis-noktasina-vatandaslardan-ilgi","status":"publish","type":"post","link":"http:\/\/www.tvturk.com\/index.php\/taksim-meydaninda-kurulan-tanzim-satis-noktasina-vatandaslardan-ilgi\/","title":{"rendered":"Taksim Meydan\u0131\u2019nda kurulan tanzim sat\u0131\u015f noktas\u0131na vatanda\u015flardan ilgi"},"content":{"rendered":"<p>\u0130stanbul B\u00fcy\u00fck\u015fehir Belediyesi taraf\u0131ndan Taksim Meydan\u0131\u2019nda a\u00e7\u0131lan tanzim sat\u0131\u015f noktas\u0131 vatanda\u015flar\u0131n ilgi oda\u011f\u0131 oldu.<\/p>\n<p>Sebze ve meyve fiyatlar\u0131n\u0131 d\u00fc\u015f\u00fcrmek amac\u0131yla hayata ge\u00e7irilen tanzim sat\u0131\u015f noktalar\u0131ndan biride Taksim Meydan\u0131\u2019nda yerini ald\u0131. Sebze ve meyvelerin \u00fcreticiden arac\u0131 olmaks\u0131z\u0131n t\u00fcketiciye ula\u015fmas\u0131n\u0131 ama\u00e7layan tanzim sat\u0131\u015f noktalar\u0131na vatanda\u015flar\u0131n ilgisi yo\u011fun oldu. Taksim Meydan\u0131\u2019nda kurulan tanzim sat\u0131\u015f noktas\u0131na gelen vatanda\u015flar al\u0131\u015fveri\u015flerini yaparak evlerinin yolunu tuttu. Fiyatlardan son derece memnun oldu\u011funu dile getiren vatanda\u015flar uygulamay\u0131 son derece yerinde buldu\u011funu ifade etti.<\/p>\n<p>\u0130stanbul B\u00fcy\u00fck\u015fehir Belediyesi taraf\u0131ndan kurulan tanzim sat\u0131\u015f noktalar\u0131n\u0131n 34 il\u00e7ede 50 ayr\u0131 noktada sat\u0131\u015flar\u0131n\u0131 s\u00fcrd\u00fcrece\u011fi \u00f6\u011frenildi.<div class=\"tiled-gallery type-rectangular tiled-gallery-unresized\" data-original-width=\"500\" data-carousel-extra='null' itemscope itemtype=\"http:\/\/schema.org\/ImageGallery\" > <div class=\"gallery-row\" style=\"width: 500px; height: 251px;\" data-original-width=\"500\" data-original-height=\"251\" > <div class=\"gallery-group images-1\" style=\"width: 334px; height: 251px;\" data-original-width=\"334\" data-original-height=\"251\" > <div class=\"tiled-gallery-item tiled-gallery-item-large\" itemprop=\"associatedMedia\" itemscope itemtype=\"http:\/\/schema.org\/ImageObject\"> <a href=\"http:\/\/www.tvturk.com\/index.php\/taksim-meydaninda-kurulan-tanzim-satis-noktasina-vatandaslardan-ilgi\/taksim-meydaninda-kurulan-tanzim-satis-noktasina-vatandaslardan-ilgi-3\/\" border=\"0\" itemprop=\"url\"> <meta itemprop=\"width\" content=\"330\"> <meta itemprop=\"height\" content=\"247\"> <img decoding=\"async\" class=\"\" data-attachment-id=\"26001\" data-orig-file=\"http:\/\/www.tvturk.com\/wp-content\/uploads\/2019\/02\/taksim-meydaninda-kurulan-tanzim-satis-noktasina-vatandaslardan-ilgi_03b0761.jpg\" data-orig-size=\"1000,750\" data-comments-opened=\"\" data-image-meta=\"{&quot;aperture&quot;:&quot;0&quot;,&quot;credit&quot;:&quot;IHA&quot;,&quot;camera&quot;:&quot;&quot;,&quot;caption&quot;:&quot;\\u0130STANBUL B\\u00dcY\\u00dcK\\u015eEH\\u0130R BELED\\u0130YES\\u0130 TARAFINDAN TAKS\\u0130M MEYDANI\\u2019NDA A\\u00c7ILAN TANZ\\u0130M SATI\\u015e NOKTASI VATANDA\\u015eLARIN \\u0130LG\\u0130 ODA\\u011eI OLDU. (S\\u00dcMER AVCI\\\/\\u0130STANBUL-\\u0130HA)&quot;,&quot;created_timestamp&quot;:&quot;0&quot;,&quot;copyright&quot;:&quot;\\u0130HLAS HABER AJANSI, www.iha.com.tr&quot;,&quot;focal_length&quot;:&quot;0&quot;,&quot;iso&quot;:&quot;0&quot;,&quot;shutter_speed&quot;:&quot;0&quot;,&quot;title&quot;:&quot;TAKS\\u0130M MEYDANI\\u2019NDA KURULAN TANZ\\u0130M SATI\\u015e NOKTASINA VATANDA\\u015eLARDAN \\u0130LG\\u0130&quot;,&quot;orientation&quot;:&quot;0&quot;}\" data-image-title=\"Taksim Meydan\u0131\u2019nda kurulan tanzim sat\u0131\u015f noktas\u0131na vatanda\u015flardan ilgi\" data-image-description=\"&lt;p&gt;Taksim Meydan\u0131\u2019nda kurulan tanzim sat\u0131\u015f noktas\u0131na vatanda\u015flardan ilgi&lt;\/p&gt; \" data-medium-file=\"https:\/\/i0.wp.com\/www.tvturk.com\/wp-content\/uploads\/2019\/02\/taksim-meydaninda-kurulan-tanzim-satis-noktasina-vatandaslardan-ilgi_03b0761.jpg?fit=300%2C225\" data-large-file=\"https:\/\/i0.wp.com\/www.tvturk.com\/wp-content\/uploads\/2019\/02\/taksim-meydaninda-kurulan-tanzim-satis-noktasina-vatandaslardan-ilgi_03b0761.jpg?fit=1000%2C750\" src=\"https:\/\/i0.wp.com\/www.tvturk.com\/wp-content\/uploads\/2019\/02\/taksim-meydaninda-kurulan-tanzim-satis-noktasina-vatandaslardan-ilgi_03b0761.jpg?w=330&#038;h=247\" srcset=\"https:\/\/i0.wp.com\/www.tvturk.com\/wp-content\/uploads\/2019\/02\/taksim-meydaninda-kurulan-tanzim-satis-noktasina-vatandaslardan-ilgi_03b0761.jpg?w=1000 1000w, https:\/\/i0.wp.com\/www.tvturk.com\/wp-content\/uploads\/2019\/02\/taksim-meydaninda-kurulan-tanzim-satis-noktasina-vatandaslardan-ilgi_03b0761.jpg?resize=150%2C113 150w, https:\/\/i0.wp.com\/www.tvturk.com\/wp-content\/uploads\/2019\/02\/taksim-meydaninda-kurulan-tanzim-satis-noktasina-vatandaslardan-ilgi_03b0761.jpg?resize=300%2C225 300w, https:\/\/i0.wp.com\/www.tvturk.com\/wp-content\/uploads\/2019\/02\/taksim-meydaninda-kurulan-tanzim-satis-noktasina-vatandaslardan-ilgi_03b0761.jpg?resize=768%2C576 768w\" width=\"330\" height=\"247\" loading=\"lazy\" data-original-width=\"330\" data-original-height=\"247\" itemprop=\"http:\/\/schema.org\/image\" title=\"Taksim Meydan\u0131\u2019nda kurulan tanzim sat\u0131\u015f noktas\u0131na vatanda\u015flardan ilgi\" alt=\"Taksim Meydan\u0131\u2019nda kurulan tanzim sat\u0131\u015f noktas\u0131na vatanda\u015flardan ilgi\" style=\"width: 330px; height: 247px;\" \/> <\/a> <\/div> <\/div> <!-- close group --> <div class=\"gallery-group images-2\" style=\"width: 166px; height: 251px;\" data-original-width=\"166\" data-original-height=\"251\" > <div class=\"tiled-gallery-item tiled-gallery-item-small\" itemprop=\"associatedMedia\" itemscope itemtype=\"http:\/\/schema.org\/ImageObject\"> <a href=\"http:\/\/www.tvturk.com\/index.php\/taksim-meydaninda-kurulan-tanzim-satis-noktasina-vatandaslardan-ilgi\/taksim-meydaninda-kurulan-tanzim-satis-noktasina-vatandaslardan-ilgi-4\/\" border=\"0\" itemprop=\"url\"> <meta itemprop=\"width\" content=\"162\"> <meta itemprop=\"height\" content=\"122\"> <img decoding=\"async\" class=\"\" data-attachment-id=\"26002\" data-orig-file=\"http:\/\/www.tvturk.com\/wp-content\/uploads\/2019\/02\/taksim-meydaninda-kurulan-tanzim-satis-noktasina-vatandaslardan-ilgi_3365e6a.jpg\" data-orig-size=\"1000,750\" data-comments-opened=\"\" data-image-meta=\"{&quot;aperture&quot;:&quot;0&quot;,&quot;credit&quot;:&quot;IHA&quot;,&quot;camera&quot;:&quot;&quot;,&quot;caption&quot;:&quot;\\u0130STANBUL B\\u00dcY\\u00dcK\\u015eEH\\u0130R BELED\\u0130YES\\u0130 TARAFINDAN TAKS\\u0130M MEYDANI\\u2019NDA A\\u00c7ILAN TANZ\\u0130M SATI\\u015e NOKTASI VATANDA\\u015eLARIN \\u0130LG\\u0130 ODA\\u011eI OLDU. (S\\u00dcMER AVCI\\\/\\u0130STANBUL-\\u0130HA)&quot;,&quot;created_timestamp&quot;:&quot;0&quot;,&quot;copyright&quot;:&quot;\\u0130HLAS HABER AJANSI, www.iha.com.tr&quot;,&quot;focal_length&quot;:&quot;0&quot;,&quot;iso&quot;:&quot;0&quot;,&quot;shutter_speed&quot;:&quot;0&quot;,&quot;title&quot;:&quot;TAKS\\u0130M MEYDANI\\u2019NDA KURULAN TANZ\\u0130M SATI\\u015e NOKTASINA VATANDA\\u015eLARDAN \\u0130LG\\u0130&quot;,&quot;orientation&quot;:&quot;0&quot;}\" data-image-title=\"Taksim Meydan\u0131\u2019nda kurulan tanzim sat\u0131\u015f noktas\u0131na vatanda\u015flardan ilgi\" data-image-description=\"&lt;p&gt;Taksim Meydan\u0131\u2019nda kurulan tanzim sat\u0131\u015f noktas\u0131na vatanda\u015flardan ilgi&lt;\/p&gt; \" data-medium-file=\"https:\/\/i0.wp.com\/www.tvturk.com\/wp-content\/uploads\/2019\/02\/taksim-meydaninda-kurulan-tanzim-satis-noktasina-vatandaslardan-ilgi_3365e6a.jpg?fit=300%2C225\" data-large-file=\"https:\/\/i0.wp.com\/www.tvturk.com\/wp-content\/uploads\/2019\/02\/taksim-meydaninda-kurulan-tanzim-satis-noktasina-vatandaslardan-ilgi_3365e6a.jpg?fit=1000%2C750\" src=\"https:\/\/i0.wp.com\/www.tvturk.com\/wp-content\/uploads\/2019\/02\/taksim-meydaninda-kurulan-tanzim-satis-noktasina-vatandaslardan-ilgi_3365e6a.jpg?w=162&#038;h=122\" srcset=\"https:\/\/i0.wp.com\/www.tvturk.com\/wp-content\/uploads\/2019\/02\/taksim-meydaninda-kurulan-tanzim-satis-noktasina-vatandaslardan-ilgi_3365e6a.jpg?w=1000 1000w, https:\/\/i0.wp.com\/www.tvturk.com\/wp-content\/uploads\/2019\/02\/taksim-meydaninda-kurulan-tanzim-satis-noktasina-vatandaslardan-ilgi_3365e6a.jpg?resize=150%2C113 150w, https:\/\/i0.wp.com\/www.tvturk.com\/wp-content\/uploads\/2019\/02\/taksim-meydaninda-kurulan-tanzim-satis-noktasina-vatandaslardan-ilgi_3365e6a.jpg?resize=300%2C225 300w, https:\/\/i0.wp.com\/www.tvturk.com\/wp-content\/uploads\/2019\/02\/taksim-meydaninda-kurulan-tanzim-satis-noktasina-vatandaslardan-ilgi_3365e6a.jpg?resize=768%2C576 768w\" width=\"162\" height=\"122\" loading=\"lazy\" data-original-width=\"162\" data-original-height=\"122\" itemprop=\"http:\/\/schema.org\/image\" title=\"Taksim Meydan\u0131\u2019nda kurulan tanzim sat\u0131\u015f noktas\u0131na vatanda\u015flardan ilgi\" alt=\"Taksim Meydan\u0131\u2019nda kurulan tanzim sat\u0131\u015f noktas\u0131na vatanda\u015flardan ilgi\" style=\"width: 162px; height: 122px;\" \/> <\/a> <\/div> <div class=\"tiled-gallery-item tiled-gallery-item-small\" itemprop=\"associatedMedia\" itemscope itemtype=\"http:\/\/schema.org\/ImageObject\"> <a href=\"http:\/\/www.tvturk.com\/index.php\/taksim-meydaninda-kurulan-tanzim-satis-noktasina-vatandaslardan-ilgi\/taksim-meydaninda-kurulan-tanzim-satis-noktasina-vatandaslardan-ilgi-5\/\" border=\"0\" itemprop=\"url\"> <meta itemprop=\"width\" content=\"162\"> <meta itemprop=\"height\" content=\"121\"> <img decoding=\"async\" class=\"\" data-attachment-id=\"26003\" data-orig-file=\"http:\/\/www.tvturk.com\/wp-content\/uploads\/2019\/02\/taksim-meydaninda-kurulan-tanzim-satis-noktasina-vatandaslardan-ilgi_80f42e6.jpg\" data-orig-size=\"1000,750\" data-comments-opened=\"\" data-image-meta=\"{&quot;aperture&quot;:&quot;0&quot;,&quot;credit&quot;:&quot;IHA&quot;,&quot;camera&quot;:&quot;&quot;,&quot;caption&quot;:&quot;\\u0130STANBUL B\\u00dcY\\u00dcK\\u015eEH\\u0130R BELED\\u0130YES\\u0130 TARAFINDAN TAKS\\u0130M MEYDANI\\u2019NDA A\\u00c7ILAN TANZ\\u0130M SATI\\u015e NOKTASI VATANDA\\u015eLARIN \\u0130LG\\u0130 ODA\\u011eI OLDU. (S\\u00dcMER AVCI\\\/\\u0130STANBUL-\\u0130HA)&quot;,&quot;created_timestamp&quot;:&quot;0&quot;,&quot;copyright&quot;:&quot;\\u0130HLAS HABER AJANSI, www.iha.com.tr&quot;,&quot;focal_length&quot;:&quot;0&quot;,&quot;iso&quot;:&quot;0&quot;,&quot;shutter_speed&quot;:&quot;0&quot;,&quot;title&quot;:&quot;TAKS\\u0130M MEYDANI\\u2019NDA KURULAN TANZ\\u0130M SATI\\u015e NOKTASINA VATANDA\\u015eLARDAN \\u0130LG\\u0130&quot;,&quot;orientation&quot;:&quot;0&quot;}\" data-image-title=\"Taksim Meydan\u0131\u2019nda kurulan tanzim sat\u0131\u015f noktas\u0131na vatanda\u015flardan ilgi\" data-image-description=\"&lt;p&gt;Taksim Meydan\u0131\u2019nda kurulan tanzim sat\u0131\u015f noktas\u0131na vatanda\u015flardan ilgi&lt;\/p&gt; \" data-medium-file=\"https:\/\/i0.wp.com\/www.tvturk.com\/wp-content\/uploads\/2019\/02\/taksim-meydaninda-kurulan-tanzim-satis-noktasina-vatandaslardan-ilgi_80f42e6.jpg?fit=300%2C225\" data-large-file=\"https:\/\/i0.wp.com\/www.tvturk.com\/wp-content\/uploads\/2019\/02\/taksim-meydaninda-kurulan-tanzim-satis-noktasina-vatandaslardan-ilgi_80f42e6.jpg?fit=1000%2C750\" src=\"https:\/\/i0.wp.com\/www.tvturk.com\/wp-content\/uploads\/2019\/02\/taksim-meydaninda-kurulan-tanzim-satis-noktasina-vatandaslardan-ilgi_80f42e6.jpg?w=162&#038;h=121\" srcset=\"https:\/\/i0.wp.com\/www.tvturk.com\/wp-content\/uploads\/2019\/02\/taksim-meydaninda-kurulan-tanzim-satis-noktasina-vatandaslardan-ilgi_80f42e6.jpg?w=1000 1000w, https:\/\/i0.wp.com\/www.tvturk.com\/wp-content\/uploads\/2019\/02\/taksim-meydaninda-kurulan-tanzim-satis-noktasina-vatandaslardan-ilgi_80f42e6.jpg?resize=150%2C113 150w, https:\/\/i0.wp.com\/www.tvturk.com\/wp-content\/uploads\/2019\/02\/taksim-meydaninda-kurulan-tanzim-satis-noktasina-vatandaslardan-ilgi_80f42e6.jpg?resize=300%2C225 300w, https:\/\/i0.wp.com\/www.tvturk.com\/wp-content\/uploads\/2019\/02\/taksim-meydaninda-kurulan-tanzim-satis-noktasina-vatandaslardan-ilgi_80f42e6.jpg?resize=768%2C576 768w\" width=\"162\" height=\"121\" loading=\"lazy\" data-original-width=\"162\" data-original-height=\"121\" itemprop=\"http:\/\/schema.org\/image\" title=\"Taksim Meydan\u0131\u2019nda kurulan tanzim sat\u0131\u015f noktas\u0131na vatanda\u015flardan ilgi\" alt=\"Taksim Meydan\u0131\u2019nda kurulan tanzim sat\u0131\u015f noktas\u0131na vatanda\u015flardan ilgi\" style=\"width: 162px; height: 121px;\" \/> <\/a> <\/div> <\/div> <!-- close group --> <\/div> <!-- close row --> <div class=\"gallery-row\" style=\"width: 500px; height: 193px;\" data-original-width=\"500\" data-original-height=\"193\" > <div class=\"gallery-group images-1\" style=\"width: 252px; height: 193px;\" data-original-width=\"252\" data-original-height=\"193\" > <div class=\"tiled-gallery-item tiled-gallery-item-small\" itemprop=\"associatedMedia\" itemscope itemtype=\"http:\/\/schema.org\/ImageObject\"> <a href=\"http:\/\/www.tvturk.com\/index.php\/taksim-meydaninda-kurulan-tanzim-satis-noktasina-vatandaslardan-ilgi\/taksim-meydaninda-kurulan-tanzim-satis-noktasina-vatandaslardan-ilgi-6\/\" border=\"0\" itemprop=\"url\"> <meta itemprop=\"width\" content=\"248\"> <meta itemprop=\"height\" content=\"189\"> <img decoding=\"async\" class=\"\" data-attachment-id=\"26004\" data-orig-file=\"http:\/\/www.tvturk.com\/wp-content\/uploads\/2019\/02\/taksim-meydaninda-kurulan-tanzim-satis-noktasina-vatandaslardan-ilgi_8ab4f4c.jpg\" data-orig-size=\"1000,763\" data-comments-opened=\"\" data-image-meta=\"{&quot;aperture&quot;:&quot;0&quot;,&quot;credit&quot;:&quot;IHA&quot;,&quot;camera&quot;:&quot;&quot;,&quot;caption&quot;:&quot;\\u0130STANBUL B\\u00dcY\\u00dcK\\u015eEH\\u0130R BELED\\u0130YES\\u0130 TARAFINDAN TAKS\\u0130M MEYDANI\\u2019NDA A\\u00c7ILAN TANZ\\u0130M SATI\\u015e NOKTASI VATANDA\\u015eLARIN \\u0130LG\\u0130 ODA\\u011eI OLDU. (S\\u00dcMER AVCI\\\/\\u0130STANBUL-\\u0130HA)&quot;,&quot;created_timestamp&quot;:&quot;0&quot;,&quot;copyright&quot;:&quot;\\u0130HLAS HABER AJANSI, www.iha.com.tr&quot;,&quot;focal_length&quot;:&quot;0&quot;,&quot;iso&quot;:&quot;0&quot;,&quot;shutter_speed&quot;:&quot;0&quot;,&quot;title&quot;:&quot;TAKS\\u0130M MEYDANI\\u2019NDA KURULAN TANZ\\u0130M SATI\\u015e NOKTASINA VATANDA\\u015eLARDAN \\u0130LG\\u0130&quot;,&quot;orientation&quot;:&quot;0&quot;}\" data-image-title=\"Taksim Meydan\u0131\u2019nda kurulan tanzim sat\u0131\u015f noktas\u0131na vatanda\u015flardan ilgi\" data-image-description=\"&lt;p&gt;Taksim Meydan\u0131\u2019nda kurulan tanzim sat\u0131\u015f noktas\u0131na vatanda\u015flardan ilgi&lt;\/p&gt; \" data-medium-file=\"https:\/\/i0.wp.com\/www.tvturk.com\/wp-content\/uploads\/2019\/02\/taksim-meydaninda-kurulan-tanzim-satis-noktasina-vatandaslardan-ilgi_8ab4f4c.jpg?fit=300%2C229\" data-large-file=\"https:\/\/i0.wp.com\/www.tvturk.com\/wp-content\/uploads\/2019\/02\/taksim-meydaninda-kurulan-tanzim-satis-noktasina-vatandaslardan-ilgi_8ab4f4c.jpg?fit=1000%2C763\" src=\"https:\/\/i0.wp.com\/www.tvturk.com\/wp-content\/uploads\/2019\/02\/taksim-meydaninda-kurulan-tanzim-satis-noktasina-vatandaslardan-ilgi_8ab4f4c.jpg?w=248&#038;h=189\" srcset=\"https:\/\/i0.wp.com\/www.tvturk.com\/wp-content\/uploads\/2019\/02\/taksim-meydaninda-kurulan-tanzim-satis-noktasina-vatandaslardan-ilgi_8ab4f4c.jpg?w=1000 1000w, https:\/\/i0.wp.com\/www.tvturk.com\/wp-content\/uploads\/2019\/02\/taksim-meydaninda-kurulan-tanzim-satis-noktasina-vatandaslardan-ilgi_8ab4f4c.jpg?resize=150%2C114 150w, https:\/\/i0.wp.com\/www.tvturk.com\/wp-content\/uploads\/2019\/02\/taksim-meydaninda-kurulan-tanzim-satis-noktasina-vatandaslardan-ilgi_8ab4f4c.jpg?resize=300%2C229 300w, https:\/\/i0.wp.com\/www.tvturk.com\/wp-content\/uploads\/2019\/02\/taksim-meydaninda-kurulan-tanzim-satis-noktasina-vatandaslardan-ilgi_8ab4f4c.jpg?resize=768%2C586 768w\" width=\"248\" height=\"189\" loading=\"lazy\" data-original-width=\"248\" data-original-height=\"189\" itemprop=\"http:\/\/schema.org\/image\" title=\"Taksim Meydan\u0131\u2019nda kurulan tanzim sat\u0131\u015f noktas\u0131na vatanda\u015flardan ilgi\" alt=\"Taksim Meydan\u0131\u2019nda kurulan tanzim sat\u0131\u015f noktas\u0131na vatanda\u015flardan ilgi\" style=\"width: 248px; height: 189px;\" \/> <\/a> <\/div> <\/div> <!-- close group --> <div class=\"gallery-group images-1\" style=\"width: 248px; height: 193px;\" data-original-width=\"248\" data-original-height=\"193\" > <div class=\"tiled-gallery-item tiled-gallery-item-small\" itemprop=\"associatedMedia\" itemscope itemtype=\"http:\/\/schema.org\/ImageObject\"> <a href=\"http:\/\/www.tvturk.com\/index.php\/taksim-meydaninda-kurulan-tanzim-satis-noktasina-vatandaslardan-ilgi\/taksim-meydaninda-kurulan-tanzim-satis-noktasina-vatandaslardan-ilgi-7\/\" border=\"0\" itemprop=\"url\"> <meta itemprop=\"width\" content=\"244\"> <meta itemprop=\"height\" content=\"189\"> <img decoding=\"async\" class=\"\" data-attachment-id=\"26005\" data-orig-file=\"http:\/\/www.tvturk.com\/wp-content\/uploads\/2019\/02\/taksim-meydaninda-kurulan-tanzim-satis-noktasina-vatandaslardan-ilgi_4f10e03.jpg\" data-orig-size=\"1000,777\" data-comments-opened=\"\" data-image-meta=\"{&quot;aperture&quot;:&quot;0&quot;,&quot;credit&quot;:&quot;IHA&quot;,&quot;camera&quot;:&quot;&quot;,&quot;caption&quot;:&quot;\\u0130STANBUL B\\u00dcY\\u00dcK\\u015eEH\\u0130R BELED\\u0130YES\\u0130 TARAFINDAN TAKS\\u0130M MEYDANI\\u2019NDA A\\u00c7ILAN TANZ\\u0130M SATI\\u015e NOKTASI VATANDA\\u015eLARIN \\u0130LG\\u0130 ODA\\u011eI OLDU. (S\\u00dcMER AVCI\\\/\\u0130STANBUL-\\u0130HA)&quot;,&quot;created_timestamp&quot;:&quot;0&quot;,&quot;copyright&quot;:&quot;\\u0130HLAS HABER AJANSI, www.iha.com.tr&quot;,&quot;focal_length&quot;:&quot;0&quot;,&quot;iso&quot;:&quot;0&quot;,&quot;shutter_speed&quot;:&quot;0&quot;,&quot;title&quot;:&quot;TAKS\\u0130M MEYDANI\\u2019NDA KURULAN TANZ\\u0130M SATI\\u015e NOKTASINA VATANDA\\u015eLARDAN \\u0130LG\\u0130&quot;,&quot;orientation&quot;:&quot;0&quot;}\" data-image-title=\"Taksim Meydan\u0131\u2019nda kurulan tanzim sat\u0131\u015f noktas\u0131na vatanda\u015flardan ilgi\" data-image-description=\"&lt;p&gt;Taksim Meydan\u0131\u2019nda kurulan tanzim sat\u0131\u015f noktas\u0131na vatanda\u015flardan ilgi&lt;\/p&gt; \" data-medium-file=\"https:\/\/i0.wp.com\/www.tvturk.com\/wp-content\/uploads\/2019\/02\/taksim-meydaninda-kurulan-tanzim-satis-noktasina-vatandaslardan-ilgi_4f10e03.jpg?fit=300%2C233\" data-large-file=\"https:\/\/i0.wp.com\/www.tvturk.com\/wp-content\/uploads\/2019\/02\/taksim-meydaninda-kurulan-tanzim-satis-noktasina-vatandaslardan-ilgi_4f10e03.jpg?fit=1000%2C777\" src=\"https:\/\/i0.wp.com\/www.tvturk.com\/wp-content\/uploads\/2019\/02\/taksim-meydaninda-kurulan-tanzim-satis-noktasina-vatandaslardan-ilgi_4f10e03.jpg?w=244&#038;h=189\" srcset=\"https:\/\/i0.wp.com\/www.tvturk.com\/wp-content\/uploads\/2019\/02\/taksim-meydaninda-kurulan-tanzim-satis-noktasina-vatandaslardan-ilgi_4f10e03.jpg?w=1000 1000w, https:\/\/i0.wp.com\/www.tvturk.com\/wp-content\/uploads\/2019\/02\/taksim-meydaninda-kurulan-tanzim-satis-noktasina-vatandaslardan-ilgi_4f10e03.jpg?resize=150%2C117 150w, https:\/\/i0.wp.com\/www.tvturk.com\/wp-content\/uploads\/2019\/02\/taksim-meydaninda-kurulan-tanzim-satis-noktasina-vatandaslardan-ilgi_4f10e03.jpg?resize=300%2C233 300w, https:\/\/i0.wp.com\/www.tvturk.com\/wp-content\/uploads\/2019\/02\/taksim-meydaninda-kurulan-tanzim-satis-noktasina-vatandaslardan-ilgi_4f10e03.jpg?resize=768%2C597 768w\" width=\"244\" height=\"189\" loading=\"lazy\" data-original-width=\"244\" data-original-height=\"189\" itemprop=\"http:\/\/schema.org\/image\" title=\"Taksim Meydan\u0131\u2019nda kurulan tanzim sat\u0131\u015f noktas\u0131na vatanda\u015flardan ilgi\" alt=\"Taksim Meydan\u0131\u2019nda kurulan tanzim sat\u0131\u015f noktas\u0131na vatanda\u015flardan ilgi\" style=\"width: 244px; height: 189px;\" \/> <\/a> <\/div> <\/div> <!-- close group --> <\/div> <!-- close row --> <\/div><\/p>\n","protected":false},"excerpt":{"rendered":"<p>\u0130STANBUL B\u00dcY\u00dcK\u015eEH\u0130R BELED\u0130YES\u0130 TARAFINDAN TAKS\u0130M MEYDANI\u2019NDA A\u00c7ILAN TANZ\u0130M SATI\u015e NOKTASI VATANDA\u015eLARIN \u0130LG\u0130 ODA\u011eI OLDU.<\/p>\n","protected":false},"author":1,"featured_media":26000,"comment_status":"closed","ping_status":"open","sticky":false,"template":"","format":"standard","meta":{"jetpack_post_was_ever_published":false,"_jetpack_newsletter_access":"","_jetpack_dont_email_post_to_subs":false,"_jetpack_newsletter_tier_id":0,"_jetpack_memberships_contains_paywalled_content":false,"_jetpack_memberships_contains_paid_content":false,"footnotes":"","jetpack_publicize_message":"","jetpack_publicize_feature_enabled":true,"jetpack_social_post_already_shared":false,"jetpack_social_options":{"image_generator_settings":{"template":"highway","default_image_id":0,"font":"","enabled":false},"version":2}},"categories":[655],"tags":[4275,1726,10776,10775,10361,2989,8464,9436],"class_list":["post-25999","post","type-post","status-publish","format-standard","has-post-thumbnail","hentry","category-son-dakika","tag-tanzim","tag-ilgi","tag-kurulan","tag-meydaninda","tag-noktasina","tag-satis","tag-taksim","tag-vatandaslardan"],"jetpack_publicize_connections":[],"jetpack_featured_media_url":"https:\/\/i0.wp.com\/www.tvturk.com\/wp-content\/uploads\/2019\/02\/taksim-meydaninda-kurulan-tanzim-satis-noktasina-vatandaslardan-ilgi_1111d2d.jpg?fit=1000%2C750","jetpack_sharing_enabled":true,"jetpack_shortlink":"https:\/\/wp.me\/paKIfm-6Ll","_links":{"self":[{"href":"http:\/\/www.tvturk.com\/index.php\/wp-json\/wp\/v2\/posts\/25999","targetHints":{"allow":["GET"]}}],"collection":[{"href":"http:\/\/www.tvturk.com\/index.php\/wp-json\/wp\/v2\/posts"}],"about":[{"href":"http:\/\/www.tvturk.com\/index.php\/wp-json\/wp\/v2\/types\/post"}],"author":[{"embeddable":true,"href":"http:\/\/www.tvturk.com\/index.php\/wp-json\/wp\/v2\/users\/1"}],"replies":[{"embeddable":true,"href":"http:\/\/www.tvturk.com\/index.php\/wp-json\/wp\/v2\/comments?post=25999"}],"version-history":[{"count":1,"href":"http:\/\/www.tvturk.com\/index.php\/wp-json\/wp\/v2\/posts\/25999\/revisions"}],"predecessor-version":[{"id":26006,"href":"http:\/\/www.tvturk.com\/index.php\/wp-json\/wp\/v2\/posts\/25999\/revisions\/26006"}],"wp:featuredmedia":[{"embeddable":true,"href":"http:\/\/www.tvturk.com\/index.php\/wp-json\/wp\/v2\/media\/26000"}],"wp:attachment":[{"href":"http:\/\/www.tvturk.com\/index.php\/wp-json\/wp\/v2\/media?parent=25999"}],"wp:term":[{"taxonomy":"category","embeddable":true,"href":"http:\/\/www.tvturk.com\/index.php\/wp-json\/wp\/v2\/categories?post=25999"},{"taxonomy":"post_tag","embeddable":true,"href":"http:\/\/www.tvturk.com\/index.php\/wp-json\/wp\/v2\/tags?post=25999"}],"curies":[{"name":"wp","href":"https:\/\/api.w.org\/{rel}","templated":true}]}}