{"id":26101,"date":"2019-02-12T16:16:20","date_gmt":"2019-02-12T13:16:20","guid":{"rendered":"http:\/\/www.tvturk.com\/index.php\/okuma-hayalini-76-yasinda-gerceklestirdi\/"},"modified":"2019-02-12T16:16:20","modified_gmt":"2019-02-12T13:16:20","slug":"okuma-hayalini-76-yasinda-gerceklestirdi","status":"publish","type":"post","link":"http:\/\/www.tvturk.com\/index.php\/okuma-hayalini-76-yasinda-gerceklestirdi\/","title":{"rendered":"Okuma hayalini 76 ya\u015f\u0131nda ger\u00e7ekle\u015ftirdi"},"content":{"rendered":"<p>D\u00dcZCE(\u0130HA) \u2013 D\u00fczceli 76 ya\u015f\u0131ndaki Hacer G\u00fcl okuma hayalini ger\u00e7ekle\u015ftirdi.<\/p>\n<p>\u0130mkans\u0131zl\u0131klar nedeniyle okuyamayan Hacer G\u00fcl Okuryazarl\u0131k Seferberli\u011finden faydalanarak okuma yazma \u00f6\u011frendi. Azminin ya\u015f\u0131tlar\u0131na \u00f6rnek olmas\u0131n\u0131 isteyen G\u00fcl \u201cBenim gibi \u00e7e\u015fitli nedenlerle okuma yazma \u00f6\u011frenememesi ki\u015filerin bu mutlulu\u011fu ya\u015famas\u0131n\u0131 temenni ediyorum\u201d dedi.<\/p>\n<p>Cumhurba\u015fkan\u0131 Recep Tayyip Erdo\u011fan\u2019\u0131n e\u015fi Emine Erdo\u011fan\u2019\u0131n giri\u015fimleri ile ba\u015flat\u0131lan Okuryazarl\u0131k Seferberli\u011fi kapsam\u0131nda D\u00fczce G\u00f6lyaka Halk E\u011fitim Merkezi b\u00fcnyesinde a\u00e7\u0131lan kursa kat\u0131lan 76 ya\u015f\u0131ndaki Hacer G\u00fcl, kurs \u00f6\u011fretmeni \u00c7i\u011fdem Co\u015fkun rehberli\u011finde okuma yazma \u00f6\u011frendi. Okuman\u0131n, \u00f6\u011frenmenin ya\u015f\u0131 olmad\u0131\u011f\u0131n\u0131 bir kez daha kan\u0131tlayan Hacer teyze ya\u015fad\u0131\u011f\u0131 bu b\u00fcy\u00fck mutlulu\u011fun kendisi gibi \u00e7e\u015fitli nedenlerle okuma yazma \u00f6\u011frenememi\u015f ya\u015f\u0131tlar\u0131na \u00f6rnek olmas\u0131n\u0131 istiyor. K\u00f6y\u00fcn \u00f6\u011fretmeni taraf\u0131ndan iki kez okula kayd\u0131 yap\u0131lsa da babas\u0131 o d\u00f6nemde k\u0131z \u00e7ocuklar\u0131 okula g\u00f6nderilmedi\u011fi i\u00e7in her seferinde kayd\u0131n\u0131 sildirmi\u015f. Hacer G\u00fcl\u2019\u00fcn 3\u2019\u00fc k\u0131z, 1\u2019i erkek olmak \u00fczere 4 \u00e7ocu\u011fu, 15 torunu var.<\/p>\n<p>Okuryazarl\u0131k Seferberli\u011fi kapsam\u0131nda D\u00fczce\u2019de 543 kurs a\u00e7\u0131ld\u0131. Kurslara 3 bin 375\u2019i kad\u0131n, 257\u2019si erkek olmak \u00fczere toplam 3 bin 632 kursiyer kat\u0131ld\u0131.<\/p>\n","protected":false},"excerpt":{"rendered":"<p>D\u00dcZCEL\u0130 76 YA\u015eINDAK\u0130 HACER G\u00dcL OKUMA HAYAL\u0130N\u0130 GER\u00c7EKLE\u015eT\u0130RD\u0130.<\/p>\n","protected":false},"author":1,"featured_media":26102,"comment_status":"closed","ping_status":"open","sticky":false,"template":"","format":"standard","meta":{"jetpack_post_was_ever_published":false,"_jetpack_newsletter_access":"","_jetpack_dont_email_post_to_subs":false,"_jetpack_newsletter_tier_id":0,"_jetpack_memberships_contains_paywalled_content":false,"_jetpack_memberships_contains_paid_content":false,"footnotes":"","jetpack_publicize_message":"","jetpack_publicize_feature_enabled":true,"jetpack_social_post_already_shared":false,"jetpack_social_options":{"image_generator_settings":{"template":"highway","default_image_id":0,"font":"","enabled":false},"version":2}},"categories":[659],"tags":[2990,10797,3620,2487],"class_list":["post-26101","post","type-post","status-publish","format-standard","has-post-thumbnail","hentry","category-egitim","tag-gerceklestirdi","tag-hayalini","tag-okuma","tag-yasinda"],"jetpack_publicize_connections":[],"jetpack_featured_media_url":"https:\/\/i0.wp.com\/www.tvturk.com\/wp-content\/uploads\/2019\/02\/okuma-hayalini-76-yasinda-gerceklestirdi_c17332c.jpg?fit=471%2C796","jetpack_sharing_enabled":true,"jetpack_shortlink":"https:\/\/wp.me\/paKIfm-6MZ","_links":{"self":[{"href":"http:\/\/www.tvturk.com\/index.php\/wp-json\/wp\/v2\/posts\/26101","targetHints":{"allow":["GET"]}}],"collection":[{"href":"http:\/\/www.tvturk.com\/index.php\/wp-json\/wp\/v2\/posts"}],"about":[{"href":"http:\/\/www.tvturk.com\/index.php\/wp-json\/wp\/v2\/types\/post"}],"author":[{"embeddable":true,"href":"http:\/\/www.tvturk.com\/index.php\/wp-json\/wp\/v2\/users\/1"}],"replies":[{"embeddable":true,"href":"http:\/\/www.tvturk.com\/index.php\/wp-json\/wp\/v2\/comments?post=26101"}],"version-history":[{"count":0,"href":"http:\/\/www.tvturk.com\/index.php\/wp-json\/wp\/v2\/posts\/26101\/revisions"}],"wp:featuredmedia":[{"embeddable":true,"href":"http:\/\/www.tvturk.com\/index.php\/wp-json\/wp\/v2\/media\/26102"}],"wp:attachment":[{"href":"http:\/\/www.tvturk.com\/index.php\/wp-json\/wp\/v2\/media?parent=26101"}],"wp:term":[{"taxonomy":"category","embeddable":true,"href":"http:\/\/www.tvturk.com\/index.php\/wp-json\/wp\/v2\/categories?post=26101"},{"taxonomy":"post_tag","embeddable":true,"href":"http:\/\/www.tvturk.com\/index.php\/wp-json\/wp\/v2\/tags?post=26101"}],"curies":[{"name":"wp","href":"https:\/\/api.w.org\/{rel}","templated":true}]}}