{"id":26107,"date":"2019-02-12T16:20:58","date_gmt":"2019-02-12T13:20:58","guid":{"rendered":"http:\/\/www.tvturk.com\/index.php\/muden-gocmen-cocuklar-calistayi\/"},"modified":"2019-02-12T16:21:02","modified_gmt":"2019-02-12T13:21:02","slug":"muden-gocmen-cocuklar-calistayi","status":"publish","type":"post","link":"http:\/\/www.tvturk.com\/index.php\/muden-gocmen-cocuklar-calistayi\/","title":{"rendered":"M\u00dc\u2019den \u2019G\u00f6\u00e7men \u00c7ocuklar\u2019 \u00e7al\u0131\u015ftay\u0131"},"content":{"rendered":"<p>Mu\u011fla S\u0131tk\u0131 Ko\u00e7man \u00dcniversitesi, Swabish Gm\u00fcnd \u00dcniversitesi, Gavle \u00dcniversitesi, De Calabria \u00dcniversitesi ve \u201cBack on Track\u201d stratejik ortakl\u0131\u011f\u0131nda y\u00fcr\u00fct\u00fclen proje kapsam\u0131nda \u201cG\u00f6\u00e7men \u00c7ocuklar \u00c7al\u0131\u015ftay\u0131\u201d d\u00fczenlendi.<\/p>\n<p>Mu\u011fla S\u0131tk\u0131 Ko\u00e7man \u00dcniversitesi Atat\u00fcrk K\u00fclt\u00fcr Merkezi\u2019nde d\u00fczenlenen \u00e7al\u0131\u015ftay\u0131n a\u00e7\u0131l\u0131\u015f program\u0131na; Rekt\u00f6r Prof. Dr. H\u00fcseyin \u00c7i\u00e7ek, Mu\u011fla \u0130l Milli E\u011fitim M\u00fcd\u00fcr\u00fc Pervin T\u00f6re, E\u011fitim Fak\u00fcltesi Dekan\u0131 Prof. Dr. Bilal Duman, Rehberlik ve Psikolojik Dan\u0131\u015fmanl\u0131k Anabilim Dal\u0131 Ba\u015fkan\u0131 Prof. Dr. Ay\u015fe Rezan \u00c7e\u00e7en Ero\u011ful, proje ortaklar\u0131 ve akademik personel kat\u0131ld\u0131.<\/p>\n<p>\u00c7al\u0131\u015ftay\u0131n a\u00e7\u0131l\u0131\u015f konu\u015fmas\u0131nda Rekt\u00f6r Prof. Dr. H\u00fcseyin \u00c7i\u00e7ek, \u0130nsanl\u0131k tarihi boyunca toplumsal \u00e7at\u0131\u015fmalar\u0131n ve i\u00e7 sava\u015flar\u0131n en b\u00fcy\u00fck ma\u011fdurlar\u0131n\u0131n kad\u0131nlar ve \u00e7ocuklar oldu\u011funu kaydetti. \u00c7i\u00e7ek; \u201cAl\u0131\u015ft\u0131klar\u0131 k\u00fclt\u00fcrden, \u00fclkelerinden, evlerinden koparak g\u00f6\u00e7 etmek zorunda kalan m\u00fclteci \u00e7ocuklar, g\u00f6\u00e7 ettikleri \u00fclkelerde \u00e7ok b\u00fcy\u00fck zorluklarla kar\u015f\u0131la\u015fmaktad\u0131rlar. \u0130\u015fte bu zorluklardan en kriti\u011fi olan \u201cm\u00fclteci \u00e7ocuklar\u0131n e\u011fitim sistemine adaptasyonu\u201d \u00e7\u00f6z\u00fclmesi gereken \u00f6ncelikli sorunlar\u0131n ba\u015f\u0131nda gelmektedir. K\u00fcresel bar\u0131\u015f\u0131n tesisi i\u00e7in kurulmu\u015f olan bir\u00e7ok uluslararas\u0131 kurumun zaman zaman yetersiz kald\u0131\u011f\u0131 g\u00fcn\u00fcm\u00fczde, \u00fcniversitelerin mesuliyeti bir kez daha \u00f6n plana \u00e7\u0131kmaktad\u0131r. Nitekim bizler bug\u00fcn, bir \u00f6l\u00e7\u00fcde sava\u015f\u0131n ve politik \u00e7at\u0131\u015fmalar\u0131n insanl\u0131k \u00fczerine a\u00e7t\u0131\u011f\u0131 yaralar\u0131 sarmak \u00fczere bir araya gelmi\u015f bulunuyoruz. Avrupa \u00fclkeleri, Suriye\u2019de ve Ortado\u011fu\u2019da ya\u015fanan sava\u015f\u0131n y\u0131k\u0131c\u0131l\u0131\u011f\u0131na T\u00fcrkiye kadar yak\u0131ndan tan\u0131k olamam\u0131\u015flard\u0131r. Ancak bu t\u00fcr bilimsel etkinlikler ve k\u0131talararas\u0131 i\u015fbirli\u011fiyle t\u00fcm potansiyelimizi sorunlar\u0131n \u00e7\u00f6z\u00fcm\u00fc i\u00e7in kullanabiliriz.  Bu nedenle g\u00f6\u00e7men \u00f6\u011frencilerimizin sorunlar\u0131 ile yak\u0131ndan ilgilenen bir Rekt\u00f6r olarak bug\u00fcnk\u00fc \u00e7al\u0131\u015ftay\u0131n \u00e7ok k\u0131ymetli oldu\u011funu tekraren ifade etmek isterim\u201d dedi.<\/p>\n<p>Rehberlik ve Psikolojik Dan\u0131\u015fmanl\u0131k Anabilim Dal\u0131 Ba\u015fkan\u0131 Prof. Dr. Ay\u015fe Rezan \u00c7e\u00e7en Ero\u011ful ise; Anadili Arap\u00e7a olan G\u00f6\u00e7men \u00e7ocuklar\u0131n Arap\u00e7a konu\u015fan e\u011fiticileri ya da ment\u00f6rleri arac\u0131l\u0131\u011f\u0131yla \u00e7ocuklar\u0131n kendi kendine \u00f6\u011frenme kapasitelerinin g\u00fc\u00e7lendirilmesi\u201d isimli proje hakk\u0131nda bilgilendirmelerde bulundu.<\/p>\n<p>Ero\u011ful; \u201cBu projenin amac\u0131, g\u00f6\u00e7men \u00e7ocuklar\u0131n \u00f6z-d\u00fczenleyici \u00f6\u011frenme stratejilerini geli\u015ftirme ve \u00f6z-yetkinliklerini g\u00fc\u00e7lendirme konular\u0131nda destekleyen m\u00fcfredat d\u0131\u015f\u0131 bir e\u011fitim modeli geli\u015ftirmektir. Bu modeli entegrasyon s\u00fcrecindeki \u00f6\u011frencilere anadili Arap\u00e7a olan e\u011fiticiler ve \u00f6\u011fretmenler yard\u0131m\u0131yla ula\u015ft\u0131rmakt\u0131r. B\u00f6ylece g\u00f6\u00e7men \u00e7ocuklar\u0131n kendilerini motive edebilme ve kendi \u00f6\u011frenme davran\u0131\u015flar\u0131n\u0131 \u00e7evreye ve istenen \u00e7\u0131kt\u0131lara uyarlayabilme konular\u0131nda geli\u015fim g\u00f6stermeleri beklenmektedir. \u015eu ana kadar ilkini Almanya\u2019da, ikincisini \u0130talya\u2019da ve \u00fc\u00e7\u00fcnc\u00fcs\u00fcn\u00fc \u0130sve\u00e7\u2019te ger\u00e7ekle\u015ftirdi\u011fimiz \u00e7al\u0131\u015ftaylarda anadili Arap\u00e7a olan e\u011fitmenlere destekleyici bir \u00f6\u011fretmen olmak, travmayla ba\u015f etme yollar\u0131, \u00e7ocuklar\u0131n bilgilerini belirleme, ileti\u015fim \u00fc\u00e7geni, benlik sayg\u0131s\u0131, motivasyon ve \u00f6z-d\u00fczenlemeli \u00f6\u011frenme gibi konularda bilgi aktarmay\u0131 ve onlar\u0131n deneyimleri ve ya\u015fad\u0131klar\u0131 zorluklar hakk\u0131nda payla\u015f\u0131mda bulunmay\u0131 hedefledik. D\u00f6rd\u00fcnc\u00fc \u00e7al\u0131\u015ftay proje ortaklar\u0131m\u0131z\u0131n kat\u0131l\u0131m\u0131yla \u00fcniversitemiz ev sahipli\u011finde 12-14 \u015eubat 2019 tarihleri aras\u0131nda ger\u00e7ekle\u015ftirilecektir\u201d diye konu\u015ftu.<div class=\"tiled-gallery type-rectangular tiled-gallery-unresized\" data-original-width=\"500\" data-carousel-extra='null' itemscope itemtype=\"http:\/\/schema.org\/ImageGallery\" > <div class=\"gallery-row\" style=\"width: 500px; height: 227px;\" data-original-width=\"500\" data-original-height=\"227\" > <div class=\"gallery-group images-1\" style=\"width: 340px; height: 227px;\" data-original-width=\"340\" data-original-height=\"227\" > <div class=\"tiled-gallery-item tiled-gallery-item-large\" itemprop=\"associatedMedia\" itemscope itemtype=\"http:\/\/schema.org\/ImageObject\"> <a href=\"http:\/\/www.tvturk.com\/index.php\/muden-gocmen-cocuklar-calistayi\/muden-gocmen-cocuklar-calistayi-3\/\" border=\"0\" itemprop=\"url\"> <meta itemprop=\"width\" content=\"336\"> <meta itemprop=\"height\" content=\"223\"> <img decoding=\"async\" class=\"\" data-attachment-id=\"26109\" data-orig-file=\"http:\/\/www.tvturk.com\/wp-content\/uploads\/2019\/02\/muden-gocmen-cocuklar-calistayi_41195b2.jpg\" data-orig-size=\"1000,665\" data-comments-opened=\"\" data-image-meta=\"{&quot;aperture&quot;:&quot;0&quot;,&quot;credit&quot;:&quot;IHA&quot;,&quot;camera&quot;:&quot;&quot;,&quot;caption&quot;:&quot;G\\u00d6\\u00c7MEN \\u00c7OCUKLAR \\u00c7ALI\\u015eTAYI \\u00dcN\\u0130VERS\\u0130TEDE BA\\u015eLADI (MUSTAFA ALTAR ZEYHAN\\\/MU\\u011eLA-\\u0130HA)&quot;,&quot;created_timestamp&quot;:&quot;0&quot;,&quot;copyright&quot;:&quot;\\u0130HLAS HABER AJANSI, www.iha.com.tr&quot;,&quot;focal_length&quot;:&quot;0&quot;,&quot;iso&quot;:&quot;0&quot;,&quot;shutter_speed&quot;:&quot;0&quot;,&quot;title&quot;:&quot;M\\u00dc\\u0027DEN \\u0027G\\u00d6\\u00c7MEN \\u00c7OCUKLAR\\u0027 \\u00c7ALI\\u015eTAYI&quot;,&quot;orientation&quot;:&quot;0&quot;}\" data-image-title=\"M\u00dc\u2019den \u2019G\u00f6\u00e7men \u00c7ocuklar\u2019 \u00e7al\u0131\u015ftay\u0131\" data-image-description=\"&lt;p&gt;M\u00dc\u2019den \u2019G\u00f6\u00e7men \u00c7ocuklar\u2019 \u00e7al\u0131\u015ftay\u0131&lt;\/p&gt; \" data-medium-file=\"https:\/\/i0.wp.com\/www.tvturk.com\/wp-content\/uploads\/2019\/02\/muden-gocmen-cocuklar-calistayi_41195b2.jpg?fit=300%2C200\" data-large-file=\"https:\/\/i0.wp.com\/www.tvturk.com\/wp-content\/uploads\/2019\/02\/muden-gocmen-cocuklar-calistayi_41195b2.jpg?fit=1000%2C665\" src=\"https:\/\/i0.wp.com\/www.tvturk.com\/wp-content\/uploads\/2019\/02\/muden-gocmen-cocuklar-calistayi_41195b2.jpg?w=336&#038;h=223\" srcset=\"https:\/\/i0.wp.com\/www.tvturk.com\/wp-content\/uploads\/2019\/02\/muden-gocmen-cocuklar-calistayi_41195b2.jpg?w=1000 1000w, https:\/\/i0.wp.com\/www.tvturk.com\/wp-content\/uploads\/2019\/02\/muden-gocmen-cocuklar-calistayi_41195b2.jpg?resize=150%2C100 150w, https:\/\/i0.wp.com\/www.tvturk.com\/wp-content\/uploads\/2019\/02\/muden-gocmen-cocuklar-calistayi_41195b2.jpg?resize=300%2C200 300w, https:\/\/i0.wp.com\/www.tvturk.com\/wp-content\/uploads\/2019\/02\/muden-gocmen-cocuklar-calistayi_41195b2.jpg?resize=768%2C511 768w, https:\/\/i0.wp.com\/www.tvturk.com\/wp-content\/uploads\/2019\/02\/muden-gocmen-cocuklar-calistayi_41195b2.jpg?resize=170%2C113 170w, https:\/\/i0.wp.com\/www.tvturk.com\/wp-content\/uploads\/2019\/02\/muden-gocmen-cocuklar-calistayi_41195b2.jpg?resize=120%2C80 120w\" width=\"336\" height=\"223\" loading=\"lazy\" data-original-width=\"336\" data-original-height=\"223\" itemprop=\"http:\/\/schema.org\/image\" title=\"M\u00dc\u2019den \u2019G\u00f6\u00e7men \u00c7ocuklar\u2019 \u00e7al\u0131\u015ftay\u0131\" alt=\"M\u00dc\u2019den \u2019G\u00f6\u00e7men \u00c7ocuklar\u2019 \u00e7al\u0131\u015ftay\u0131\" style=\"width: 336px; height: 223px;\" \/> <\/a> <\/div> <\/div> <!-- close group --> <div class=\"gallery-group images-2\" style=\"width: 160px; height: 227px;\" data-original-width=\"160\" data-original-height=\"227\" > <div class=\"tiled-gallery-item tiled-gallery-item-small\" itemprop=\"associatedMedia\" itemscope itemtype=\"http:\/\/schema.org\/ImageObject\"> <a href=\"http:\/\/www.tvturk.com\/index.php\/muden-gocmen-cocuklar-calistayi\/muden-gocmen-cocuklar-calistayi-4\/\" border=\"0\" itemprop=\"url\"> <meta itemprop=\"width\" content=\"156\"> <meta itemprop=\"height\" content=\"115\"> <img decoding=\"async\" class=\"\" data-attachment-id=\"26110\" data-orig-file=\"http:\/\/www.tvturk.com\/wp-content\/uploads\/2019\/02\/muden-gocmen-cocuklar-calistayi_96643cb.jpg\" data-orig-size=\"1000,740\" data-comments-opened=\"\" data-image-meta=\"{&quot;aperture&quot;:&quot;0&quot;,&quot;credit&quot;:&quot;IHA&quot;,&quot;camera&quot;:&quot;&quot;,&quot;caption&quot;:&quot;G\\u00d6\\u00c7MEN \\u00c7OCUKLAR \\u00c7ALI\\u015eTAYI \\u00dcN\\u0130VERS\\u0130TEDE BA\\u015eLADI (MUSTAFA ALTAR ZEYHAN\\\/MU\\u011eLA-\\u0130HA)&quot;,&quot;created_timestamp&quot;:&quot;0&quot;,&quot;copyright&quot;:&quot;\\u0130HLAS HABER AJANSI, www.iha.com.tr&quot;,&quot;focal_length&quot;:&quot;0&quot;,&quot;iso&quot;:&quot;0&quot;,&quot;shutter_speed&quot;:&quot;0&quot;,&quot;title&quot;:&quot;M\\u00dc\\u0027DEN \\u0027G\\u00d6\\u00c7MEN \\u00c7OCUKLAR\\u0027 \\u00c7ALI\\u015eTAYI&quot;,&quot;orientation&quot;:&quot;0&quot;}\" data-image-title=\"M\u00dc\u2019den \u2019G\u00f6\u00e7men \u00c7ocuklar\u2019 \u00e7al\u0131\u015ftay\u0131\" data-image-description=\"&lt;p&gt;M\u00dc\u2019den \u2019G\u00f6\u00e7men \u00c7ocuklar\u2019 \u00e7al\u0131\u015ftay\u0131&lt;\/p&gt; \" data-medium-file=\"https:\/\/i0.wp.com\/www.tvturk.com\/wp-content\/uploads\/2019\/02\/muden-gocmen-cocuklar-calistayi_96643cb.jpg?fit=300%2C222\" data-large-file=\"https:\/\/i0.wp.com\/www.tvturk.com\/wp-content\/uploads\/2019\/02\/muden-gocmen-cocuklar-calistayi_96643cb.jpg?fit=1000%2C740\" src=\"https:\/\/i0.wp.com\/www.tvturk.com\/wp-content\/uploads\/2019\/02\/muden-gocmen-cocuklar-calistayi_96643cb.jpg?w=156&#038;h=115\" srcset=\"https:\/\/i0.wp.com\/www.tvturk.com\/wp-content\/uploads\/2019\/02\/muden-gocmen-cocuklar-calistayi_96643cb.jpg?w=1000 1000w, https:\/\/i0.wp.com\/www.tvturk.com\/wp-content\/uploads\/2019\/02\/muden-gocmen-cocuklar-calistayi_96643cb.jpg?resize=150%2C111 150w, https:\/\/i0.wp.com\/www.tvturk.com\/wp-content\/uploads\/2019\/02\/muden-gocmen-cocuklar-calistayi_96643cb.jpg?resize=300%2C222 300w, https:\/\/i0.wp.com\/www.tvturk.com\/wp-content\/uploads\/2019\/02\/muden-gocmen-cocuklar-calistayi_96643cb.jpg?resize=768%2C568 768w\" width=\"156\" height=\"115\" loading=\"lazy\" data-original-width=\"156\" data-original-height=\"115\" itemprop=\"http:\/\/schema.org\/image\" title=\"M\u00dc\u2019den \u2019G\u00f6\u00e7men \u00c7ocuklar\u2019 \u00e7al\u0131\u015ftay\u0131\" alt=\"M\u00dc\u2019den \u2019G\u00f6\u00e7men \u00c7ocuklar\u2019 \u00e7al\u0131\u015ftay\u0131\" style=\"width: 156px; height: 115px;\" \/> <\/a> <\/div> <div class=\"tiled-gallery-item tiled-gallery-item-small\" itemprop=\"associatedMedia\" itemscope itemtype=\"http:\/\/schema.org\/ImageObject\"> <a href=\"http:\/\/www.tvturk.com\/index.php\/muden-gocmen-cocuklar-calistayi\/muden-gocmen-cocuklar-calistayi-5\/\" border=\"0\" itemprop=\"url\"> <meta itemprop=\"width\" content=\"156\"> <meta itemprop=\"height\" content=\"104\"> <img decoding=\"async\" class=\"\" data-attachment-id=\"26111\" data-orig-file=\"http:\/\/www.tvturk.com\/wp-content\/uploads\/2019\/02\/muden-gocmen-cocuklar-calistayi_6f114c2.jpg\" data-orig-size=\"1000,665\" data-comments-opened=\"\" data-image-meta=\"{&quot;aperture&quot;:&quot;0&quot;,&quot;credit&quot;:&quot;IHA&quot;,&quot;camera&quot;:&quot;&quot;,&quot;caption&quot;:&quot;G\\u00d6\\u00c7MEN \\u00c7OCUKLAR \\u00c7ALI\\u015eTAYI \\u00dcN\\u0130VERS\\u0130TEDE BA\\u015eLADI (MUSTAFA ALTAR ZEYHAN\\\/MU\\u011eLA-\\u0130HA)&quot;,&quot;created_timestamp&quot;:&quot;0&quot;,&quot;copyright&quot;:&quot;\\u0130HLAS HABER AJANSI, www.iha.com.tr&quot;,&quot;focal_length&quot;:&quot;0&quot;,&quot;iso&quot;:&quot;0&quot;,&quot;shutter_speed&quot;:&quot;0&quot;,&quot;title&quot;:&quot;M\\u00dc\\u0027DEN \\u0027G\\u00d6\\u00c7MEN \\u00c7OCUKLAR\\u0027 \\u00c7ALI\\u015eTAYI&quot;,&quot;orientation&quot;:&quot;0&quot;}\" data-image-title=\"M\u00dc\u2019den \u2019G\u00f6\u00e7men \u00c7ocuklar\u2019 \u00e7al\u0131\u015ftay\u0131\" data-image-description=\"&lt;p&gt;M\u00dc\u2019den \u2019G\u00f6\u00e7men \u00c7ocuklar\u2019 \u00e7al\u0131\u015ftay\u0131&lt;\/p&gt; \" data-medium-file=\"https:\/\/i0.wp.com\/www.tvturk.com\/wp-content\/uploads\/2019\/02\/muden-gocmen-cocuklar-calistayi_6f114c2.jpg?fit=300%2C200\" data-large-file=\"https:\/\/i0.wp.com\/www.tvturk.com\/wp-content\/uploads\/2019\/02\/muden-gocmen-cocuklar-calistayi_6f114c2.jpg?fit=1000%2C665\" src=\"https:\/\/i0.wp.com\/www.tvturk.com\/wp-content\/uploads\/2019\/02\/muden-gocmen-cocuklar-calistayi_6f114c2.jpg?w=156&#038;h=104\" srcset=\"https:\/\/i0.wp.com\/www.tvturk.com\/wp-content\/uploads\/2019\/02\/muden-gocmen-cocuklar-calistayi_6f114c2.jpg?w=1000 1000w, https:\/\/i0.wp.com\/www.tvturk.com\/wp-content\/uploads\/2019\/02\/muden-gocmen-cocuklar-calistayi_6f114c2.jpg?resize=150%2C100 150w, https:\/\/i0.wp.com\/www.tvturk.com\/wp-content\/uploads\/2019\/02\/muden-gocmen-cocuklar-calistayi_6f114c2.jpg?resize=300%2C200 300w, https:\/\/i0.wp.com\/www.tvturk.com\/wp-content\/uploads\/2019\/02\/muden-gocmen-cocuklar-calistayi_6f114c2.jpg?resize=768%2C511 768w, https:\/\/i0.wp.com\/www.tvturk.com\/wp-content\/uploads\/2019\/02\/muden-gocmen-cocuklar-calistayi_6f114c2.jpg?resize=170%2C113 170w, https:\/\/i0.wp.com\/www.tvturk.com\/wp-content\/uploads\/2019\/02\/muden-gocmen-cocuklar-calistayi_6f114c2.jpg?resize=120%2C80 120w\" width=\"156\" height=\"104\" loading=\"lazy\" data-original-width=\"156\" data-original-height=\"104\" itemprop=\"http:\/\/schema.org\/image\" title=\"M\u00dc\u2019den \u2019G\u00f6\u00e7men \u00c7ocuklar\u2019 \u00e7al\u0131\u015ftay\u0131\" alt=\"M\u00dc\u2019den \u2019G\u00f6\u00e7men \u00c7ocuklar\u2019 \u00e7al\u0131\u015ftay\u0131\" style=\"width: 156px; height: 104px;\" \/> <\/a> <\/div> <\/div> <!-- close group --> <\/div> <!-- close row --> <div class=\"gallery-row\" style=\"width: 500px; height: 168px;\" data-original-width=\"500\" data-original-height=\"168\" > <div class=\"gallery-group images-1\" style=\"width: 237px; height: 168px;\" data-original-width=\"237\" data-original-height=\"168\" > <div class=\"tiled-gallery-item tiled-gallery-item-small\" itemprop=\"associatedMedia\" itemscope itemtype=\"http:\/\/schema.org\/ImageObject\"> <a href=\"http:\/\/www.tvturk.com\/index.php\/muden-gocmen-cocuklar-calistayi\/muden-gocmen-cocuklar-calistayi-6\/\" border=\"0\" itemprop=\"url\"> <meta itemprop=\"width\" content=\"233\"> <meta itemprop=\"height\" content=\"164\"> <img decoding=\"async\" class=\"\" data-attachment-id=\"26112\" data-orig-file=\"http:\/\/www.tvturk.com\/wp-content\/uploads\/2019\/02\/muden-gocmen-cocuklar-calistayi_2b1c7b2.jpg\" data-orig-size=\"1000,704\" data-comments-opened=\"\" data-image-meta=\"{&quot;aperture&quot;:&quot;0&quot;,&quot;credit&quot;:&quot;IHA&quot;,&quot;camera&quot;:&quot;&quot;,&quot;caption&quot;:&quot;G\\u00d6\\u00c7MEN \\u00c7OCUKLAR \\u00c7ALI\\u015eTAYI \\u00dcN\\u0130VERS\\u0130TEDE BA\\u015eLADI (MUSTAFA ALTAR ZEYHAN\\\/MU\\u011eLA-\\u0130HA)&quot;,&quot;created_timestamp&quot;:&quot;0&quot;,&quot;copyright&quot;:&quot;\\u0130HLAS HABER AJANSI, www.iha.com.tr&quot;,&quot;focal_length&quot;:&quot;0&quot;,&quot;iso&quot;:&quot;0&quot;,&quot;shutter_speed&quot;:&quot;0&quot;,&quot;title&quot;:&quot;M\\u00dc\\u0027DEN \\u0027G\\u00d6\\u00c7MEN \\u00c7OCUKLAR\\u0027 \\u00c7ALI\\u015eTAYI&quot;,&quot;orientation&quot;:&quot;0&quot;}\" data-image-title=\"M\u00dc\u2019den \u2019G\u00f6\u00e7men \u00c7ocuklar\u2019 \u00e7al\u0131\u015ftay\u0131\" data-image-description=\"&lt;p&gt;M\u00dc\u2019den \u2019G\u00f6\u00e7men \u00c7ocuklar\u2019 \u00e7al\u0131\u015ftay\u0131&lt;\/p&gt; \" data-medium-file=\"https:\/\/i0.wp.com\/www.tvturk.com\/wp-content\/uploads\/2019\/02\/muden-gocmen-cocuklar-calistayi_2b1c7b2.jpg?fit=300%2C211\" data-large-file=\"https:\/\/i0.wp.com\/www.tvturk.com\/wp-content\/uploads\/2019\/02\/muden-gocmen-cocuklar-calistayi_2b1c7b2.jpg?fit=1000%2C704\" src=\"https:\/\/i0.wp.com\/www.tvturk.com\/wp-content\/uploads\/2019\/02\/muden-gocmen-cocuklar-calistayi_2b1c7b2.jpg?w=233&#038;h=164\" srcset=\"https:\/\/i0.wp.com\/www.tvturk.com\/wp-content\/uploads\/2019\/02\/muden-gocmen-cocuklar-calistayi_2b1c7b2.jpg?w=1000 1000w, https:\/\/i0.wp.com\/www.tvturk.com\/wp-content\/uploads\/2019\/02\/muden-gocmen-cocuklar-calistayi_2b1c7b2.jpg?resize=150%2C106 150w, https:\/\/i0.wp.com\/www.tvturk.com\/wp-content\/uploads\/2019\/02\/muden-gocmen-cocuklar-calistayi_2b1c7b2.jpg?resize=300%2C211 300w, https:\/\/i0.wp.com\/www.tvturk.com\/wp-content\/uploads\/2019\/02\/muden-gocmen-cocuklar-calistayi_2b1c7b2.jpg?resize=768%2C541 768w, https:\/\/i0.wp.com\/www.tvturk.com\/wp-content\/uploads\/2019\/02\/muden-gocmen-cocuklar-calistayi_2b1c7b2.jpg?resize=80%2C55 80w\" width=\"233\" height=\"164\" loading=\"lazy\" data-original-width=\"233\" data-original-height=\"164\" itemprop=\"http:\/\/schema.org\/image\" title=\"M\u00dc\u2019den \u2019G\u00f6\u00e7men \u00c7ocuklar\u2019 \u00e7al\u0131\u015ftay\u0131\" alt=\"M\u00dc\u2019den \u2019G\u00f6\u00e7men \u00c7ocuklar\u2019 \u00e7al\u0131\u015ftay\u0131\" style=\"width: 233px; height: 164px;\" \/> <\/a> <\/div> <\/div> <!-- close group --> <div class=\"gallery-group images-1\" style=\"width: 263px; height: 168px;\" data-original-width=\"263\" data-original-height=\"168\" > <div class=\"tiled-gallery-item tiled-gallery-item-large\" itemprop=\"associatedMedia\" itemscope itemtype=\"http:\/\/schema.org\/ImageObject\"> <a href=\"http:\/\/www.tvturk.com\/index.php\/muden-gocmen-cocuklar-calistayi\/muden-gocmen-cocuklar-calistayi-7\/\" border=\"0\" itemprop=\"url\"> <meta itemprop=\"width\" content=\"259\"> <meta itemprop=\"height\" content=\"164\"> <img decoding=\"async\" class=\"\" data-attachment-id=\"26113\" data-orig-file=\"http:\/\/www.tvturk.com\/wp-content\/uploads\/2019\/02\/muden-gocmen-cocuklar-calistayi_5179677.jpg\" data-orig-size=\"1000,631\" data-comments-opened=\"\" data-image-meta=\"{&quot;aperture&quot;:&quot;0&quot;,&quot;credit&quot;:&quot;IHA&quot;,&quot;camera&quot;:&quot;&quot;,&quot;caption&quot;:&quot;G\\u00d6\\u00c7MEN \\u00c7OCUKLAR \\u00c7ALI\\u015eTAYI \\u00dcN\\u0130VERS\\u0130TEDE BA\\u015eLADI (MUSTAFA ALTAR ZEYHAN\\\/MU\\u011eLA-\\u0130HA)&quot;,&quot;created_timestamp&quot;:&quot;0&quot;,&quot;copyright&quot;:&quot;\\u0130HLAS HABER AJANSI, www.iha.com.tr&quot;,&quot;focal_length&quot;:&quot;0&quot;,&quot;iso&quot;:&quot;0&quot;,&quot;shutter_speed&quot;:&quot;0&quot;,&quot;title&quot;:&quot;M\\u00dc\\u0027DEN \\u0027G\\u00d6\\u00c7MEN \\u00c7OCUKLAR\\u0027 \\u00c7ALI\\u015eTAYI&quot;,&quot;orientation&quot;:&quot;0&quot;}\" data-image-title=\"M\u00dc\u2019den \u2019G\u00f6\u00e7men \u00c7ocuklar\u2019 \u00e7al\u0131\u015ftay\u0131\" data-image-description=\"&lt;p&gt;M\u00dc\u2019den \u2019G\u00f6\u00e7men \u00c7ocuklar\u2019 \u00e7al\u0131\u015ftay\u0131&lt;\/p&gt; \" data-medium-file=\"https:\/\/i0.wp.com\/www.tvturk.com\/wp-content\/uploads\/2019\/02\/muden-gocmen-cocuklar-calistayi_5179677.jpg?fit=300%2C189\" data-large-file=\"https:\/\/i0.wp.com\/www.tvturk.com\/wp-content\/uploads\/2019\/02\/muden-gocmen-cocuklar-calistayi_5179677.jpg?fit=1000%2C631\" src=\"https:\/\/i0.wp.com\/www.tvturk.com\/wp-content\/uploads\/2019\/02\/muden-gocmen-cocuklar-calistayi_5179677.jpg?w=259&#038;h=164\" srcset=\"https:\/\/i0.wp.com\/www.tvturk.com\/wp-content\/uploads\/2019\/02\/muden-gocmen-cocuklar-calistayi_5179677.jpg?w=1000 1000w, https:\/\/i0.wp.com\/www.tvturk.com\/wp-content\/uploads\/2019\/02\/muden-gocmen-cocuklar-calistayi_5179677.jpg?resize=150%2C95 150w, https:\/\/i0.wp.com\/www.tvturk.com\/wp-content\/uploads\/2019\/02\/muden-gocmen-cocuklar-calistayi_5179677.jpg?resize=300%2C189 300w, https:\/\/i0.wp.com\/www.tvturk.com\/wp-content\/uploads\/2019\/02\/muden-gocmen-cocuklar-calistayi_5179677.jpg?resize=768%2C485 768w, https:\/\/i0.wp.com\/www.tvturk.com\/wp-content\/uploads\/2019\/02\/muden-gocmen-cocuklar-calistayi_5179677.jpg?resize=460%2C290 460w\" width=\"259\" height=\"164\" loading=\"lazy\" data-original-width=\"259\" data-original-height=\"164\" itemprop=\"http:\/\/schema.org\/image\" title=\"M\u00dc\u2019den \u2019G\u00f6\u00e7men \u00c7ocuklar\u2019 \u00e7al\u0131\u015ftay\u0131\" alt=\"M\u00dc\u2019den \u2019G\u00f6\u00e7men \u00c7ocuklar\u2019 \u00e7al\u0131\u015ftay\u0131\" style=\"width: 259px; height: 164px;\" \/> <\/a> <\/div> <\/div> <!-- close group --> <\/div> <!-- close row --> <\/div><\/p>\n","protected":false},"excerpt":{"rendered":"<p>G\u00d6\u00c7MEN \u00c7OCUKLAR \u00c7ALI\u015eTAYI \u00dcN\u0130VERS\u0130TEDE BA\u015eLADI<\/p>\n","protected":false},"author":1,"featured_media":26108,"comment_status":"closed","ping_status":"open","sticky":false,"template":"","format":"standard","meta":{"jetpack_post_was_ever_published":false,"_jetpack_newsletter_access":"","_jetpack_dont_email_post_to_subs":false,"_jetpack_newsletter_tier_id":0,"_jetpack_memberships_contains_paywalled_content":false,"_jetpack_memberships_contains_paid_content":false,"footnotes":"","jetpack_publicize_message":"","jetpack_publicize_feature_enabled":true,"jetpack_social_post_already_shared":false,"jetpack_social_options":{"image_generator_settings":{"template":"highway","default_image_id":0,"font":"","enabled":false},"version":2}},"categories":[655],"tags":[304,252,1009,10799],"class_list":["post-26107","post","type-post","status-publish","format-standard","has-post-thumbnail","hentry","category-son-dakika","tag-calistayi","tag-cocuklar","tag-gocmen","tag-muden"],"jetpack_publicize_connections":[],"jetpack_featured_media_url":"https:\/\/i0.wp.com\/www.tvturk.com\/wp-content\/uploads\/2019\/02\/muden-gocmen-cocuklar-calistayi_d924899.jpg?fit=1000%2C638","jetpack_sharing_enabled":true,"jetpack_shortlink":"https:\/\/wp.me\/paKIfm-6N5","_links":{"self":[{"href":"http:\/\/www.tvturk.com\/index.php\/wp-json\/wp\/v2\/posts\/26107","targetHints":{"allow":["GET"]}}],"collection":[{"href":"http:\/\/www.tvturk.com\/index.php\/wp-json\/wp\/v2\/posts"}],"about":[{"href":"http:\/\/www.tvturk.com\/index.php\/wp-json\/wp\/v2\/types\/post"}],"author":[{"embeddable":true,"href":"http:\/\/www.tvturk.com\/index.php\/wp-json\/wp\/v2\/users\/1"}],"replies":[{"embeddable":true,"href":"http:\/\/www.tvturk.com\/index.php\/wp-json\/wp\/v2\/comments?post=26107"}],"version-history":[{"count":1,"href":"http:\/\/www.tvturk.com\/index.php\/wp-json\/wp\/v2\/posts\/26107\/revisions"}],"predecessor-version":[{"id":26114,"href":"http:\/\/www.tvturk.com\/index.php\/wp-json\/wp\/v2\/posts\/26107\/revisions\/26114"}],"wp:featuredmedia":[{"embeddable":true,"href":"http:\/\/www.tvturk.com\/index.php\/wp-json\/wp\/v2\/media\/26108"}],"wp:attachment":[{"href":"http:\/\/www.tvturk.com\/index.php\/wp-json\/wp\/v2\/media?parent=26107"}],"wp:term":[{"taxonomy":"category","embeddable":true,"href":"http:\/\/www.tvturk.com\/index.php\/wp-json\/wp\/v2\/categories?post=26107"},{"taxonomy":"post_tag","embeddable":true,"href":"http:\/\/www.tvturk.com\/index.php\/wp-json\/wp\/v2\/tags?post=26107"}],"curies":[{"name":"wp","href":"https:\/\/api.w.org\/{rel}","templated":true}]}}