{"id":26126,"date":"2019-02-12T16:21:11","date_gmt":"2019-02-12T13:21:11","guid":{"rendered":"http:\/\/www.tvturk.com\/index.php\/mustafa-cengiz-trabzonspor-macinda-hakem-konusulmasi-bizi-uzdu\/"},"modified":"2019-02-12T16:21:11","modified_gmt":"2019-02-12T13:21:11","slug":"mustafa-cengiz-trabzonspor-macinda-hakem-konusulmasi-bizi-uzdu","status":"publish","type":"post","link":"http:\/\/www.tvturk.com\/index.php\/mustafa-cengiz-trabzonspor-macinda-hakem-konusulmasi-bizi-uzdu\/","title":{"rendered":"Mustafa Cengiz: \u201cTrabzonspor ma\u00e7\u0131nda hakem konu\u015fulmas\u0131 bizi \u00fczd\u00fc\u201d"},"content":{"rendered":"<p>Galatasaray\u2019\u0131n yeni transferleri i\u00e7in d\u00fczenlenen t\u00f6renin ard\u0131ndan Ba\u015fkan Mustafa Cengiz g\u00fcndeme ili\u015fkin sorular\u0131 yan\u0131tlad\u0131. Trabzonspor ma\u00e7\u0131nda \u00e7ok iyi oynad\u0131klar\u0131n\u0131 s\u00f6yleyen Cengiz, bu ma\u00e7ta hakem konu\u015fulmas\u0131n\u0131n kendilerini \u00fczd\u00fc\u011f\u00fcn\u00fc belirtirken, Kul\u00fcpler Birli\u011fi bildirisi hakk\u0131nda da konu\u015ftu.<\/p>\n<p>Galatasaray, devre aras\u0131nda kadrosuna katt\u0131\u011f\u0131 Mbaye Diagne, Kostas Mitroglou, Marcao, Luyindama, Semih Kaya ve Emre Ta\u015fdemir i\u00e7in bas\u0131n toplant\u0131s\u0131 d\u00fczenledi. T\u00f6rende Ba\u015fkan Mustafa Cengiz, \u0130kinci Ba\u015fkan Abdurrahim Albayrak ve Ba\u015fkan Yard\u0131mc\u0131s\u0131 Yusuf G\u00fcnay da yer ald\u0131. T\u00f6renin ard\u0131ndan futbolcular, objektiflere poz vererek toplant\u0131dan ayr\u0131l\u0131rken, Ba\u015fkan Mustafa Cengiz, bas\u0131n mensuplar\u0131n\u0131n sorular\u0131n\u0131 yan\u0131tlad\u0131. Transfer konusunda te\u015fekk\u00fcr ederek s\u00f6zlerine ba\u015flayan Cengiz, \u201cTe\u015fekk\u00fcr edece\u011fimiz insan say\u0131s\u0131 \u00e7ok fazla. Abdurrahim karde\u015fim insan\u00fcst\u00fc bir gayret g\u00f6sterdi. \u015eu anda bile s\u0131rf benim ricam \u00fczerine Yusuf G\u00fcnay bile hastaneden buraya geldi. Y\u00f6netim kurulundaki b\u00fct\u00fcn arkada\u015flar\u0131m\u0131z tek tek m\u00fccadele etti transfer i\u00e7in. Teknik kadromuz m\u00fcthi\u015f \u00e7al\u0131\u015ft\u0131. Sabahlara kadar s\u00fcren toplant\u0131lar yapt\u0131k, Allah da utand\u0131rmad\u0131. \u0130n\u015fallah devam\u0131 da gelir. Do\u011fruluk ve d\u00fcr\u00fcstl\u00fck i\u00e7inde bu yar\u0131\u015f\u0131 hak ederek zirvede bitiririz diye d\u00fc\u015f\u00fcn\u00fcyorum. Sevgili U\u011fur ve \u015e\u00fckr\u00fc\u2019ye de \u00e7ok te\u015fekk\u00fcr ediyorum\u201d dedi.<\/p>\n<p>\u201cTaraftarlar, raflara h\u00fccum etsin\u201d<\/p>\n<p>Finansal Fair-Play anla\u015fmas\u0131n\u0131n ba\u015flamas\u0131n\u0131n ard\u0131ndan ilk kez kar elde ettiklerini s\u00f6yleyen Mustafa Cengiz, \u201cEn yak\u0131n rakiplerimizle aram\u0131zda da ciddi bir fark elde ettik. \u0130n\u015fallah T\u00fcrk futbolundaki b\u00fct\u00fcn tak\u0131mlar da art\u0131ya ge\u00e7er. La Liga tak\u0131mlar\u0131 gibi Premier Lig tak\u0131mlar\u0131 gibi b\u00fct\u00fcn tak\u0131mlar\u0131m\u0131z d\u00fcnyan\u0131n tepesinde olsun isterim. Kara ge\u00e7mesi \u00f6v\u00fcnme anlam\u0131nda s\u00f6ylemiyoruz, bu bir yar\u0131\u015f ve her tak\u0131m\u0131m\u0131z bir noktaya gelecek. Devletimiz de elinden geleni yap\u0131yor. \u0130stenilen noktaya do\u011fru gidiyoruz ve daha da iyi olaca\u011f\u0131n\u0131 d\u00fc\u015f\u00fcn\u00fcyoruz. Galatasaray, taraftar\u0131yla birlikte var. Sosyal camiay\u0131 birle\u015ftiren de\u011ferler vard\u0131r; aidiyet, sahiplenme, vefa, te\u015fekk\u00fcr&#8230; Taraftarlar\u0131m\u0131z 14 \u015eubat\u2019\u0131 hedef ald\u0131. Storelarda ne varsa als\u0131nlar, raflara h\u00fccum etsinler. Kendilerine uymayan bedenleri de ba\u015fka bir taraftara arma\u011fan etsinler. 14 \u015eubat\u2019ta Benfica\u2019y\u0131 a\u011f\u0131rlayaca\u011f\u0131z ve Storalara h\u00fccum etmelerini bekliyoruz. Biz y\u00f6netim olarak g\u00f6revimizi yerine getirdik. Taraftar\u0131n da maddi ve manevi olarak desteklemesini bekliyoruz. 197 locadan 43\u2019\u00fc \u015fu anda bo\u015f. Bunlar\u0131n bir an \u00f6nce sat\u0131lmas\u0131n\u0131 ve di\u011fer localar\u0131n da yenilenmesini istiyoruz. Galatasaray, Trabzonspor ma\u00e7\u0131nda m\u00fcthi\u015f oynad\u0131. Bu tak\u0131m\u0131 izlemeyi hak ediyorsunuz. Bu nedenle taraftarlara sesleniyorum. Kombinelerde 34 bine geldik. 2800 civar\u0131 kombinemiz var. Bunlar\u0131 da ma\u00e7 g\u00fcnlerinde ma\u00e7 ma\u00e7 satmay\u0131 planl\u0131yoruz. M\u00fcmk\u00fcnse elimizi deste\u011fimizi esirgemeyelim. D\u00fcnya giderek dijital ortama gidiyor. \u00d6zellikle youtube kanal\u0131m\u0131za abone olunmas\u0131n\u0131 istiyoruz. Buradaki destek bize gelir getirecek. \u0130nsan her zaman TV ba\u015f\u0131nda olamayabilir. Galatasaray\u2019\u0131n youtube\u2019da da d\u00fcnya birincili\u011fine ta\u015f\u0131y\u0131n. Bizim hedefimiz, kurucumuz Ali Sami Yen\u2019in dedi\u011fi gibi evrenseldir. \u00d6zellikle taraftar\u0131m\u0131z\u0131n katk\u0131da bulunaca\u011f\u0131 projelerimiz var. Riva, Galatasaray\u2019\u0131n \u00f6nemli de\u011ferlerinden birisidir. Buraya ilgi g\u00f6sterin. Buradaki her sat\u0131\u015f, Galatasaray\u2019a d\u00f6necektir\u201d diye konu\u015ftu.<\/p>\n<p>\u201cTrabzonspor y\u00f6neticilerine hak veriyorum\u201d<\/p>\n<p>Ligde oynanan Trabzonspor kar\u015f\u0131la\u015fmas\u0131nda \u00e7ok iyi oynad\u0131klar\u0131n\u0131 ve bu nedenle de hakem konu\u015fulmas\u0131n\u0131n kendilerini \u00fczd\u00fc\u011f\u00fcn\u00fc ifade eden Galatasaray Ba\u015fkan\u0131 Mustafa Cengiz, \u201cGalip gelmenin rahatl\u0131\u011f\u0131yla s\u00f6ylemiyoruz bunu. Galatasaray son y\u0131llar\u0131n en muhte\u015fem futbolunu oynad\u0131. Ayn\u0131 \u015fekilde Trabzonspor da diren\u00e7le cevap verdi. Asla ezilmedi ve gen\u00e7 \u00e7ocuklar diren\u00e7 g\u00f6sterdi. Ma\u00e7\u0131n i\u00e7inde kas\u0131tl\u0131 tek faul olmad\u0131, darp olmad\u0131. Ma\u00e7 bittikten sonra her iki tak\u0131m oyuncular\u0131 birbirlerine sar\u0131ld\u0131lar. Bizim Avrupa\u2019da g\u00f6rd\u00fc\u011f\u00fcm\u00fcz sahneler oldu ve maalesef biz bunu atlad\u0131k. Bizim \u00fclkemizin bar\u0131\u015fa, huzura ve karde\u015fli\u011fe ihtiyac\u0131 var. Biz y\u00f6neticiler, s\u00f6ylediklerimize dikkat etmeliyiz. Bu ba\u011flamda Trabzonspor y\u00f6neticilerinin yapt\u0131\u011f\u0131 tepkilere hak veriyorum. \u0130nsan\u0131n can\u0131 yan\u0131nca ba\u011f\u0131r\u0131r, gayet do\u011fal. Ama bunun abart\u0131lmas\u0131n\u0131 istemiyoruz. Ayn\u0131 tepkileri bizler de verdik ve ben 150 g\u00fcn ceza ald\u0131m. Uluslararas\u0131 ma\u00e7lar\u0131m\u0131zdan \u00f6nce verdik tepkimizi. Lokomotiv Moskova ve Schalke ma\u00e7\u0131ndan \u00f6nce tepki g\u00f6sterdik\u201d a\u00e7\u0131klamas\u0131n\u0131 yapt\u0131.<\/p>\n<p>\u201cKul\u00fcpler Birli\u011fi imza i\u00e7in neden bana gelmedi\u201d<\/p>\n<p>Hakemlerin kendi lehlerine hata yapmas\u0131n\u0131n vicdanlar\u0131n\u0131 yaralayaca\u011f\u0131n\u0131 s\u00f6zlerine ekleyen Cengiz, \u201cBu bizim vicdan\u0131m\u0131z\u0131 yaralar. Buna rakiplerimiz de inans\u0131n. Rakiplerimize sayg\u0131 duyuyoruz ve iyi niyetle davrand\u0131klar\u0131n\u0131 d\u00fc\u015f\u00fcn\u00fcyoruz. Bizim tepkimiz, ma\u00e7 \u00f6ncesi yap\u0131lan a\u00e7\u0131klamalard\u0131. Fenerbah\u00e7e ile oynanan ma\u00e7ta Serdar\u2019a yap\u0131lan harekette VAR\u2019a gidilmedi, bize g\u00f6re penalt\u0131yd\u0131. Konyaspor ma\u00e7\u0131nda yine Serdar karde\u015fimizin yapt\u0131\u011f\u0131 bir hareket vard\u0131. K\u0131rm\u0131z\u0131 kart verildi ve VAR\u2019a gidilmedi. Biz bu konu\u015fmalar\u0131n yay\u0131nlanmas\u0131n\u0131 istedik. Siz ne konu\u015ftunuz da VAR\u2019a gitmediniz, bunu istedik. Federasyondan resmi olarak kay\u0131tlar\u0131 istedik, federasyon bize d\u00f6nmedi bile. UEFA ile temas kurduk, uluslararas\u0131 boarda gittik. O d\u00f6nemde noel tatiline girdikleri i\u00e7in cevap veremediler ve ge\u00e7en hafta cevap verdiler, \u2019\u0130nceliyoruz, size cevap verece\u011fiz\u2019 dediler. Hollanda\u2019da bu yap\u0131ld\u0131, \u0130spanya\u2019da bu yap\u0131ld\u0131. Trabzonspor ma\u00e7\u0131ndakini yay\u0131nlay\u0131n. E\u011fer bizim aleyhimize bir durum olursa, biz bundan rahats\u0131zl\u0131k duymay\u0131z. Trabzon, \u015fehir olarak T\u00fcrk futbolunda \u00e7ok \u00f6nemli bir markad\u0131r. Ama m\u00fcthi\u015f bir oyun oynand\u0131 sahada. Ben de kendi a\u00e7\u0131mdan ma\u00e7\u0131 izlerken, bana haks\u0131zl\u0131k yap\u0131ld\u0131\u011f\u0131n\u0131 d\u00fc\u015f\u00fcn\u00fcyorum. Kul\u00fcpler Birli\u011fi\u2019nde Y\u00f6netim Kurulu \u00fcyesiyim ve bir anda bildiri yay\u0131nland\u0131, ayr\u0131cal\u0131k istemiyoruz diye. Sizin orta\u011f\u0131n\u0131z sizden habersiz bir eylem yaparsa, bunun ad\u0131 nedir? Buradaki bir\u00e7ok madde bizim de lehimize, belki biz de onaylayaca\u011f\u0131z bunu. Bu bildiriyi 17 kul\u00fcp imzalamad\u0131, sadece 8 kul\u00fcp imzalad\u0131. Benim g\u00f6r\u00fc\u015ft\u00fcklerimin i\u00e7inde, onaylamad\u0131klar\u0131n\u0131 ve aceleyle imzalad\u0131klar\u0131n\u0131 s\u00f6yleyenler var. T\u00fcrkiye\u2019nin y\u00fczde 40\u2019\u0131n\u0131 biz temsil ediyoruz. \u0130mzalamayan kul\u00fcplerle birlikte y\u00fczde 70\u2019ine denk geliyor. Burada bana neden imzaya gelmedi. Apartman y\u00f6neticisi olsan\u0131z, bir defteriniz olur, Kul\u00fcpler Birli\u011fi\u2019nin defteri yok mu? Herkesin karakteri kendine. Biz kendimize bir ayr\u0131cal\u0131k istemedik. Bunu haz\u0131rlad\u0131\u011f\u0131n\u0131 iddia eden isimlerden birisiyle g\u00f6r\u00fc\u015ft\u00fck, \u2019Ali D\u00fcr\u00fcst\u2019\u00fcn federasyona d\u00f6nmesiyle sanki yeni bir anla\u015fma yap\u0131ld\u0131\u011f\u0131n\u0131 d\u00fc\u015f\u00fcnd\u00fck\u2019 dedi. Ben ne Ali D\u00fcr\u00fcst\u2019\u00fcn istifa edece\u011fini ne de geri d\u00f6nece\u011fini biliyordum. Ali D\u00fcr\u00fcst, Galatasaray\u2019a \u00f6zel olarak hizmet ederse, biz bundan rahats\u0131zl\u0131k duyar\u0131z. Objektif olmas\u0131n\u0131 istiyoruz. Bizim Trabzonspor ma\u00e7\u0131m\u0131z\u0131 isterse Ahmet A\u011fao\u011flu y\u00f6netsin\u201d ifadelerini kulland\u0131.<\/p>\n<p>\u201cSenfoni orkestras\u0131na eleman m\u0131 al\u0131yoruz?\u201d<\/p>\n<p>Tak\u0131mdan ayr\u0131lan Maicon\u2019la ilgili konu\u015fan Cengiz, \u201cAllah Maicon\u2019un yolunu a\u00e7\u0131k etsin. G\u00f6ztepe ma\u00e7\u0131nda Maicon\u2019a yap\u0131lan\u0131 g\u00f6rd\u00fck. Di\u011fer bir oyuncuya k\u0131rm\u0131z\u0131 kart verilmedi. Ben pozisyonlara girmek istemiyorum, bunun yorumlar\u0131n\u0131 yapanlar var. Ama l\u00fctfen alemi aptal zannetmeyelim. Trabzon camias\u0131na te\u015fekk\u00fcr ediyorum. Ma\u00e7 sonundaki o g\u00fczel g\u00f6r\u00fcnt\u00fcler i\u00e7in tebrik ediyorum\u201d dedi.<\/p>\n<p>Galatasaray\u2019\u0131n sahaya 11 yabanc\u0131 oyuncuyla \u00e7\u0131kmas\u0131yla ilgili yap\u0131lan ele\u015ftirileri yan\u0131tlayan Cengiz, \u201c\u00d6nce devlet sonra millet diyoruz. Senfoni orkestras\u0131na \u015fark\u0131 s\u00f6yleyecek eleman m\u0131 al\u0131yoruz, futbolcu mu al\u0131yoruz? Galatasaray, bug\u00fcn T\u00fcrkiye\u2019nin ad\u0131n\u0131 b\u00fct\u00fcn d\u00fcnyaya duyuruyor. Bug\u00fcn de Fenerbah\u00e7e duyuracak. Milli Mar\u015f s\u00f6yleyecek koro mu kuruyoruz? Yabanc\u0131 konusunda, yabanc\u0131 oyuncu 14 yabanc\u0131yla s\u0131n\u0131rlan\u0131yor. T\u00fcrkiye Kupas\u0131\u2019nda 11 yerliyle oynad\u0131\u011f\u0131m\u0131zda 1 ki\u015fi yazd\u0131 m\u0131? Ama 11 yabanc\u0131 olunca yaz\u0131l\u0131yor. Rekabetten korkmamak gerekir ve \u00e7\u0131tay\u0131 her zaman y\u00fckseltmek gerekir. Federasyon, daha kaliteli yabanc\u0131 konusunda \u00f6nlemler alabilir. Bug\u00fcn Anadolu tak\u0131mlar\u0131 m\u00fcthi\u015f futbol oynuyorlar ve b\u00fcy\u00fckleri rahatl\u0131kla yeniyor. Son s\u0131radaki Akhisar bize 3 gol atmad\u0131 m\u0131? 11 yerliyle \u00e7\u0131kmam\u0131za engel bir durum var m\u0131? Biz kupa ma\u00e7\u0131nda \u00e7\u0131kt\u0131k. Kupay\u0131 k\u00fc\u00e7\u00fck g\u00f6rmeyin. T\u00fcrkiye\u2019nin en de\u011ferli ikinci kupas\u0131. Siz s\u00f6zle\u015fmeleri 3-4 y\u0131ll\u0131k yapars\u0131n\u0131z ve oyun oynan\u0131rken kural de\u011fi\u015ftiremezsiniz. En \u00f6nemli konu altyap\u0131. Her tak\u0131m, TFF\u2019ye 28 oyuncu bildirir. Bunlar\u0131n i\u00e7inde Trabzonspor ve Galatasaray, en fazla gen\u00e7 oyuncu bildiren tak\u0131mlard\u0131r. Altyap\u0131da devrim yap\u0131yoruz. Ozan\u2019\u0131 kim yeti\u015ftirdi? \u015eimdi geriden gelen oyuncular da var. \u0130statistikler de var. Galatasaray kazan\u0131nca g\u00fcndeme gelen \u0130stiklal Mar\u015f\u0131 konusu var. En \u00e7ok yerliyi Galatasaray oynatt\u0131. Bu baz\u0131 arg\u00fcmanlar\u0131 \u00e7\u00fcr\u00fctmek ad\u0131na s\u00f6yledi\u011fimiz bir \u015fey\u201d diyerek s\u00f6zlerine devam etti.<\/p>\n<p>\u201cBildiride bizim de kat\u0131laca\u011f\u0131m\u0131z noktalar vard\u0131\u201d<\/p>\n<p>Kul\u00fcpler Birli\u011fi bildirisiyle ilgili a\u00e7\u0131klamalar\u0131n\u0131 s\u00fcrd\u00fcren Mustafa Cengiz, \u201cKul\u00fcpler Birli\u011fi\u2019ndeki herkes \u00e7ok de\u011ferli, camialar\u0131 da \u00e7ok de\u011ferli. Tek tek konu\u015fmalar\u0131 s\u00f6ylemeyeyim ama o bildiriye kimse sahip \u00e7\u0131kmad\u0131. 12 kul\u00fcple g\u00f6r\u00fc\u015ft\u00fcm, bu bildiriye kar\u015f\u0131lar. Bu bildiride bir yanl\u0131\u015f yap\u0131ld\u0131. 2 bacakl\u0131 masa olmaz. Kul\u00fcpler Birli\u011fi diyoruz. Ad\u0131 \u00fcst\u00fcnde birlik. O zaman siz dernek oldunuz. O zaman biz de kendilerine yaz\u0131 yazd\u0131k, \u2019Ya bu bildiriyi kald\u0131r\u0131n, ya da bizim de payla\u015faca\u011f\u0131m\u0131z bir bildiri olsun. O bildiride bizim de kat\u0131laca\u011f\u0131m\u0131z noktalar var. Beraber payla\u015faca\u011f\u0131m\u0131z bir metin olsun\u2019 dedik, cevap vermediler. O zaman ama\u00e7 ba\u015fka. Sen i\u00e7inde bulundu\u011fu g\u00fcc\u00fc, bir kul\u00fcbe kar\u015f\u0131 k\u00f6t\u00fc niyetle kullan\u0131yorsun demek ki. Bildiriyi d\u00fczeltsinler, bizim de kat\u0131laca\u011f\u0131m\u0131z bir a\u00e7\u0131klamaya d\u00f6ns\u00fcnler, biz de i\u015ftirak edelim toplant\u0131lara\u201d dedi.<\/p>\n<p>Galatasaray\u2019\u0131n \u015feffaf bir kul\u00fcp oldu\u011funun alt\u0131n\u0131 \u00e7izen Mustafa Cengiz, \u201cBaz\u0131 tak\u0131mlar \u015feffaf oldu\u011funu s\u00f6yl\u00fcyor. \u015eeffafl\u0131k rakamlardan ge\u00e7er. Marcao\u2019nun transferi i\u00e7in g\u00f6r\u00fc\u015fmelere ba\u015fland\u0131\u011f\u0131n\u0131 a\u00e7\u0131klad\u0131k, herkes mesaj atmaya ba\u015flad\u0131, ka\u00e7a ald\u0131\u011f\u0131m\u0131z\u0131 sordu. Adam d\u00fcr\u00fcst adam. Pazar g\u00fcn\u00fc \u2019ben oynayaca\u011f\u0131m ve \u00f6yle gelece\u011fim\u2019 dedi. Tak\u0131m\u0131nda oynay\u0131p \u00f6yle transfer oldu. Sa\u011fl\u0131k kontrol\u00fcn\u00fcn ard\u0131ndan a\u00e7\u0131klad\u0131k tek tek ne kadar \u00f6deme yap\u0131laca\u011f\u0131n\u0131. Di\u011fer tak\u0131mlar yaln\u0131zca \u2019transfer ettik\u2019 diye a\u00e7\u0131klama yap\u0131yor. E\u011fer ki 2 tak\u0131m aras\u0131ndaki transferde, kar\u015f\u0131 tak\u0131ma zarar gelecek \u00f6zel h\u00fck\u00fcmler varsa, bunlar\u0131 a\u00e7\u0131klamay\u0131z\u201d a\u00e7\u0131klamas\u0131nda bulundu.<\/p>\n<p>\u201cBen istifaya davet ettim, Kul\u00fcpler Birli\u011fi tehdit etti\u201d<\/p>\n<p>Kul\u00fcpler Birli\u011fi bildirisi \u00f6ncesinde baz\u0131 hakemlerin \u0131srarla ayn\u0131 hatalar\u0131 yapt\u0131\u011f\u0131n\u0131 ifade ettiklerini s\u00f6yleyen Mustafa Cengiz, \u201cHakemli\u011fi b\u0131rakmalar\u0131n\u0131 istedik ve T\u00fcrkiye Futbol Federasyonu\u2019nun da b\u00fct\u00fcn kurumlar\u0131yla istifa etmeleri gerekti\u011fini s\u00f6yledik. Her a\u00e7\u0131klamam\u0131z bize yol, su ve elektrik olarak d\u00f6nd\u00fc. Taraftar bana \u2018El salla ba\u015fkan\u2019 diye ba\u011f\u0131r\u0131yor. Ben cezal\u0131y\u0131m, taraftar bilmiyor ki statta olmad\u0131\u011f\u0131m\u0131. Bizim asla ne Federasyon\u2019la, ne MHK\u2019yla ki\u015fisel hi\u00e7bir sorumuz yok. Hepsi arkada\u015f\u0131m\u0131z. Ceza s\u00fcrecinde de kimseyi aramad\u0131m. Savunmalar\u0131m da 2 sat\u0131rd\u0131r. Ben demokratik hakk\u0131m\u0131 kulland\u0131m, ele\u015ftirdim ve istifaya davet ettim. Kul\u00fcpler Birli\u011fi a\u00e7\u0131k\u00e7a tehdit etti. Biz bir \u015fey talep edince ceza yiyoruz, baz\u0131lar\u0131 a\u011f\u0131r konu\u015funca bir \u015fey olmuyor. Ben de 1481\u2019den ba\u015flar\u0131m, Moha\u00e7\u2019tan girerim, Plevne\u2019den \u00e7\u0131kar\u0131m. Ben de konu\u015furum. Galatasaray\u2019a kar\u015f\u0131 olu\u015fturulmak istenilen bir cephe g\u00f6r\u00fcyorum. Bunu yapmas\u0131nlar. Biz k\u00f6t\u00fc oynam\u0131\u015fsak, hak edilmemi\u015f bir galibiyet alm\u0131\u015fsak, zaten bu bizden uzak olsun. Ben protokole giremem, ceza nedeniyle. Ama benim seyir hakk\u0131m\u0131 elimden alamazs\u0131n\u0131z. Bu yanl\u0131\u015f bir karar\u201d ifadelerini kulland\u0131.<\/p>\n<p>\u201cEn zorland\u0131\u011f\u0131m\u0131z transfer Serdar oldu\u201d<\/p>\n<p>Divan Kurulu toplant\u0131s\u0131nda forvet transferi yapmad\u0131\u011f\u0131 i\u00e7in e\u015finin kendisiyle konu\u015fmad\u0131\u011f\u0131n\u0131 s\u00f6yleyen Mustafa Cengiz, yap\u0131lan transferlerin ard\u0131ndan, \u201cHan\u0131mla bu k\u00fcsk\u00fcnl\u00fc\u011f\u00fc resmiyete d\u00f6kmek i\u00e7in elime tarihi bir f\u0131rsat ge\u00e7mi\u015fti ama Galatasaray sevgisi a\u011f\u0131r bast\u0131\u201d diyerek espri yapt\u0131.<\/p>\n<p>En zorland\u0131klar\u0131 transferin Serdar Aziz oldu\u011funu da s\u00f6zlerine ekleyen Mustafa Cengiz, \u201cAbdurrahim Bey\u2019in Dubai \u00e7\u0131karmas\u0131ndan sonra \u00e7ok olumlu d\u00fc\u015f\u00fcncelerle gittim, maalesef bariyer s\u00f6zc\u00fc\u011f\u00fcn\u00fc kulland\u0131m. Her \u015feyde hay\u0131r vard\u0131r. Serdar konusunda Yusuf \u00e7ok yoruldu. De\u011ferli rakibimiz Serdar\u2019dan dolay\u0131 bize 5.9 milyon Euro, Tolga\u2019dan dolay\u0131 da 2.7 milyon Euro, toplamda ise 8.6 milyon Euro destek vermi\u015f oldu. Yani 50 milyon TL\u2019ye yak\u0131n bir destek sa\u011flad\u0131lar. Abdurrahim Bey\u2019le birlikte y\u00f6netim stratejimiz \u015fu; bonservisten geleni bonservise verebilirsiniz. Ama futbolcuya \u00f6dedi\u011fimiz para var. Bizim \u015fu anda 100 milyon Euro\u2019yu a\u015fk\u0131n \u00f6dememiz var. Bu y\u0131llara b\u00f6l\u00fcnm\u00fc\u015f hali tabii ki. Futbolcuyu sat\u0131nca, bu \u00f6demeler d\u00fc\u015fer. Bizim Galatasaray olarak ana stratejilerimizden birisi, y\u0131ll\u0131k harcamay\u0131 d\u00fc\u015f\u00fcrmek. Hedefimiz 55 milyon Euro\u2019ya \u00e7ekmek. \u0130nsan Trabzonspor ma\u00e7\u0131ndaki oyunu g\u00f6r\u00fcnce, \u015fu kadroyla \u015eampiyonlar Ligi\u2019nde olmak istiyor. Forvet alsayd\u0131n\u0131z, \u015eampiyonlar Ligi\u2019nde kalsayd\u0131k diyorlar. Day\u0131-hala durumu var. UEFA\u2019ya nas\u0131l kald\u0131k, hakk\u0131m\u0131z m\u0131yd\u0131? UEFA bize b\u00fcy\u00fck tolerans g\u00f6sterdi. Biz de bunu rakamlarla kan\u0131tlad\u0131k. Bizimle u\u011fra\u015fanlar \u00e7ok. Bu kadar futbolcu transfer etti gibi laflar var. Bunu yapmas\u0131nlar. Rakiplerimizin ve T\u00fcrk futbolunun kalk\u0131nmas\u0131 i\u00e7in konu\u015fuyoruz. Birisine zarar verirseniz, kendinize zarar verirsiniz. Bug\u00fcn T\u00fcrkiye\u2019de rakiplerimize yap\u0131lacak olan haks\u0131zl\u0131klardan, Galatasaray da mutlaka pay\u0131n\u0131 al\u0131r\u201d diye konu\u015ftu.<\/p>\n<p>\u201cSemih \u00d6zsoy\u2019a cevap vermek istemiyorum\u201d<\/p>\n<p>Diagne transferi konusunda Kas\u0131mpa\u015fa ile yap\u0131lan anla\u015fman\u0131n sorulmas\u0131 \u00fczerine konu\u015fan Mustafa Cengiz, \u201cBiz Kas\u0131mpa\u015fa\u2019yla uzun vadeli anla\u015fma yapt\u0131k. \u0130\u00e7inde \u00f6zel h\u00fck\u00fcmler var. Tek tarafl\u0131 olsa a\u00e7\u0131klard\u0131m ama Kas\u0131mpa\u015fa bunun i\u00e7inde oldu\u011fu i\u00e7in, benim bunlar\u0131 a\u00e7\u0131klamam do\u011fru olmaz. \u0130steyen istenilen alg\u0131y\u0131 olu\u015ftursun. Galatasaray asla rakiplerine hile yaparak bir oyun kazanman\u0131n pe\u015finde olmaz. Ki\u015fiyi nas\u0131l bilirsin, kendin gibi bilirsin. Bizim akl\u0131m\u0131za gelmeyen \u015feyler konu\u015fuluyor. Biz \u015fampiyonlu\u011fa gidecekmi\u015fiz, Kas\u0131mpa\u015fa bize yatacakm\u0131\u015f\u201d dedi.<\/p>\n<p>Merkez Hakem Kurulu\u2019nun ba\u015f\u0131na Kuddusi M\u00fcft\u00fco\u011flu\u2019nun ge\u00e7ece\u011fi iddias\u0131 \u00fczerine, \u201cMerkez Hakem Kurulu\u2019nun ba\u015f\u0131na isterse en az\u0131l\u0131 fanatik rakip tak\u0131m taraftar\u0131 ge\u00e7sin. Bundan hi\u00e7bir beis duymay\u0131z. Bizi ger\u00e7ekler ilgilendirir\u201d diyen Cengiz, son olarak Fenerbah\u00e7e Ba\u015fkan Yard\u0131mc\u0131s\u0131 Semih \u00d6zsoy\u2019un yapt\u0131\u011f\u0131 a\u00e7\u0131klamalarla ilgili konu\u015ftu. Kimseye cevap vermek istemedi\u011fini s\u00f6yleyen Cengiz, \u201cSevgili Ba\u015fkan Yard\u0131mc\u0131s\u0131 karde\u015fimize cevap vermek istemiyorum. Bakarsan\u0131z, bana g\u00f6re Diagne\u2019nin d\u00fc\u015f\u00fcr\u00fclmesi penalt\u0131. \u0130lk yar\u0131 biterken Ndiaye\u2019ye yap\u0131lan bir hareket var. Nereden bakt\u0131\u011f\u0131n\u0131za ba\u011fl\u0131. Trabzonspor\u2019a da hatalar yap\u0131lm\u0131\u015ft\u0131r, Fenerbah\u00e7e\u2019ye de, Be\u015fikta\u015f\u2019a da. Bizim tek s\u00f6yledi\u011fimiz VAR\u2019a neden gitmediniz\u201d diyerek s\u00f6zlerini tamamlad\u0131.<\/p>\n<p>Albayrak: \u201cAlan gelmek istedi\u201d<\/p>\n<p>Eren Derdiyok\u2019un durumuyla ilgili sorulan bir soruyu yan\u0131tlayan \u0130kinci Ba\u015fkan Abdurrahim Albayrak ise, \u201cEren bizim \u00e7ok de\u011ferli bir futbolcumuz. Kendisine te\u015fekk\u00fcr ediyoruz. Fatih hocan\u0131n cenazesine geldi, bizi \u00e7ok mutlu etti. Birka\u00e7 g\u00fcn i\u00e7inde bir araya gelece\u011fiz. Fatih hocam\u0131n ve Ba\u015fkan\u0131m\u0131n da belirtti\u011fi gibi Maicon\u2019un Galatasaray\u2019a kar\u015f\u0131 insanl\u0131\u011f\u0131, adaml\u0131\u011f\u0131 hepimizi duyguland\u0131rd\u0131. Bunlar\u0131 kendisine anlatt\u0131m ve in\u015fallah tatl\u0131ya ba\u011flayaca\u011f\u0131z. Affedilip affedilmemesi konusuyla ilgili bir \u015fey s\u00f6yleyemem, bu durum hocaya ba\u011fl\u0131. Alan, Galatasaray\u2019a transfer olmak istedi\u011fini bize s\u00f6yledi. Ama maalesef, kendi kul\u00fcb\u00fcyle, kendi sorunlar\u0131n\u0131 \u00e7\u00f6zemedi. \u00c7in kul\u00fcpleriyle birlikte \u00e7al\u0131\u015fman\u0131n, transfer yapman\u0131n ne kadar zor oldu\u011funu ya\u015fad\u0131m\u201d a\u00e7\u0131klamas\u0131n\u0131 yapt\u0131.<\/p>\n","protected":false},"excerpt":{"rendered":"<p>GALATASARAY\u2019IN YEN\u0130 TRANSFERLER\u0130 \u0130\u00c7\u0130N D\u00dcZENLENEN T\u00d6REN\u0130N ARDINDAN BA\u015eKAN MUSTAFA CENG\u0130Z G\u00dcNDEME \u0130L\u0130\u015eK\u0130N SORULARI YANITLADI. TRABZONSPOR MA\u00c7INDA \u00c7OK \u0130Y\u0130 OYNADIKLARINI S\u00d6YLEYEN CENG\u0130Z, BU MA\u00c7TA HAKEM KONU\u015eULMASININ KEND\u0130LER\u0130N\u0130 \u00dcZD\u00dc\u011e\u00dcN\u00dc BEL\u0130RT\u0130RKEN, KUL\u00dcPLER B\u0130RL\u0130\u011e\u0130 B\u0130LD\u0130R\u0130S\u0130 HAKKINDA DA KONU\u015eTU.<\/p>\n","protected":false},"author":1,"featured_media":26127,"comment_status":"closed","ping_status":"open","sticky":false,"template":"","format":"standard","meta":{"jetpack_post_was_ever_published":false,"_jetpack_newsletter_access":"","_jetpack_dont_email_post_to_subs":false,"_jetpack_newsletter_tier_id":0,"_jetpack_memberships_contains_paywalled_content":false,"_jetpack_memberships_contains_paid_content":false,"footnotes":"","jetpack_publicize_message":"","jetpack_publicize_feature_enabled":true,"jetpack_social_post_already_shared":false,"jetpack_social_options":{"image_generator_settings":{"template":"highway","default_image_id":0,"font":"","enabled":false},"version":2}},"categories":[657],"tags":[10804,7754,1151,10803,4450,159,916,10805],"class_list":["post-26126","post","type-post","status-publish","format-standard","has-post-thumbnail","hentry","category-spor","tag-bizi","tag-cengiz","tag-hakem","tag-konusulmasi","tag-macinda","tag-mustafa","tag-trabzonspor","tag-uzdu"],"jetpack_publicize_connections":[],"jetpack_featured_media_url":"https:\/\/i0.wp.com\/www.tvturk.com\/wp-content\/uploads\/2019\/02\/mustafa-cengiz-trabzonspor-macinda-hakem-konusulmasi-bizi-uzdu_3626b87.jpg?fit=1000%2C585","jetpack_sharing_enabled":true,"jetpack_shortlink":"https:\/\/wp.me\/paKIfm-6No","_links":{"self":[{"href":"http:\/\/www.tvturk.com\/index.php\/wp-json\/wp\/v2\/posts\/26126","targetHints":{"allow":["GET"]}}],"collection":[{"href":"http:\/\/www.tvturk.com\/index.php\/wp-json\/wp\/v2\/posts"}],"about":[{"href":"http:\/\/www.tvturk.com\/index.php\/wp-json\/wp\/v2\/types\/post"}],"author":[{"embeddable":true,"href":"http:\/\/www.tvturk.com\/index.php\/wp-json\/wp\/v2\/users\/1"}],"replies":[{"embeddable":true,"href":"http:\/\/www.tvturk.com\/index.php\/wp-json\/wp\/v2\/comments?post=26126"}],"version-history":[{"count":0,"href":"http:\/\/www.tvturk.com\/index.php\/wp-json\/wp\/v2\/posts\/26126\/revisions"}],"wp:featuredmedia":[{"embeddable":true,"href":"http:\/\/www.tvturk.com\/index.php\/wp-json\/wp\/v2\/media\/26127"}],"wp:attachment":[{"href":"http:\/\/www.tvturk.com\/index.php\/wp-json\/wp\/v2\/media?parent=26126"}],"wp:term":[{"taxonomy":"category","embeddable":true,"href":"http:\/\/www.tvturk.com\/index.php\/wp-json\/wp\/v2\/categories?post=26126"},{"taxonomy":"post_tag","embeddable":true,"href":"http:\/\/www.tvturk.com\/index.php\/wp-json\/wp\/v2\/tags?post=26126"}],"curies":[{"name":"wp","href":"https:\/\/api.w.org\/{rel}","templated":true}]}}