{"id":26148,"date":"2019-02-12T16:26:09","date_gmt":"2019-02-12T13:26:09","guid":{"rendered":"http:\/\/www.tvturk.com\/index.php\/duzceli-karatecilerimiz-kursuden-inmedi\/"},"modified":"2019-02-12T16:26:11","modified_gmt":"2019-02-12T13:26:11","slug":"duzceli-karatecilerimiz-kursuden-inmedi","status":"publish","type":"post","link":"http:\/\/www.tvturk.com\/index.php\/duzceli-karatecilerimiz-kursuden-inmedi\/","title":{"rendered":"D\u00fczceli Karatecilerimiz k\u00fcrs\u00fcden inmedi"},"content":{"rendered":"<p>D\u00fczceli Karateciler erkeklerde 1 birincilik, 2 ikincilik ve 2 \u00fc\u00e7\u00fcnc\u00fcl\u00fck elde ederken k\u0131zlarda 2 birincilik ve 1 ikincilik elde etti.<\/p>\n<p>Okul Sporlar\u0131 Gen\u00e7ler Karate grup m\u00fcsabakas\u0131 \u00c7orum Atat\u00fcrk Spor salonunda yap\u0131ld\u0131. Antren\u00f6r G\u00f6khan Bahad\u0131r \u00d6demi\u015f \u00f6nderli\u011finde kat\u0131lan D\u00fczce Karate tak\u0131m\u0131nda H\u00fcseyin Berkay \u015eahin grubunda birinci, Hakan Dinar ve Taha Mert \u015eent\u00fcrk \u0130kinci, Akif Arda \u00d6zdemir ve An\u0131l Burak \u00d6zcan \u00fc\u00e7\u00fcnc\u00fc oldu.<\/p>\n<p>K\u0131zlarda Sara Akofova ve Pembenur Ye\u015filduman birinci, Sedanur \u00c7avdorova ikincili\u011fi elde etti. D\u00fczce bu sonu\u00e7la erkeklerde 1 birincilik, 2 ikincilik ve 2 \u00fc\u00e7\u00fcnc\u00fcl\u00fck elde ederken k\u0131zlarda 2 birincilik ve 1 ikincilik elde etti.<\/p>\n<p>Bu sonu\u00e7la Karateciler 9-10 Mart\u2019ta Nev\u015fehir\u2019de d\u00fczenlenecek olan T\u00fcrkiye finallerine kat\u0131lmay\u0131 garantiledi.<div class=\"tiled-gallery type-rectangular tiled-gallery-unresized\" data-original-width=\"500\" data-carousel-extra='null' itemscope itemtype=\"http:\/\/schema.org\/ImageGallery\" > <div class=\"gallery-row\" style=\"width: 500px; height: 189px;\" data-original-width=\"500\" data-original-height=\"189\" > <div class=\"gallery-group images-1\" style=\"width: 250px; height: 189px;\" data-original-width=\"250\" data-original-height=\"189\" > <div class=\"tiled-gallery-item tiled-gallery-item-small\" itemprop=\"associatedMedia\" itemscope itemtype=\"http:\/\/schema.org\/ImageObject\"> <a href=\"http:\/\/www.tvturk.com\/index.php\/duzceli-karatecilerimiz-kursuden-inmedi\/duzceli-karatecilerimiz-kursuden-inmedi-3\/\" border=\"0\" itemprop=\"url\"> <meta itemprop=\"width\" content=\"246\"> <meta itemprop=\"height\" content=\"185\"> <img decoding=\"async\" class=\"\" data-attachment-id=\"26150\" data-orig-file=\"http:\/\/www.tvturk.com\/wp-content\/uploads\/2019\/02\/duzceli-karatecilerimiz-kursuden-inmedi_2e235ee.jpg\" data-orig-size=\"1000,750\" data-comments-opened=\"\" data-image-meta=\"{&quot;aperture&quot;:&quot;0&quot;,&quot;credit&quot;:&quot;IHA&quot;,&quot;camera&quot;:&quot;&quot;,&quot;caption&quot;:&quot;D\\u00dcZCEL\\u0130 KARATEC\\u0130LER ERKEKLERDE 1 B\\u0130R\\u0130NC\\u0130L\\u0130K, 2 \\u0130K\\u0130NC\\u0130L\\u0130K VE 2 \\u00dc\\u00c7\\u00dcNC\\u00dcL\\u00dcK ELDE EDERKEN KIZLARDA 2 B\\u0130R\\u0130NC\\u0130L\\u0130K VE 1 \\u0130K\\u0130NC\\u0130L\\u0130K ELDE ETT\\u0130. (AL\\u0130 YILDIZ\\\/D\\u00dcZCE-\\u0130HA)&quot;,&quot;created_timestamp&quot;:&quot;0&quot;,&quot;copyright&quot;:&quot;\\u0130HLAS HABER AJANSI, www.iha.com.tr&quot;,&quot;focal_length&quot;:&quot;0&quot;,&quot;iso&quot;:&quot;0&quot;,&quot;shutter_speed&quot;:&quot;0&quot;,&quot;title&quot;:&quot;D\\u00dcZCEL\\u0130 KARATEC\\u0130LER\\u0130M\\u0130Z K\\u00dcRS\\u00dcDEN \\u0130NMED\\u0130&quot;,&quot;orientation&quot;:&quot;0&quot;}\" data-image-title=\"D\u00fczceli Karatecilerimiz k\u00fcrs\u00fcden inmedi\" data-image-description=\"&lt;p&gt;D\u00fczceli Karatecilerimiz k\u00fcrs\u00fcden inmedi&lt;\/p&gt; \" data-medium-file=\"https:\/\/i0.wp.com\/www.tvturk.com\/wp-content\/uploads\/2019\/02\/duzceli-karatecilerimiz-kursuden-inmedi_2e235ee.jpg?fit=300%2C225\" data-large-file=\"https:\/\/i0.wp.com\/www.tvturk.com\/wp-content\/uploads\/2019\/02\/duzceli-karatecilerimiz-kursuden-inmedi_2e235ee.jpg?fit=1000%2C750\" src=\"https:\/\/i0.wp.com\/www.tvturk.com\/wp-content\/uploads\/2019\/02\/duzceli-karatecilerimiz-kursuden-inmedi_2e235ee.jpg?w=246&#038;h=185\" srcset=\"https:\/\/i0.wp.com\/www.tvturk.com\/wp-content\/uploads\/2019\/02\/duzceli-karatecilerimiz-kursuden-inmedi_2e235ee.jpg?w=1000 1000w, https:\/\/i0.wp.com\/www.tvturk.com\/wp-content\/uploads\/2019\/02\/duzceli-karatecilerimiz-kursuden-inmedi_2e235ee.jpg?resize=150%2C113 150w, https:\/\/i0.wp.com\/www.tvturk.com\/wp-content\/uploads\/2019\/02\/duzceli-karatecilerimiz-kursuden-inmedi_2e235ee.jpg?resize=300%2C225 300w, https:\/\/i0.wp.com\/www.tvturk.com\/wp-content\/uploads\/2019\/02\/duzceli-karatecilerimiz-kursuden-inmedi_2e235ee.jpg?resize=768%2C576 768w\" width=\"246\" height=\"185\" loading=\"lazy\" data-original-width=\"246\" data-original-height=\"185\" itemprop=\"http:\/\/schema.org\/image\" title=\"D\u00fczceli Karatecilerimiz k\u00fcrs\u00fcden inmedi\" alt=\"D\u00fczceli Karatecilerimiz k\u00fcrs\u00fcden inmedi\" style=\"width: 246px; height: 185px;\" \/> <\/a> <\/div> <\/div> <!-- close group --> <div class=\"gallery-group images-1\" style=\"width: 250px; height: 189px;\" data-original-width=\"250\" data-original-height=\"189\" > <div class=\"tiled-gallery-item tiled-gallery-item-small\" itemprop=\"associatedMedia\" itemscope itemtype=\"http:\/\/schema.org\/ImageObject\"> <a href=\"http:\/\/www.tvturk.com\/index.php\/duzceli-karatecilerimiz-kursuden-inmedi\/duzceli-karatecilerimiz-kursuden-inmedi-4\/\" border=\"0\" itemprop=\"url\"> <meta itemprop=\"width\" content=\"246\"> <meta itemprop=\"height\" content=\"185\"> <img decoding=\"async\" class=\"\" data-attachment-id=\"26151\" data-orig-file=\"http:\/\/www.tvturk.com\/wp-content\/uploads\/2019\/02\/duzceli-karatecilerimiz-kursuden-inmedi_fe81225.jpg\" data-orig-size=\"1000,750\" data-comments-opened=\"\" data-image-meta=\"{&quot;aperture&quot;:&quot;0&quot;,&quot;credit&quot;:&quot;IHA&quot;,&quot;camera&quot;:&quot;&quot;,&quot;caption&quot;:&quot;D\\u00dcZCEL\\u0130 KARATEC\\u0130LER ERKEKLERDE 1 B\\u0130R\\u0130NC\\u0130L\\u0130K, 2 \\u0130K\\u0130NC\\u0130L\\u0130K VE 2 \\u00dc\\u00c7\\u00dcNC\\u00dcL\\u00dcK ELDE EDERKEN KIZLARDA 2 B\\u0130R\\u0130NC\\u0130L\\u0130K VE 1 \\u0130K\\u0130NC\\u0130L\\u0130K ELDE ETT\\u0130. (AL\\u0130 YILDIZ\\\/D\\u00dcZCE-\\u0130HA)&quot;,&quot;created_timestamp&quot;:&quot;0&quot;,&quot;copyright&quot;:&quot;\\u0130HLAS HABER AJANSI, www.iha.com.tr&quot;,&quot;focal_length&quot;:&quot;0&quot;,&quot;iso&quot;:&quot;0&quot;,&quot;shutter_speed&quot;:&quot;0&quot;,&quot;title&quot;:&quot;D\\u00dcZCEL\\u0130 KARATEC\\u0130LER\\u0130M\\u0130Z K\\u00dcRS\\u00dcDEN \\u0130NMED\\u0130&quot;,&quot;orientation&quot;:&quot;0&quot;}\" data-image-title=\"D\u00fczceli Karatecilerimiz k\u00fcrs\u00fcden inmedi\" data-image-description=\"&lt;p&gt;D\u00fczceli Karatecilerimiz k\u00fcrs\u00fcden inmedi&lt;\/p&gt; \" data-medium-file=\"https:\/\/i0.wp.com\/www.tvturk.com\/wp-content\/uploads\/2019\/02\/duzceli-karatecilerimiz-kursuden-inmedi_fe81225.jpg?fit=300%2C225\" data-large-file=\"https:\/\/i0.wp.com\/www.tvturk.com\/wp-content\/uploads\/2019\/02\/duzceli-karatecilerimiz-kursuden-inmedi_fe81225.jpg?fit=1000%2C750\" src=\"https:\/\/i0.wp.com\/www.tvturk.com\/wp-content\/uploads\/2019\/02\/duzceli-karatecilerimiz-kursuden-inmedi_fe81225.jpg?w=246&#038;h=185\" srcset=\"https:\/\/i0.wp.com\/www.tvturk.com\/wp-content\/uploads\/2019\/02\/duzceli-karatecilerimiz-kursuden-inmedi_fe81225.jpg?w=1000 1000w, https:\/\/i0.wp.com\/www.tvturk.com\/wp-content\/uploads\/2019\/02\/duzceli-karatecilerimiz-kursuden-inmedi_fe81225.jpg?resize=150%2C113 150w, https:\/\/i0.wp.com\/www.tvturk.com\/wp-content\/uploads\/2019\/02\/duzceli-karatecilerimiz-kursuden-inmedi_fe81225.jpg?resize=300%2C225 300w, https:\/\/i0.wp.com\/www.tvturk.com\/wp-content\/uploads\/2019\/02\/duzceli-karatecilerimiz-kursuden-inmedi_fe81225.jpg?resize=768%2C576 768w\" width=\"246\" height=\"185\" loading=\"lazy\" data-original-width=\"246\" data-original-height=\"185\" itemprop=\"http:\/\/schema.org\/image\" title=\"D\u00fczceli Karatecilerimiz k\u00fcrs\u00fcden inmedi\" alt=\"D\u00fczceli Karatecilerimiz k\u00fcrs\u00fcden inmedi\" style=\"width: 246px; height: 185px;\" \/> <\/a> <\/div> <\/div> <!-- close group --> <\/div> <!-- close row --> <\/div><\/p>\n","protected":false},"excerpt":{"rendered":"<p>D\u00dcZCEL\u0130 KARATEC\u0130LER ERKEKLERDE 1 B\u0130R\u0130NC\u0130L\u0130K, 2 \u0130K\u0130NC\u0130L\u0130K VE 2 \u00dc\u00c7\u00dcNC\u00dcL\u00dcK ELDE EDERKEN KIZLARDA 2 B\u0130R\u0130NC\u0130L\u0130K VE 1 \u0130K\u0130NC\u0130L\u0130K ELDE ETT\u0130.<\/p>\n","protected":false},"author":1,"featured_media":26149,"comment_status":"closed","ping_status":"open","sticky":false,"template":"","format":"standard","meta":{"jetpack_post_was_ever_published":false,"_jetpack_newsletter_access":"","_jetpack_dont_email_post_to_subs":false,"_jetpack_newsletter_tier_id":0,"_jetpack_memberships_contains_paywalled_content":false,"_jetpack_memberships_contains_paid_content":false,"footnotes":"","jetpack_publicize_message":"","jetpack_publicize_feature_enabled":true,"jetpack_social_post_already_shared":false,"jetpack_social_options":{"image_generator_settings":{"template":"highway","default_image_id":0,"font":"","enabled":false},"version":2}},"categories":[657],"tags":[10810,10812,10811,2459],"class_list":["post-26148","post","type-post","status-publish","format-standard","has-post-thumbnail","hentry","category-spor","tag-duzceli","tag-inmedi","tag-karatecilerimiz","tag-kursuden"],"jetpack_publicize_connections":[],"jetpack_featured_media_url":"https:\/\/i0.wp.com\/www.tvturk.com\/wp-content\/uploads\/2019\/02\/duzceli-karatecilerimiz-kursuden-inmedi_a7fb0b7.jpg?fit=1000%2C750","jetpack_sharing_enabled":true,"jetpack_shortlink":"https:\/\/wp.me\/paKIfm-6NK","_links":{"self":[{"href":"http:\/\/www.tvturk.com\/index.php\/wp-json\/wp\/v2\/posts\/26148","targetHints":{"allow":["GET"]}}],"collection":[{"href":"http:\/\/www.tvturk.com\/index.php\/wp-json\/wp\/v2\/posts"}],"about":[{"href":"http:\/\/www.tvturk.com\/index.php\/wp-json\/wp\/v2\/types\/post"}],"author":[{"embeddable":true,"href":"http:\/\/www.tvturk.com\/index.php\/wp-json\/wp\/v2\/users\/1"}],"replies":[{"embeddable":true,"href":"http:\/\/www.tvturk.com\/index.php\/wp-json\/wp\/v2\/comments?post=26148"}],"version-history":[{"count":1,"href":"http:\/\/www.tvturk.com\/index.php\/wp-json\/wp\/v2\/posts\/26148\/revisions"}],"predecessor-version":[{"id":26152,"href":"http:\/\/www.tvturk.com\/index.php\/wp-json\/wp\/v2\/posts\/26148\/revisions\/26152"}],"wp:featuredmedia":[{"embeddable":true,"href":"http:\/\/www.tvturk.com\/index.php\/wp-json\/wp\/v2\/media\/26149"}],"wp:attachment":[{"href":"http:\/\/www.tvturk.com\/index.php\/wp-json\/wp\/v2\/media?parent=26148"}],"wp:term":[{"taxonomy":"category","embeddable":true,"href":"http:\/\/www.tvturk.com\/index.php\/wp-json\/wp\/v2\/categories?post=26148"},{"taxonomy":"post_tag","embeddable":true,"href":"http:\/\/www.tvturk.com\/index.php\/wp-json\/wp\/v2\/tags?post=26148"}],"curies":[{"name":"wp","href":"https:\/\/api.w.org\/{rel}","templated":true}]}}