{"id":26172,"date":"2019-02-12T16:31:16","date_gmt":"2019-02-12T13:31:16","guid":{"rendered":"http:\/\/www.tvturk.com\/index.php\/gursu-belediyesinden-ulu-hakan-abdulhamid-han-konferansi\/"},"modified":"2019-02-12T16:31:18","modified_gmt":"2019-02-12T13:31:18","slug":"gursu-belediyesinden-ulu-hakan-abdulhamid-han-konferansi","status":"publish","type":"post","link":"http:\/\/www.tvturk.com\/index.php\/gursu-belediyesinden-ulu-hakan-abdulhamid-han-konferansi\/","title":{"rendered":"G\u00fcrsu Belediyesi\u2019nden \u201cUlu Hakan Abd\u00fclhamid Han\u201d konferans\u0131"},"content":{"rendered":"<p>Ulu Hakan Sultan 2. Abd\u00fclhamid Han, \u00f6l\u00fcm\u00fcn\u00fcn 101\u2019inci y\u0131ld\u00f6n\u00fcm\u00fcnde G\u00fcrsu Belediyesi\u2019nce d\u00fczenlenen programla an\u0131ld\u0131.<\/p>\n<p>&#8220;Sultan 2. Abd\u00fclhamid Han\u2019\u0131 Anmak ve Anlamak&#8221; konulu konferansa yazar Ahmet Anapal\u0131 konu\u015fmac\u0131 olarak kat\u0131ld\u0131. Programda Abd\u00fclhamid Han\u2019\u0131n tarihimizdeki yeri ve padi\u015fahl\u0131\u011f\u0131 anlat\u0131ld\u0131. G\u00fcrsu Belediye Ba\u015fkan\u0131 Mustafa I\u015f\u0131k, &#8220;Tarih bir milletin sadece ge\u00e7mi\u015fi de\u011fil, gelece\u011finin de \u0131\u015f\u0131\u011f\u0131d\u0131r. Biz tarihine y\u00fcz \u00e7evirenlerden olamay\u0131z. Bizler hi\u00e7bir ayr\u0131m yapmadan tarihimizle iftihar ediyoruz. Tarihimiz, her milletin yazd\u0131\u011f\u0131 veya yazabilece\u011fi bir tarih de\u011fildir. Hamdolsun b\u00f6yle bir tarihe sahibiz. Tarihimizde derin izleri olan, Osmanl\u0131 Devleti\u2019nin 34\u2019\u00fcnc\u00fc padi\u015fah\u0131 Sultan 2. Abd\u00fclhamid Han\u2019\u0131 sayg\u0131 ve minnetle y\u00e2d ediyoruz. Necip Faz\u0131l\u2019\u0131n da s\u00f6yledi\u011fi gibi, Sultan Abd\u00fclhamid\u2019i anlamak her \u015feyi anlamak olacakt\u0131r. Bu d\u00fcsturla tarihimizi olu\u015fturan b\u00fct\u00fcn padi\u015fahlar\u0131m\u0131z\u0131 anlamak ve onlar\u0131n \u0131\u015f\u0131\u011f\u0131yla yar\u0131nlar\u0131m\u0131z\u0131 ayd\u0131nlatmak da bizlerin g\u00f6revi. Bizi biz yapan tarihimizi bilmek, sahip \u00e7\u0131kmak ve gelecek nesillere aktarmakt\u0131r. Bu hepimizin vaz\u00eefesidir. Sultan Abd\u00fclhamid Han\u2019\u0131 and\u0131\u011f\u0131m\u0131z bu program vesilesiyle, bize bu \u015fanl\u0131 tarihi em\u00e2net eden ecd\u00e2d\u0131m\u0131z\u0131 da sayg\u0131 ve minnetle an\u0131yoruz&#8221; dedi.<\/p>\n<p>Mehter mar\u015flar\u0131 \u00e7al\u0131nan konferansa il\u00e7e halk\u0131 b\u00fcy\u00fck ilgi g\u00f6sterdi.<div class=\"tiled-gallery type-rectangular tiled-gallery-unresized\" data-original-width=\"500\" data-carousel-extra='null' itemscope itemtype=\"http:\/\/schema.org\/ImageGallery\" > <div class=\"gallery-row\" style=\"width: 500px; height: 334px;\" data-original-width=\"500\" data-original-height=\"334\" > <div class=\"gallery-group images-1\" style=\"width: 500px; height: 334px;\" data-original-width=\"500\" data-original-height=\"334\" > <div class=\"tiled-gallery-item tiled-gallery-item-large\" itemprop=\"associatedMedia\" itemscope itemtype=\"http:\/\/schema.org\/ImageObject\"> <a href=\"http:\/\/www.tvturk.com\/index.php\/gursu-belediyesinden-ulu-hakan-abdulhamid-han-konferansi\/gursu-belediyesinden-ulu-hakan-abdulhamid-han-konferansi-3\/\" border=\"0\" itemprop=\"url\"> <meta itemprop=\"width\" content=\"496\"> <meta itemprop=\"height\" content=\"330\"> <img decoding=\"async\" class=\"\" data-attachment-id=\"26174\" data-orig-file=\"http:\/\/www.tvturk.com\/wp-content\/uploads\/2019\/02\/gursu-belediyesinden-ulu-hakan-abdulhamid-han-konferansi_260d715.jpg\" data-orig-size=\"1000,666\" data-comments-opened=\"\" data-image-meta=\"{&quot;aperture&quot;:&quot;0&quot;,&quot;credit&quot;:&quot;IHA&quot;,&quot;camera&quot;:&quot;&quot;,&quot;caption&quot;:&quot;ULU HAKAN SULTAN 2. ABD\\u00dcLHAM\\u0130D HAN, \\u00d6L\\u00dcM\\u00dcN\\u00dcN 101\\u0027\\u0130NC\\u0130 YILD\\u00d6N\\u00dcM\\u00dcNDE G\\u00dcRSU BELED\\u0130YES\\u0130\\u0027NCE D\\u00dcZENLENEN PROGRAMLA ANILDI (\\u0130HA\\\/BURSA-\\u0130HA)&quot;,&quot;created_timestamp&quot;:&quot;0&quot;,&quot;copyright&quot;:&quot;\\u0130HLAS HABER AJANSI, www.iha.com.tr&quot;,&quot;focal_length&quot;:&quot;0&quot;,&quot;iso&quot;:&quot;0&quot;,&quot;shutter_speed&quot;:&quot;0&quot;,&quot;title&quot;:&quot;G\\u00dcRSU BELED\\u0130YES\\u0130\\u2019NDEN \\u201cULU HAKAN ABD\\u00dcLHAM\\u0130D HAN\\u201d KONFERANSI&quot;,&quot;orientation&quot;:&quot;0&quot;}\" data-image-title=\"G\u00fcrsu Belediyesi\u2019nden \u201cUlu Hakan Abd\u00fclhamid Han\u201d konferans\u0131\" data-image-description=\"&lt;p&gt;G\u00fcrsu Belediyesi\u2019nden \u201cUlu Hakan Abd\u00fclhamid Han\u201d konferans\u0131&lt;\/p&gt; \" data-medium-file=\"https:\/\/i0.wp.com\/www.tvturk.com\/wp-content\/uploads\/2019\/02\/gursu-belediyesinden-ulu-hakan-abdulhamid-han-konferansi_260d715.jpg?fit=300%2C200\" data-large-file=\"https:\/\/i0.wp.com\/www.tvturk.com\/wp-content\/uploads\/2019\/02\/gursu-belediyesinden-ulu-hakan-abdulhamid-han-konferansi_260d715.jpg?fit=1000%2C666\" src=\"https:\/\/i0.wp.com\/www.tvturk.com\/wp-content\/uploads\/2019\/02\/gursu-belediyesinden-ulu-hakan-abdulhamid-han-konferansi_260d715.jpg?w=496&#038;h=330\" srcset=\"https:\/\/i0.wp.com\/www.tvturk.com\/wp-content\/uploads\/2019\/02\/gursu-belediyesinden-ulu-hakan-abdulhamid-han-konferansi_260d715.jpg?w=1000 1000w, https:\/\/i0.wp.com\/www.tvturk.com\/wp-content\/uploads\/2019\/02\/gursu-belediyesinden-ulu-hakan-abdulhamid-han-konferansi_260d715.jpg?resize=150%2C100 150w, https:\/\/i0.wp.com\/www.tvturk.com\/wp-content\/uploads\/2019\/02\/gursu-belediyesinden-ulu-hakan-abdulhamid-han-konferansi_260d715.jpg?resize=300%2C200 300w, https:\/\/i0.wp.com\/www.tvturk.com\/wp-content\/uploads\/2019\/02\/gursu-belediyesinden-ulu-hakan-abdulhamid-han-konferansi_260d715.jpg?resize=768%2C511 768w, https:\/\/i0.wp.com\/www.tvturk.com\/wp-content\/uploads\/2019\/02\/gursu-belediyesinden-ulu-hakan-abdulhamid-han-konferansi_260d715.jpg?resize=170%2C113 170w, https:\/\/i0.wp.com\/www.tvturk.com\/wp-content\/uploads\/2019\/02\/gursu-belediyesinden-ulu-hakan-abdulhamid-han-konferansi_260d715.jpg?resize=120%2C80 120w\" width=\"496\" height=\"330\" loading=\"lazy\" data-original-width=\"496\" data-original-height=\"330\" itemprop=\"http:\/\/schema.org\/image\" title=\"G\u00fcrsu Belediyesi\u2019nden \u201cUlu Hakan Abd\u00fclhamid Han\u201d konferans\u0131\" alt=\"G\u00fcrsu Belediyesi\u2019nden \u201cUlu Hakan Abd\u00fclhamid Han\u201d konferans\u0131\" style=\"width: 496px; height: 330px;\" \/> <\/a> <\/div> <\/div> <!-- close group --> <\/div> <!-- close row --> <\/div><\/p>\n","protected":false},"excerpt":{"rendered":"<p>ULU HAKAN SULTAN 2. ABD\u00dcLHAM\u0130D HAN, \u00d6L\u00dcM\u00dcN\u00dcN 101&#8217;\u0130NC\u0130 YILD\u00d6N\u00dcM\u00dcNDE G\u00dcRSU BELED\u0130YES\u0130&#8217;NCE D\u00dcZENLENEN PROGRAMLA ANILDI<\/p>\n","protected":false},"author":1,"featured_media":26173,"comment_status":"closed","ping_status":"open","sticky":false,"template":"","format":"standard","meta":{"jetpack_post_was_ever_published":false,"_jetpack_newsletter_access":"","_jetpack_dont_email_post_to_subs":false,"_jetpack_newsletter_tier_id":0,"_jetpack_memberships_contains_paywalled_content":false,"_jetpack_memberships_contains_paid_content":false,"footnotes":"","jetpack_publicize_message":"","jetpack_publicize_feature_enabled":true,"jetpack_social_post_already_shared":false,"jetpack_social_options":{"image_generator_settings":{"template":"highway","default_image_id":0,"font":"","enabled":false},"version":2}},"categories":[655],"tags":[5632,119,6155,3239,3234,351,5239],"class_list":["post-26172","post","type-post","status-publish","format-standard","has-post-thumbnail","hentry","category-son-dakika","tag-abdulhamid","tag-belediyesinden","tag-gursu","tag-hakan","tag-han","tag-konferansi","tag-ulu"],"jetpack_publicize_connections":[],"jetpack_featured_media_url":"https:\/\/i0.wp.com\/www.tvturk.com\/wp-content\/uploads\/2019\/02\/gursu-belediyesinden-ulu-hakan-abdulhamid-han-konferansi_41e16a6.jpg?fit=1000%2C666","jetpack_sharing_enabled":true,"jetpack_shortlink":"https:\/\/wp.me\/paKIfm-6O8","_links":{"self":[{"href":"http:\/\/www.tvturk.com\/index.php\/wp-json\/wp\/v2\/posts\/26172","targetHints":{"allow":["GET"]}}],"collection":[{"href":"http:\/\/www.tvturk.com\/index.php\/wp-json\/wp\/v2\/posts"}],"about":[{"href":"http:\/\/www.tvturk.com\/index.php\/wp-json\/wp\/v2\/types\/post"}],"author":[{"embeddable":true,"href":"http:\/\/www.tvturk.com\/index.php\/wp-json\/wp\/v2\/users\/1"}],"replies":[{"embeddable":true,"href":"http:\/\/www.tvturk.com\/index.php\/wp-json\/wp\/v2\/comments?post=26172"}],"version-history":[{"count":1,"href":"http:\/\/www.tvturk.com\/index.php\/wp-json\/wp\/v2\/posts\/26172\/revisions"}],"predecessor-version":[{"id":26175,"href":"http:\/\/www.tvturk.com\/index.php\/wp-json\/wp\/v2\/posts\/26172\/revisions\/26175"}],"wp:featuredmedia":[{"embeddable":true,"href":"http:\/\/www.tvturk.com\/index.php\/wp-json\/wp\/v2\/media\/26173"}],"wp:attachment":[{"href":"http:\/\/www.tvturk.com\/index.php\/wp-json\/wp\/v2\/media?parent=26172"}],"wp:term":[{"taxonomy":"category","embeddable":true,"href":"http:\/\/www.tvturk.com\/index.php\/wp-json\/wp\/v2\/categories?post=26172"},{"taxonomy":"post_tag","embeddable":true,"href":"http:\/\/www.tvturk.com\/index.php\/wp-json\/wp\/v2\/tags?post=26172"}],"curies":[{"name":"wp","href":"https:\/\/api.w.org\/{rel}","templated":true}]}}