{"id":26191,"date":"2019-02-12T16:31:31","date_gmt":"2019-02-12T13:31:31","guid":{"rendered":"http:\/\/www.tvturk.com\/index.php\/edremit-chpden-15-meclis-uyesi-aday-adayligini-geri-cekti\/"},"modified":"2019-02-12T16:31:36","modified_gmt":"2019-02-12T13:31:36","slug":"edremit-chpden-15-meclis-uyesi-aday-adayligini-geri-cekti","status":"publish","type":"post","link":"http:\/\/www.tvturk.com\/index.php\/edremit-chpden-15-meclis-uyesi-aday-adayligini-geri-cekti\/","title":{"rendered":"Edremit CHP\u2019den 15 meclis \u00fcyesi aday adayl\u0131\u011f\u0131n\u0131 geri \u00e7ekti"},"content":{"rendered":"<p>Bal\u0131kesir\u2019in Edremit il\u00e7esinde CHP\u2019den 15 ki\u015fi mecilis \u00fcyesi aday adayl\u0131\u011f\u0131n\u0131 geri \u00e7ekti.<\/p>\n<p>Edremit il\u00e7esinde mevcut CHP\u2019li Belediye Meclisi \u00fcyeleri Mehmet Erta\u015f, Fatma \u00d6zgirgin, Co\u015fkun Ta\u015fk\u0131n, M\u00fcberra Uyar Karaca ve \u015eeng\u00fcl S\u00f6nmez ile birlikte CHP\u2019den meclis \u00fcyeli\u011fi ba\u015fvurusu yapan Ahmet \u00c7etin, Muharrem Ak\u00fclker, Senem \u00c7amtepe, Cavit Cebeci, Y\u00fcksel Eker, Osman Delilo\u011flu, G\u00fcne\u015f Durgut, \u00c7etin Kurt, Y\u0131lmaz Tezcan, Edremit 3. Noteri\u2019ne giderek Cumhuriyet Halk Partisi Genel Merkezi, Edremit \u0130l\u00e7e Se\u00e7im Kurulu ve Cumhuriyet Halk Partisi Edremit \u0130l\u00e7e Ba\u015fkanl\u0131\u011f\u0131\u2019na g\u00f6nderdikleri ihtarname ile adayl\u0131klar\u0131n\u0131 iptal ettiklerini bildirdiler. \u0130hbarnamede, \u201c31 Mart 2019 tarihinde yap\u0131lacak olan yerel se\u00e7imlerde Cumhuriyet Halk Partisi Edremit Belediye Meclis \u00dcyeli\u011fi i\u00e7in yapm\u0131\u015f oldu\u011fumuz adayl\u0131k ba\u015fvurumuzu g\u00f6rd\u00fc\u011f\u00fcm\u00fcz l\u00fczum \u00fczerine geri \u00e7ekiyoruz. \u00c7ekilme karar\u0131m\u0131z\u0131n yukar\u0131da yaz\u0131l\u0131 muhataplara iletilmesini rica ederiz\u201d denildi.<\/p>\n<p>Adayl\u0131ktan \u00e7ekilen 15 ki\u015fi ard\u0131ndan Edremit Belediye Ba\u015fkan\u0131 Kamil Saka\u2019y\u0131 ziyaret etti.<div class=\"tiled-gallery type-rectangular tiled-gallery-unresized\" data-original-width=\"500\" data-carousel-extra='null' itemscope itemtype=\"http:\/\/schema.org\/ImageGallery\" > <div class=\"gallery-row\" style=\"width: 500px; height: 251px;\" data-original-width=\"500\" data-original-height=\"251\" > <div class=\"gallery-group images-1\" style=\"width: 334px; height: 251px;\" data-original-width=\"334\" data-original-height=\"251\" > <div class=\"tiled-gallery-item tiled-gallery-item-large\" itemprop=\"associatedMedia\" itemscope itemtype=\"http:\/\/schema.org\/ImageObject\"> <a href=\"http:\/\/www.tvturk.com\/index.php\/edremit-chpden-15-meclis-uyesi-aday-adayligini-geri-cekti\/edremit-chpden-15-meclis-uyesi-aday-adayligini-geri-cekti-3\/\" border=\"0\" itemprop=\"url\"> <meta itemprop=\"width\" content=\"330\"> <meta itemprop=\"height\" content=\"247\"> <img decoding=\"async\" class=\"\" data-attachment-id=\"26193\" data-orig-file=\"http:\/\/www.tvturk.com\/wp-content\/uploads\/2019\/02\/edremit-chpden-15-meclis-uyesi-aday-adayligini-geri-cekti_d4d76fe.jpg\" data-orig-size=\"1000,750\" data-comments-opened=\"\" data-image-meta=\"{&quot;aperture&quot;:&quot;0&quot;,&quot;credit&quot;:&quot;IHA&quot;,&quot;camera&quot;:&quot;&quot;,&quot;caption&quot;:&quot;BALIKES\\u0130R\\u2019\\u0130N EDREM\\u0130T \\u0130L\\u00c7ES\\u0130NDE CHP\\u2019DEN EDREM\\u0130T BELED\\u0130YE MECL\\u0130S \\u00dcYES\\u0130 ADAY ADAYI OLAN ARALARINDA MEVCUT MECL\\u0130S \\u00dcYELER\\u0130 MEHMET ERTA\\u015e, FATMA \\u00d6ZG\\u0130RG\\u0130N, CO\\u015eKUN TA\\u015eKIN, M\\u00dcBERRA UYAR KARACA VE \\u015eENG\\u00dcL S\\u00d6NMEZ\\u2019\\u0130N DE BULUNDU\\u011eU 15 K\\u0130\\u015e\\u0130 NOTER KANALI \\u0130LE ADAYLIKLARINI GER\\u0130 \\u00c7EKT\\u0130. (EMRAH ELMAS\\\/BALIKES\\u0130R-\\u0130HA)&quot;,&quot;created_timestamp&quot;:&quot;0&quot;,&quot;copyright&quot;:&quot;\\u0130HLAS HABER AJANSI, www.iha.com.tr&quot;,&quot;focal_length&quot;:&quot;0&quot;,&quot;iso&quot;:&quot;0&quot;,&quot;shutter_speed&quot;:&quot;0&quot;,&quot;title&quot;:&quot;EDREM\\u0130T CHP\\u2019DE 15 MECL\\u0130S \\u00dcYES\\u0130 ADAY ADAYI ADAYLI\\u011eINI GER\\u0130 \\u00c7EKT\\u0130&quot;,&quot;orientation&quot;:&quot;0&quot;}\" data-image-title=\"Edremit CHP\u2019den 15 meclis \u00fcyesi aday adayl\u0131\u011f\u0131n\u0131 geri \u00e7ekti\" data-image-description=\"&lt;p&gt;Edremit CHP\u2019den 15 meclis \u00fcyesi aday adayl\u0131\u011f\u0131n\u0131 geri \u00e7ekti&lt;\/p&gt; \" data-medium-file=\"https:\/\/i0.wp.com\/www.tvturk.com\/wp-content\/uploads\/2019\/02\/edremit-chpden-15-meclis-uyesi-aday-adayligini-geri-cekti_d4d76fe.jpg?fit=300%2C225\" data-large-file=\"https:\/\/i0.wp.com\/www.tvturk.com\/wp-content\/uploads\/2019\/02\/edremit-chpden-15-meclis-uyesi-aday-adayligini-geri-cekti_d4d76fe.jpg?fit=1000%2C750\" src=\"https:\/\/i0.wp.com\/www.tvturk.com\/wp-content\/uploads\/2019\/02\/edremit-chpden-15-meclis-uyesi-aday-adayligini-geri-cekti_d4d76fe.jpg?w=330&#038;h=247\" srcset=\"https:\/\/i0.wp.com\/www.tvturk.com\/wp-content\/uploads\/2019\/02\/edremit-chpden-15-meclis-uyesi-aday-adayligini-geri-cekti_d4d76fe.jpg?w=1000 1000w, https:\/\/i0.wp.com\/www.tvturk.com\/wp-content\/uploads\/2019\/02\/edremit-chpden-15-meclis-uyesi-aday-adayligini-geri-cekti_d4d76fe.jpg?resize=150%2C113 150w, https:\/\/i0.wp.com\/www.tvturk.com\/wp-content\/uploads\/2019\/02\/edremit-chpden-15-meclis-uyesi-aday-adayligini-geri-cekti_d4d76fe.jpg?resize=300%2C225 300w, https:\/\/i0.wp.com\/www.tvturk.com\/wp-content\/uploads\/2019\/02\/edremit-chpden-15-meclis-uyesi-aday-adayligini-geri-cekti_d4d76fe.jpg?resize=768%2C576 768w\" width=\"330\" height=\"247\" loading=\"lazy\" data-original-width=\"330\" data-original-height=\"247\" itemprop=\"http:\/\/schema.org\/image\" title=\"Edremit CHP\u2019den 15 meclis \u00fcyesi aday adayl\u0131\u011f\u0131n\u0131 geri \u00e7ekti\" alt=\"Edremit CHP\u2019den 15 meclis \u00fcyesi aday adayl\u0131\u011f\u0131n\u0131 geri \u00e7ekti\" style=\"width: 330px; height: 247px;\" \/> <\/a> <\/div> <\/div> <!-- close group --> <div class=\"gallery-group images-2\" style=\"width: 166px; height: 251px;\" data-original-width=\"166\" data-original-height=\"251\" > <div class=\"tiled-gallery-item tiled-gallery-item-small\" itemprop=\"associatedMedia\" itemscope itemtype=\"http:\/\/schema.org\/ImageObject\"> <a href=\"http:\/\/www.tvturk.com\/index.php\/edremit-chpden-15-meclis-uyesi-aday-adayligini-geri-cekti\/edremit-chpden-15-meclis-uyesi-aday-adayligini-geri-cekti-4\/\" border=\"0\" itemprop=\"url\"> <meta itemprop=\"width\" content=\"162\"> <meta itemprop=\"height\" content=\"122\"> <img decoding=\"async\" class=\"\" data-attachment-id=\"26194\" data-orig-file=\"http:\/\/www.tvturk.com\/wp-content\/uploads\/2019\/02\/edremit-chpden-15-meclis-uyesi-aday-adayligini-geri-cekti_babae15.jpg\" data-orig-size=\"1000,750\" data-comments-opened=\"\" data-image-meta=\"{&quot;aperture&quot;:&quot;0&quot;,&quot;credit&quot;:&quot;IHA&quot;,&quot;camera&quot;:&quot;&quot;,&quot;caption&quot;:&quot;BALIKES\\u0130R\\u2019\\u0130N EDREM\\u0130T \\u0130L\\u00c7ES\\u0130NDE CHP\\u2019DEN EDREM\\u0130T BELED\\u0130YE MECL\\u0130S \\u00dcYES\\u0130 ADAY ADAYI OLAN ARALARINDA MEVCUT MECL\\u0130S \\u00dcYELER\\u0130 MEHMET ERTA\\u015e, FATMA \\u00d6ZG\\u0130RG\\u0130N, CO\\u015eKUN TA\\u015eKIN, M\\u00dcBERRA UYAR KARACA VE \\u015eENG\\u00dcL S\\u00d6NMEZ\\u2019\\u0130N DE BULUNDU\\u011eU 15 K\\u0130\\u015e\\u0130 NOTER KANALI \\u0130LE ADAYLIKLARINI GER\\u0130 \\u00c7EKT\\u0130. (EMRAH ELMAS\\\/BALIKES\\u0130R-\\u0130HA)&quot;,&quot;created_timestamp&quot;:&quot;0&quot;,&quot;copyright&quot;:&quot;\\u0130HLAS HABER AJANSI, www.iha.com.tr&quot;,&quot;focal_length&quot;:&quot;0&quot;,&quot;iso&quot;:&quot;0&quot;,&quot;shutter_speed&quot;:&quot;0&quot;,&quot;title&quot;:&quot;EDREM\\u0130T CHP\\u2019DE 15 MECL\\u0130S \\u00dcYES\\u0130 ADAY ADAYI ADAYLI\\u011eINI GER\\u0130 \\u00c7EKT\\u0130&quot;,&quot;orientation&quot;:&quot;0&quot;}\" data-image-title=\"Edremit CHP\u2019den 15 meclis \u00fcyesi aday adayl\u0131\u011f\u0131n\u0131 geri \u00e7ekti\" data-image-description=\"&lt;p&gt;Edremit CHP\u2019den 15 meclis \u00fcyesi aday adayl\u0131\u011f\u0131n\u0131 geri \u00e7ekti&lt;\/p&gt; \" data-medium-file=\"https:\/\/i0.wp.com\/www.tvturk.com\/wp-content\/uploads\/2019\/02\/edremit-chpden-15-meclis-uyesi-aday-adayligini-geri-cekti_babae15.jpg?fit=300%2C225\" data-large-file=\"https:\/\/i0.wp.com\/www.tvturk.com\/wp-content\/uploads\/2019\/02\/edremit-chpden-15-meclis-uyesi-aday-adayligini-geri-cekti_babae15.jpg?fit=1000%2C750\" src=\"https:\/\/i0.wp.com\/www.tvturk.com\/wp-content\/uploads\/2019\/02\/edremit-chpden-15-meclis-uyesi-aday-adayligini-geri-cekti_babae15.jpg?w=162&#038;h=122\" srcset=\"https:\/\/i0.wp.com\/www.tvturk.com\/wp-content\/uploads\/2019\/02\/edremit-chpden-15-meclis-uyesi-aday-adayligini-geri-cekti_babae15.jpg?w=1000 1000w, https:\/\/i0.wp.com\/www.tvturk.com\/wp-content\/uploads\/2019\/02\/edremit-chpden-15-meclis-uyesi-aday-adayligini-geri-cekti_babae15.jpg?resize=150%2C113 150w, https:\/\/i0.wp.com\/www.tvturk.com\/wp-content\/uploads\/2019\/02\/edremit-chpden-15-meclis-uyesi-aday-adayligini-geri-cekti_babae15.jpg?resize=300%2C225 300w, https:\/\/i0.wp.com\/www.tvturk.com\/wp-content\/uploads\/2019\/02\/edremit-chpden-15-meclis-uyesi-aday-adayligini-geri-cekti_babae15.jpg?resize=768%2C576 768w\" width=\"162\" height=\"122\" loading=\"lazy\" data-original-width=\"162\" data-original-height=\"122\" itemprop=\"http:\/\/schema.org\/image\" title=\"Edremit CHP\u2019den 15 meclis \u00fcyesi aday adayl\u0131\u011f\u0131n\u0131 geri \u00e7ekti\" alt=\"Edremit CHP\u2019den 15 meclis \u00fcyesi aday adayl\u0131\u011f\u0131n\u0131 geri \u00e7ekti\" style=\"width: 162px; height: 122px;\" \/> <\/a> <\/div> <div class=\"tiled-gallery-item tiled-gallery-item-small\" itemprop=\"associatedMedia\" itemscope itemtype=\"http:\/\/schema.org\/ImageObject\"> <a href=\"http:\/\/www.tvturk.com\/index.php\/edremit-chpden-15-meclis-uyesi-aday-adayligini-geri-cekti\/edremit-chpden-15-meclis-uyesi-aday-adayligini-geri-cekti-5\/\" border=\"0\" itemprop=\"url\"> <meta itemprop=\"width\" content=\"162\"> <meta itemprop=\"height\" content=\"121\"> <img decoding=\"async\" class=\"\" data-attachment-id=\"26195\" data-orig-file=\"http:\/\/www.tvturk.com\/wp-content\/uploads\/2019\/02\/edremit-chpden-15-meclis-uyesi-aday-adayligini-geri-cekti_cf9c71f.jpg\" data-orig-size=\"1000,750\" data-comments-opened=\"\" data-image-meta=\"{&quot;aperture&quot;:&quot;0&quot;,&quot;credit&quot;:&quot;IHA&quot;,&quot;camera&quot;:&quot;&quot;,&quot;caption&quot;:&quot;BALIKES\\u0130R\\u2019\\u0130N EDREM\\u0130T \\u0130L\\u00c7ES\\u0130NDE CHP\\u2019DEN EDREM\\u0130T BELED\\u0130YE MECL\\u0130S \\u00dcYES\\u0130 ADAY ADAYI OLAN ARALARINDA MEVCUT MECL\\u0130S \\u00dcYELER\\u0130 MEHMET ERTA\\u015e, FATMA \\u00d6ZG\\u0130RG\\u0130N, CO\\u015eKUN TA\\u015eKIN, M\\u00dcBERRA UYAR KARACA VE \\u015eENG\\u00dcL S\\u00d6NMEZ\\u2019\\u0130N DE BULUNDU\\u011eU 15 K\\u0130\\u015e\\u0130 NOTER KANALI \\u0130LE ADAYLIKLARINI GER\\u0130 \\u00c7EKT\\u0130. (EMRAH ELMAS\\\/BALIKES\\u0130R-\\u0130HA)&quot;,&quot;created_timestamp&quot;:&quot;0&quot;,&quot;copyright&quot;:&quot;\\u0130HLAS HABER AJANSI, www.iha.com.tr&quot;,&quot;focal_length&quot;:&quot;0&quot;,&quot;iso&quot;:&quot;0&quot;,&quot;shutter_speed&quot;:&quot;0&quot;,&quot;title&quot;:&quot;EDREM\\u0130T CHP\\u2019DE 15 MECL\\u0130S \\u00dcYES\\u0130 ADAY ADAYI ADAYLI\\u011eINI GER\\u0130 \\u00c7EKT\\u0130&quot;,&quot;orientation&quot;:&quot;0&quot;}\" data-image-title=\"Edremit CHP\u2019den 15 meclis \u00fcyesi aday adayl\u0131\u011f\u0131n\u0131 geri \u00e7ekti\" data-image-description=\"&lt;p&gt;Edremit CHP\u2019den 15 meclis \u00fcyesi aday adayl\u0131\u011f\u0131n\u0131 geri \u00e7ekti&lt;\/p&gt; \" data-medium-file=\"https:\/\/i0.wp.com\/www.tvturk.com\/wp-content\/uploads\/2019\/02\/edremit-chpden-15-meclis-uyesi-aday-adayligini-geri-cekti_cf9c71f.jpg?fit=300%2C225\" data-large-file=\"https:\/\/i0.wp.com\/www.tvturk.com\/wp-content\/uploads\/2019\/02\/edremit-chpden-15-meclis-uyesi-aday-adayligini-geri-cekti_cf9c71f.jpg?fit=1000%2C750\" src=\"https:\/\/i0.wp.com\/www.tvturk.com\/wp-content\/uploads\/2019\/02\/edremit-chpden-15-meclis-uyesi-aday-adayligini-geri-cekti_cf9c71f.jpg?w=162&#038;h=121\" srcset=\"https:\/\/i0.wp.com\/www.tvturk.com\/wp-content\/uploads\/2019\/02\/edremit-chpden-15-meclis-uyesi-aday-adayligini-geri-cekti_cf9c71f.jpg?w=1000 1000w, https:\/\/i0.wp.com\/www.tvturk.com\/wp-content\/uploads\/2019\/02\/edremit-chpden-15-meclis-uyesi-aday-adayligini-geri-cekti_cf9c71f.jpg?resize=150%2C113 150w, https:\/\/i0.wp.com\/www.tvturk.com\/wp-content\/uploads\/2019\/02\/edremit-chpden-15-meclis-uyesi-aday-adayligini-geri-cekti_cf9c71f.jpg?resize=300%2C225 300w, https:\/\/i0.wp.com\/www.tvturk.com\/wp-content\/uploads\/2019\/02\/edremit-chpden-15-meclis-uyesi-aday-adayligini-geri-cekti_cf9c71f.jpg?resize=768%2C576 768w\" width=\"162\" height=\"121\" loading=\"lazy\" data-original-width=\"162\" data-original-height=\"121\" itemprop=\"http:\/\/schema.org\/image\" title=\"Edremit CHP\u2019den 15 meclis \u00fcyesi aday adayl\u0131\u011f\u0131n\u0131 geri \u00e7ekti\" alt=\"Edremit CHP\u2019den 15 meclis \u00fcyesi aday adayl\u0131\u011f\u0131n\u0131 geri \u00e7ekti\" style=\"width: 162px; height: 121px;\" \/> <\/a> <\/div> <\/div> <!-- close group --> <\/div> <!-- close row --> <div class=\"gallery-row\" style=\"width: 500px; height: 189px;\" data-original-width=\"500\" data-original-height=\"189\" > <div class=\"gallery-group images-1\" style=\"width: 250px; height: 189px;\" data-original-width=\"250\" data-original-height=\"189\" > <div class=\"tiled-gallery-item tiled-gallery-item-small\" itemprop=\"associatedMedia\" itemscope itemtype=\"http:\/\/schema.org\/ImageObject\"> <a href=\"http:\/\/www.tvturk.com\/index.php\/edremit-chpden-15-meclis-uyesi-aday-adayligini-geri-cekti\/edremit-chpden-15-meclis-uyesi-aday-adayligini-geri-cekti-6\/\" border=\"0\" itemprop=\"url\"> <meta itemprop=\"width\" content=\"246\"> <meta itemprop=\"height\" content=\"185\"> <img decoding=\"async\" class=\"\" data-attachment-id=\"26196\" data-orig-file=\"http:\/\/www.tvturk.com\/wp-content\/uploads\/2019\/02\/edremit-chpden-15-meclis-uyesi-aday-adayligini-geri-cekti_e1afcf9.jpg\" data-orig-size=\"1000,750\" data-comments-opened=\"\" data-image-meta=\"{&quot;aperture&quot;:&quot;0&quot;,&quot;credit&quot;:&quot;IHA&quot;,&quot;camera&quot;:&quot;&quot;,&quot;caption&quot;:&quot;BALIKES\\u0130R\\u2019\\u0130N EDREM\\u0130T \\u0130L\\u00c7ES\\u0130NDE CHP\\u2019DEN EDREM\\u0130T BELED\\u0130YE MECL\\u0130S \\u00dcYES\\u0130 ADAY ADAYI OLAN ARALARINDA MEVCUT MECL\\u0130S \\u00dcYELER\\u0130 MEHMET ERTA\\u015e, FATMA \\u00d6ZG\\u0130RG\\u0130N, CO\\u015eKUN TA\\u015eKIN, M\\u00dcBERRA UYAR KARACA VE \\u015eENG\\u00dcL S\\u00d6NMEZ\\u2019\\u0130N DE BULUNDU\\u011eU 15 K\\u0130\\u015e\\u0130 NOTER KANALI \\u0130LE ADAYLIKLARINI GER\\u0130 \\u00c7EKT\\u0130. (EMRAH ELMAS\\\/BALIKES\\u0130R-\\u0130HA)&quot;,&quot;created_timestamp&quot;:&quot;0&quot;,&quot;copyright&quot;:&quot;\\u0130HLAS HABER AJANSI, www.iha.com.tr&quot;,&quot;focal_length&quot;:&quot;0&quot;,&quot;iso&quot;:&quot;0&quot;,&quot;shutter_speed&quot;:&quot;0&quot;,&quot;title&quot;:&quot;EDREM\\u0130T CHP\\u2019DE 15 MECL\\u0130S \\u00dcYES\\u0130 ADAY ADAYI ADAYLI\\u011eINI GER\\u0130 \\u00c7EKT\\u0130&quot;,&quot;orientation&quot;:&quot;0&quot;}\" data-image-title=\"Edremit CHP\u2019den 15 meclis \u00fcyesi aday adayl\u0131\u011f\u0131n\u0131 geri \u00e7ekti\" data-image-description=\"&lt;p&gt;Edremit CHP\u2019den 15 meclis \u00fcyesi aday adayl\u0131\u011f\u0131n\u0131 geri \u00e7ekti&lt;\/p&gt; \" data-medium-file=\"https:\/\/i0.wp.com\/www.tvturk.com\/wp-content\/uploads\/2019\/02\/edremit-chpden-15-meclis-uyesi-aday-adayligini-geri-cekti_e1afcf9.jpg?fit=300%2C225\" data-large-file=\"https:\/\/i0.wp.com\/www.tvturk.com\/wp-content\/uploads\/2019\/02\/edremit-chpden-15-meclis-uyesi-aday-adayligini-geri-cekti_e1afcf9.jpg?fit=1000%2C750\" src=\"https:\/\/i0.wp.com\/www.tvturk.com\/wp-content\/uploads\/2019\/02\/edremit-chpden-15-meclis-uyesi-aday-adayligini-geri-cekti_e1afcf9.jpg?w=246&#038;h=185\" srcset=\"https:\/\/i0.wp.com\/www.tvturk.com\/wp-content\/uploads\/2019\/02\/edremit-chpden-15-meclis-uyesi-aday-adayligini-geri-cekti_e1afcf9.jpg?w=1000 1000w, https:\/\/i0.wp.com\/www.tvturk.com\/wp-content\/uploads\/2019\/02\/edremit-chpden-15-meclis-uyesi-aday-adayligini-geri-cekti_e1afcf9.jpg?resize=150%2C113 150w, https:\/\/i0.wp.com\/www.tvturk.com\/wp-content\/uploads\/2019\/02\/edremit-chpden-15-meclis-uyesi-aday-adayligini-geri-cekti_e1afcf9.jpg?resize=300%2C225 300w, https:\/\/i0.wp.com\/www.tvturk.com\/wp-content\/uploads\/2019\/02\/edremit-chpden-15-meclis-uyesi-aday-adayligini-geri-cekti_e1afcf9.jpg?resize=768%2C576 768w\" width=\"246\" height=\"185\" loading=\"lazy\" data-original-width=\"246\" data-original-height=\"185\" itemprop=\"http:\/\/schema.org\/image\" title=\"Edremit CHP\u2019den 15 meclis \u00fcyesi aday adayl\u0131\u011f\u0131n\u0131 geri \u00e7ekti\" alt=\"Edremit CHP\u2019den 15 meclis \u00fcyesi aday adayl\u0131\u011f\u0131n\u0131 geri \u00e7ekti\" style=\"width: 246px; height: 185px;\" \/> <\/a> <\/div> <\/div> <!-- close group --> <div class=\"gallery-group images-1\" style=\"width: 250px; height: 189px;\" data-original-width=\"250\" data-original-height=\"189\" > <div class=\"tiled-gallery-item tiled-gallery-item-small\" itemprop=\"associatedMedia\" itemscope itemtype=\"http:\/\/schema.org\/ImageObject\"> <a href=\"http:\/\/www.tvturk.com\/index.php\/edremit-chpden-15-meclis-uyesi-aday-adayligini-geri-cekti\/edremit-chpden-15-meclis-uyesi-aday-adayligini-geri-cekti-7\/\" border=\"0\" itemprop=\"url\"> <meta itemprop=\"width\" content=\"246\"> <meta itemprop=\"height\" content=\"185\"> <img decoding=\"async\" class=\"\" data-attachment-id=\"26197\" data-orig-file=\"http:\/\/www.tvturk.com\/wp-content\/uploads\/2019\/02\/edremit-chpden-15-meclis-uyesi-aday-adayligini-geri-cekti_b6fb5fb.jpg\" data-orig-size=\"1000,750\" data-comments-opened=\"\" data-image-meta=\"{&quot;aperture&quot;:&quot;0&quot;,&quot;credit&quot;:&quot;IHA&quot;,&quot;camera&quot;:&quot;&quot;,&quot;caption&quot;:&quot;BALIKES\\u0130R\\u2019\\u0130N EDREM\\u0130T \\u0130L\\u00c7ES\\u0130NDE CHP\\u2019DEN EDREM\\u0130T BELED\\u0130YE MECL\\u0130S \\u00dcYES\\u0130 ADAY ADAYI OLAN ARALARINDA MEVCUT MECL\\u0130S \\u00dcYELER\\u0130 MEHMET ERTA\\u015e, FATMA \\u00d6ZG\\u0130RG\\u0130N, CO\\u015eKUN TA\\u015eKIN, M\\u00dcBERRA UYAR KARACA VE \\u015eENG\\u00dcL S\\u00d6NMEZ\\u2019\\u0130N DE BULUNDU\\u011eU 15 K\\u0130\\u015e\\u0130 NOTER KANALI \\u0130LE ADAYLIKLARINI GER\\u0130 \\u00c7EKT\\u0130. (EMRAH ELMAS\\\/BALIKES\\u0130R-\\u0130HA)&quot;,&quot;created_timestamp&quot;:&quot;0&quot;,&quot;copyright&quot;:&quot;\\u0130HLAS HABER AJANSI, www.iha.com.tr&quot;,&quot;focal_length&quot;:&quot;0&quot;,&quot;iso&quot;:&quot;0&quot;,&quot;shutter_speed&quot;:&quot;0&quot;,&quot;title&quot;:&quot;EDREM\\u0130T CHP\\u2019DE 15 MECL\\u0130S \\u00dcYES\\u0130 ADAY ADAYI ADAYLI\\u011eINI GER\\u0130 \\u00c7EKT\\u0130&quot;,&quot;orientation&quot;:&quot;0&quot;}\" data-image-title=\"Edremit CHP\u2019den 15 meclis \u00fcyesi aday adayl\u0131\u011f\u0131n\u0131 geri \u00e7ekti\" data-image-description=\"&lt;p&gt;Edremit CHP\u2019den 15 meclis \u00fcyesi aday adayl\u0131\u011f\u0131n\u0131 geri \u00e7ekti&lt;\/p&gt; \" data-medium-file=\"https:\/\/i0.wp.com\/www.tvturk.com\/wp-content\/uploads\/2019\/02\/edremit-chpden-15-meclis-uyesi-aday-adayligini-geri-cekti_b6fb5fb.jpg?fit=300%2C225\" data-large-file=\"https:\/\/i0.wp.com\/www.tvturk.com\/wp-content\/uploads\/2019\/02\/edremit-chpden-15-meclis-uyesi-aday-adayligini-geri-cekti_b6fb5fb.jpg?fit=1000%2C750\" src=\"https:\/\/i0.wp.com\/www.tvturk.com\/wp-content\/uploads\/2019\/02\/edremit-chpden-15-meclis-uyesi-aday-adayligini-geri-cekti_b6fb5fb.jpg?w=246&#038;h=185\" srcset=\"https:\/\/i0.wp.com\/www.tvturk.com\/wp-content\/uploads\/2019\/02\/edremit-chpden-15-meclis-uyesi-aday-adayligini-geri-cekti_b6fb5fb.jpg?w=1000 1000w, https:\/\/i0.wp.com\/www.tvturk.com\/wp-content\/uploads\/2019\/02\/edremit-chpden-15-meclis-uyesi-aday-adayligini-geri-cekti_b6fb5fb.jpg?resize=150%2C113 150w, https:\/\/i0.wp.com\/www.tvturk.com\/wp-content\/uploads\/2019\/02\/edremit-chpden-15-meclis-uyesi-aday-adayligini-geri-cekti_b6fb5fb.jpg?resize=300%2C225 300w, https:\/\/i0.wp.com\/www.tvturk.com\/wp-content\/uploads\/2019\/02\/edremit-chpden-15-meclis-uyesi-aday-adayligini-geri-cekti_b6fb5fb.jpg?resize=768%2C576 768w\" width=\"246\" height=\"185\" loading=\"lazy\" data-original-width=\"246\" data-original-height=\"185\" itemprop=\"http:\/\/schema.org\/image\" title=\"Edremit CHP\u2019den 15 meclis \u00fcyesi aday adayl\u0131\u011f\u0131n\u0131 geri \u00e7ekti\" alt=\"Edremit CHP\u2019den 15 meclis \u00fcyesi aday adayl\u0131\u011f\u0131n\u0131 geri \u00e7ekti\" style=\"width: 246px; height: 185px;\" \/> <\/a> <\/div> <\/div> <!-- close group --> <\/div> <!-- close row --> <\/div><\/p>\n","protected":false},"excerpt":{"rendered":"<p>BALIKES\u0130R\u2019\u0130N EDREM\u0130T \u0130L\u00c7ES\u0130NDE CHP\u2019DEN EDREM\u0130T BELED\u0130YE MECL\u0130S \u00dcYES\u0130 ADAY ADAYI OLAN ARALARINDA MEVCUT MECL\u0130S \u00dcYELER\u0130 MEHMET ERTA\u015e, FATMA \u00d6ZG\u0130RG\u0130N, CO\u015eKUN TA\u015eKIN, M\u00dcBERRA UYAR KARACA VE \u015eENG\u00dcL S\u00d6NMEZ\u2019\u0130N DE BULUNDU\u011eU 15 K\u0130\u015e\u0130 NOTER KANALI \u0130LE ADAYLIKLARINI GER\u0130 \u00c7EKT\u0130.<\/p>\n","protected":false},"author":1,"featured_media":26192,"comment_status":"closed","ping_status":"open","sticky":false,"template":"","format":"standard","meta":{"jetpack_post_was_ever_published":false,"_jetpack_newsletter_access":"","_jetpack_dont_email_post_to_subs":false,"_jetpack_newsletter_tier_id":0,"_jetpack_memberships_contains_paywalled_content":false,"_jetpack_memberships_contains_paid_content":false,"footnotes":"","jetpack_publicize_message":"","jetpack_publicize_feature_enabled":true,"jetpack_social_post_already_shared":false,"jetpack_social_options":{"image_generator_settings":{"template":"highway","default_image_id":0,"font":"","enabled":false},"version":2}},"categories":[9],"tags":[541,3698,593,1671,7789,592,1909,1941],"class_list":["post-26191","post","type-post","status-publish","format-standard","has-post-thumbnail","hentry","category-siyaset","tag-aday","tag-adayligini","tag-cekti","tag-chpden","tag-edremit","tag-geri","tag-meclis","tag-uyesi"],"jetpack_publicize_connections":[],"jetpack_featured_media_url":"https:\/\/i0.wp.com\/www.tvturk.com\/wp-content\/uploads\/2019\/02\/edremit-chpden-15-meclis-uyesi-aday-adayligini-geri-cekti_d5353c5.jpg?fit=1000%2C750","jetpack_sharing_enabled":true,"jetpack_shortlink":"https:\/\/wp.me\/paKIfm-6Or","_links":{"self":[{"href":"http:\/\/www.tvturk.com\/index.php\/wp-json\/wp\/v2\/posts\/26191","targetHints":{"allow":["GET"]}}],"collection":[{"href":"http:\/\/www.tvturk.com\/index.php\/wp-json\/wp\/v2\/posts"}],"about":[{"href":"http:\/\/www.tvturk.com\/index.php\/wp-json\/wp\/v2\/types\/post"}],"author":[{"embeddable":true,"href":"http:\/\/www.tvturk.com\/index.php\/wp-json\/wp\/v2\/users\/1"}],"replies":[{"embeddable":true,"href":"http:\/\/www.tvturk.com\/index.php\/wp-json\/wp\/v2\/comments?post=26191"}],"version-history":[{"count":1,"href":"http:\/\/www.tvturk.com\/index.php\/wp-json\/wp\/v2\/posts\/26191\/revisions"}],"predecessor-version":[{"id":26198,"href":"http:\/\/www.tvturk.com\/index.php\/wp-json\/wp\/v2\/posts\/26191\/revisions\/26198"}],"wp:featuredmedia":[{"embeddable":true,"href":"http:\/\/www.tvturk.com\/index.php\/wp-json\/wp\/v2\/media\/26192"}],"wp:attachment":[{"href":"http:\/\/www.tvturk.com\/index.php\/wp-json\/wp\/v2\/media?parent=26191"}],"wp:term":[{"taxonomy":"category","embeddable":true,"href":"http:\/\/www.tvturk.com\/index.php\/wp-json\/wp\/v2\/categories?post=26191"},{"taxonomy":"post_tag","embeddable":true,"href":"http:\/\/www.tvturk.com\/index.php\/wp-json\/wp\/v2\/tags?post=26191"}],"curies":[{"name":"wp","href":"https:\/\/api.w.org\/{rel}","templated":true}]}}