{"id":26210,"date":"2019-02-12T16:35:57","date_gmt":"2019-02-12T13:35:57","guid":{"rendered":"http:\/\/www.tvturk.com\/index.php\/abd-adana-konsolosu-baezden-van-tsoya-ziyaret\/"},"modified":"2019-02-12T16:35:59","modified_gmt":"2019-02-12T13:35:59","slug":"abd-adana-konsolosu-baezden-van-tsoya-ziyaret","status":"publish","type":"post","link":"http:\/\/www.tvturk.com\/index.php\/abd-adana-konsolosu-baezden-van-tsoya-ziyaret\/","title":{"rendered":"ABD Adana Konsolosu Baez\u2019den Van TSO\u2019ya ziyaret"},"content":{"rendered":"<p>Amerika Birle\u015fik Devletleri (ABD) Adana Ba\u015fkonsolosu Alejandro Baez, Van Ticaret ve Sanayi Odas\u0131n\u0131 ziyaret etti.<\/p>\n<p>Van Ticaret ve Sanayi Odas\u0131 Y\u00f6netim Kurulu Ba\u015fkan Vekili Faruk Biner ve y\u00f6netim kurulu \u00fcyeleri Metin Abi, \u015eefik Eren, Diyaeddin Alt\u0131ndal ve Eren G\u00f6rsel G\u00f6rmen taraf\u0131ndan kar\u015f\u0131lanan ABD Adana Konsolosu Alejandro Baez ve beraberindekiler, Van ekonomisi \u00fczerine g\u00f6r\u00fc\u015f al\u0131\u015fveri\u015finde bulundu. ABD Adana Konsolosu Alejandro Baez, 5 ay \u00f6nce T\u00fcrkiye\u2019ye geldi\u011fini belirterek \u201cG\u00f6rev alan\u0131mda 22 il bulunmaktad\u0131r. Van da bu illerden biridir. Buradaki meslek odalar\u0131, sivil toplum \u00f6rg\u00fctleri ve kamu idaresi ile g\u00f6r\u00fc\u015fmeler yapmak \u00fczere geldim. Van, T\u00fcrkiye\u2019nin en do\u011fusunda ve \u0130ran ile s\u0131n\u0131r\u0131 olan bir kent. Bu neden \u00e7ok \u00f6nemli bir potansiyele sahiptir. Bu kent ile ilgili daha geni\u015f bilgi edinmek \u00fczere bu ziyaretimizi ger\u00e7ekle\u015ftiriyorum\u201d ifadesini kulland\u0131.<\/p>\n<p>Van Ticaret ve Sanayi Odas\u0131 Y\u00f6netim Kurulu Ba\u015fkan Vekili Faruk Biner ise, Van\u2019\u0131n kadim bir tarihi ge\u00e7mi\u015fe sahip oldu\u011funu belirterek, \u201cB\u00f6lgesinde lider ve \u00e7ekim merkezi olan bir ildir. Ancak sahip oldu\u011fu bu potansiyelleri maalesef ekonomik performans\u0131na yans\u0131m\u0131\u015f de\u011fil. Van ekonomisi son y\u0131llarda \u0130ranl\u0131 turistlerin ticaretine odaklanm\u0131\u015ft\u0131r. Ancak al\u0131nan ambargo kararlar\u0131 en \u00e7ok Van ekonomisine zarar veriyor. Dolay\u0131s\u0131 ile ambargo karar\u0131 alanlar\u0131n bu duruma g\u00f6z ard\u0131 etmemesini istiyoruz. Nihayetinde kom\u015fumuz bir \u00fclkeden bahsediyoruz. \u0130ran bizim i\u00e7in \u00f6nemli bir ticari partnerdir\u201d \u015feklinde konu\u015ftu.<\/p>\n<p>Van\u2019\u0131n, T\u00fcrkiye\u2019nin en gen\u00e7 n\u00fcfusuna sahip illerinden biri oldu\u011funu belirten Faruk Biner, \u201c\u00d6zellikle istihdam olu\u015fturacak yat\u0131r\u0131mc\u0131lar\u0131 ilimize bekliyoruz. Amerikal\u0131 i\u015f adamlar\u0131 i\u00e7in b\u00f6lgemiz \u00e7ok cazip imkanlar sunuyor. \u0130\u015f g\u00fcc\u00fc, pazar sorunu ve devletimizin sa\u011flad\u0131\u011f\u0131 imkanlar, yat\u0131r\u0131mc\u0131lar i\u00e7in \u00f6nemli f\u0131rsatlar sunuyor\u201d dedi.<\/p>\n<p>Van TSO Y\u00f6netim Kurulu, ABD Adana Konsolosu Alejandro Baez ve beraberinde gelenlere Van ziyareti an\u0131s\u0131na Van G\u00fczel Kitab\u0131\u2019n\u0131n yan\u0131 s\u0131ra plaket takdim etti.<div class=\"tiled-gallery type-rectangular tiled-gallery-unresized\" data-original-width=\"500\" data-carousel-extra='null' itemscope itemtype=\"http:\/\/schema.org\/ImageGallery\" > <div class=\"gallery-row\" style=\"width: 500px; height: 168px;\" data-original-width=\"500\" data-original-height=\"168\" > <div class=\"gallery-group images-1\" style=\"width: 250px; height: 168px;\" data-original-width=\"250\" data-original-height=\"168\" > <div class=\"tiled-gallery-item tiled-gallery-item-small\" itemprop=\"associatedMedia\" itemscope itemtype=\"http:\/\/schema.org\/ImageObject\"> <a href=\"http:\/\/www.tvturk.com\/index.php\/abd-adana-konsolosu-baezden-van-tsoya-ziyaret\/abd-adana-konsolosu-baezden-van-tsoya-ziyaret-3\/\" border=\"0\" itemprop=\"url\"> <meta itemprop=\"width\" content=\"246\"> <meta itemprop=\"height\" content=\"164\"> <img decoding=\"async\" class=\"\" data-attachment-id=\"26212\" data-orig-file=\"http:\/\/www.tvturk.com\/wp-content\/uploads\/2019\/02\/abd-adana-konsolosu-baezden-van-tsoya-ziyaret_08522c3.jpg\" data-orig-size=\"1000,667\" data-comments-opened=\"\" data-image-meta=\"{&quot;aperture&quot;:&quot;0&quot;,&quot;credit&quot;:&quot;IHA&quot;,&quot;camera&quot;:&quot;&quot;,&quot;caption&quot;:&quot;AMER\\u0130KA B\\u0130RLE\\u015e\\u0130K DEVLETLER\\u0130 (ABD) ADANA BA\\u015eKONSOLOSU ALEJANDRO BAEZ, VAN T\\u0130CARET VE SANAY\\u0130 ODASINI Z\\u0130YARET ETT\\u0130. (MEHMET SAL\\u0130H AKKU\\u015e\\\/VAN-\\u0130HA)&quot;,&quot;created_timestamp&quot;:&quot;0&quot;,&quot;copyright&quot;:&quot;\\u0130HLAS HABER AJANSI, www.iha.com.tr&quot;,&quot;focal_length&quot;:&quot;0&quot;,&quot;iso&quot;:&quot;0&quot;,&quot;shutter_speed&quot;:&quot;0&quot;,&quot;title&quot;:&quot;ABD ADANA KONSOLOSU BAEZ\\u2019DEN VAN TSO\\u2019YA Z\\u0130YARET&quot;,&quot;orientation&quot;:&quot;0&quot;}\" data-image-title=\"ABD Adana Konsolosu Baez\u2019den Van TSO\u2019ya ziyaret\" data-image-description=\"&lt;p&gt;ABD Adana Konsolosu Baez\u2019den Van TSO\u2019ya ziyaret&lt;\/p&gt; \" data-medium-file=\"https:\/\/i0.wp.com\/www.tvturk.com\/wp-content\/uploads\/2019\/02\/abd-adana-konsolosu-baezden-van-tsoya-ziyaret_08522c3.jpg?fit=300%2C200\" data-large-file=\"https:\/\/i0.wp.com\/www.tvturk.com\/wp-content\/uploads\/2019\/02\/abd-adana-konsolosu-baezden-van-tsoya-ziyaret_08522c3.jpg?fit=1000%2C667\" src=\"https:\/\/i0.wp.com\/www.tvturk.com\/wp-content\/uploads\/2019\/02\/abd-adana-konsolosu-baezden-van-tsoya-ziyaret_08522c3.jpg?w=246&#038;h=164\" srcset=\"https:\/\/i0.wp.com\/www.tvturk.com\/wp-content\/uploads\/2019\/02\/abd-adana-konsolosu-baezden-van-tsoya-ziyaret_08522c3.jpg?w=1000 1000w, https:\/\/i0.wp.com\/www.tvturk.com\/wp-content\/uploads\/2019\/02\/abd-adana-konsolosu-baezden-van-tsoya-ziyaret_08522c3.jpg?resize=150%2C100 150w, https:\/\/i0.wp.com\/www.tvturk.com\/wp-content\/uploads\/2019\/02\/abd-adana-konsolosu-baezden-van-tsoya-ziyaret_08522c3.jpg?resize=300%2C200 300w, https:\/\/i0.wp.com\/www.tvturk.com\/wp-content\/uploads\/2019\/02\/abd-adana-konsolosu-baezden-van-tsoya-ziyaret_08522c3.jpg?resize=768%2C512 768w, https:\/\/i0.wp.com\/www.tvturk.com\/wp-content\/uploads\/2019\/02\/abd-adana-konsolosu-baezden-van-tsoya-ziyaret_08522c3.jpg?resize=170%2C113 170w, https:\/\/i0.wp.com\/www.tvturk.com\/wp-content\/uploads\/2019\/02\/abd-adana-konsolosu-baezden-van-tsoya-ziyaret_08522c3.jpg?resize=120%2C80 120w\" width=\"246\" height=\"164\" loading=\"lazy\" data-original-width=\"246\" data-original-height=\"164\" itemprop=\"http:\/\/schema.org\/image\" title=\"ABD Adana Konsolosu Baez\u2019den Van TSO\u2019ya ziyaret\" alt=\"ABD Adana Konsolosu Baez\u2019den Van TSO\u2019ya ziyaret\" style=\"width: 246px; height: 164px;\" \/> <\/a> <\/div> <\/div> <!-- close group --> <div class=\"gallery-group images-1\" style=\"width: 250px; height: 168px;\" data-original-width=\"250\" data-original-height=\"168\" > <div class=\"tiled-gallery-item tiled-gallery-item-small\" itemprop=\"associatedMedia\" itemscope itemtype=\"http:\/\/schema.org\/ImageObject\"> <a href=\"http:\/\/www.tvturk.com\/index.php\/abd-adana-konsolosu-baezden-van-tsoya-ziyaret\/abd-adana-konsolosu-baezden-van-tsoya-ziyaret-4\/\" border=\"0\" itemprop=\"url\"> <meta itemprop=\"width\" content=\"246\"> <meta itemprop=\"height\" content=\"164\"> <img decoding=\"async\" class=\"\" data-attachment-id=\"26213\" data-orig-file=\"http:\/\/www.tvturk.com\/wp-content\/uploads\/2019\/02\/abd-adana-konsolosu-baezden-van-tsoya-ziyaret_450b76f.jpg\" data-orig-size=\"1000,667\" data-comments-opened=\"\" data-image-meta=\"{&quot;aperture&quot;:&quot;0&quot;,&quot;credit&quot;:&quot;IHA&quot;,&quot;camera&quot;:&quot;&quot;,&quot;caption&quot;:&quot;AMER\\u0130KA B\\u0130RLE\\u015e\\u0130K DEVLETLER\\u0130 (ABD) ADANA BA\\u015eKONSOLOSU ALEJANDRO BAEZ, VAN T\\u0130CARET VE SANAY\\u0130 ODASINI Z\\u0130YARET ETT\\u0130. (MEHMET SAL\\u0130H AKKU\\u015e\\\/VAN-\\u0130HA)&quot;,&quot;created_timestamp&quot;:&quot;0&quot;,&quot;copyright&quot;:&quot;\\u0130HLAS HABER AJANSI, www.iha.com.tr&quot;,&quot;focal_length&quot;:&quot;0&quot;,&quot;iso&quot;:&quot;0&quot;,&quot;shutter_speed&quot;:&quot;0&quot;,&quot;title&quot;:&quot;ABD ADANA KONSOLOSU BAEZ\\u2019DEN VAN TSO\\u2019YA Z\\u0130YARET&quot;,&quot;orientation&quot;:&quot;0&quot;}\" data-image-title=\"ABD Adana Konsolosu Baez\u2019den Van TSO\u2019ya ziyaret\" data-image-description=\"&lt;p&gt;ABD Adana Konsolosu Baez\u2019den Van TSO\u2019ya ziyaret&lt;\/p&gt; \" data-medium-file=\"https:\/\/i0.wp.com\/www.tvturk.com\/wp-content\/uploads\/2019\/02\/abd-adana-konsolosu-baezden-van-tsoya-ziyaret_450b76f.jpg?fit=300%2C200\" data-large-file=\"https:\/\/i0.wp.com\/www.tvturk.com\/wp-content\/uploads\/2019\/02\/abd-adana-konsolosu-baezden-van-tsoya-ziyaret_450b76f.jpg?fit=1000%2C667\" src=\"https:\/\/i0.wp.com\/www.tvturk.com\/wp-content\/uploads\/2019\/02\/abd-adana-konsolosu-baezden-van-tsoya-ziyaret_450b76f.jpg?w=246&#038;h=164\" srcset=\"https:\/\/i0.wp.com\/www.tvturk.com\/wp-content\/uploads\/2019\/02\/abd-adana-konsolosu-baezden-van-tsoya-ziyaret_450b76f.jpg?w=1000 1000w, https:\/\/i0.wp.com\/www.tvturk.com\/wp-content\/uploads\/2019\/02\/abd-adana-konsolosu-baezden-van-tsoya-ziyaret_450b76f.jpg?resize=150%2C100 150w, https:\/\/i0.wp.com\/www.tvturk.com\/wp-content\/uploads\/2019\/02\/abd-adana-konsolosu-baezden-van-tsoya-ziyaret_450b76f.jpg?resize=300%2C200 300w, https:\/\/i0.wp.com\/www.tvturk.com\/wp-content\/uploads\/2019\/02\/abd-adana-konsolosu-baezden-van-tsoya-ziyaret_450b76f.jpg?resize=768%2C512 768w, https:\/\/i0.wp.com\/www.tvturk.com\/wp-content\/uploads\/2019\/02\/abd-adana-konsolosu-baezden-van-tsoya-ziyaret_450b76f.jpg?resize=170%2C113 170w, https:\/\/i0.wp.com\/www.tvturk.com\/wp-content\/uploads\/2019\/02\/abd-adana-konsolosu-baezden-van-tsoya-ziyaret_450b76f.jpg?resize=120%2C80 120w\" width=\"246\" height=\"164\" loading=\"lazy\" data-original-width=\"246\" data-original-height=\"164\" itemprop=\"http:\/\/schema.org\/image\" title=\"ABD Adana Konsolosu Baez\u2019den Van TSO\u2019ya ziyaret\" alt=\"ABD Adana Konsolosu Baez\u2019den Van TSO\u2019ya ziyaret\" style=\"width: 246px; height: 164px;\" \/> <\/a> <\/div> <\/div> <!-- close group --> <\/div> <!-- close row --> <\/div><\/p>\n","protected":false},"excerpt":{"rendered":"<p>AMER\u0130KA B\u0130RLE\u015e\u0130K DEVLETLER\u0130 (ABD) ADANA BA\u015eKONSOLOSU ALEJANDRO BAEZ, VAN T\u0130CARET VE SANAY\u0130 ODASINI Z\u0130YARET ETT\u0130.<\/p>\n","protected":false},"author":1,"featured_media":26211,"comment_status":"closed","ping_status":"open","sticky":false,"template":"","format":"standard","meta":{"jetpack_post_was_ever_published":false,"_jetpack_newsletter_access":"","_jetpack_dont_email_post_to_subs":false,"_jetpack_newsletter_tier_id":0,"_jetpack_memberships_contains_paywalled_content":false,"_jetpack_memberships_contains_paid_content":false,"footnotes":"","jetpack_publicize_message":"","jetpack_publicize_feature_enabled":true,"jetpack_social_post_already_shared":false,"jetpack_social_options":{"image_generator_settings":{"template":"highway","default_image_id":0,"font":"","enabled":false},"version":2}},"categories":[655],"tags":[1936,2080,10830,10829,10831,1442,150],"class_list":["post-26210","post","type-post","status-publish","format-standard","has-post-thumbnail","hentry","category-son-dakika","tag-abd","tag-adana","tag-baezden","tag-konsolosu","tag-tsoya","tag-van","tag-ziyaret"],"jetpack_publicize_connections":[],"jetpack_featured_media_url":"https:\/\/i0.wp.com\/www.tvturk.com\/wp-content\/uploads\/2019\/02\/abd-adana-konsolosu-baezden-van-tsoya-ziyaret_dce2f3a.jpg?fit=1000%2C667","jetpack_sharing_enabled":true,"jetpack_shortlink":"https:\/\/wp.me\/paKIfm-6OK","_links":{"self":[{"href":"http:\/\/www.tvturk.com\/index.php\/wp-json\/wp\/v2\/posts\/26210","targetHints":{"allow":["GET"]}}],"collection":[{"href":"http:\/\/www.tvturk.com\/index.php\/wp-json\/wp\/v2\/posts"}],"about":[{"href":"http:\/\/www.tvturk.com\/index.php\/wp-json\/wp\/v2\/types\/post"}],"author":[{"embeddable":true,"href":"http:\/\/www.tvturk.com\/index.php\/wp-json\/wp\/v2\/users\/1"}],"replies":[{"embeddable":true,"href":"http:\/\/www.tvturk.com\/index.php\/wp-json\/wp\/v2\/comments?post=26210"}],"version-history":[{"count":1,"href":"http:\/\/www.tvturk.com\/index.php\/wp-json\/wp\/v2\/posts\/26210\/revisions"}],"predecessor-version":[{"id":26214,"href":"http:\/\/www.tvturk.com\/index.php\/wp-json\/wp\/v2\/posts\/26210\/revisions\/26214"}],"wp:featuredmedia":[{"embeddable":true,"href":"http:\/\/www.tvturk.com\/index.php\/wp-json\/wp\/v2\/media\/26211"}],"wp:attachment":[{"href":"http:\/\/www.tvturk.com\/index.php\/wp-json\/wp\/v2\/media?parent=26210"}],"wp:term":[{"taxonomy":"category","embeddable":true,"href":"http:\/\/www.tvturk.com\/index.php\/wp-json\/wp\/v2\/categories?post=26210"},{"taxonomy":"post_tag","embeddable":true,"href":"http:\/\/www.tvturk.com\/index.php\/wp-json\/wp\/v2\/tags?post=26210"}],"curies":[{"name":"wp","href":"https:\/\/api.w.org\/{rel}","templated":true}]}}