{"id":263150,"date":"2020-05-10T00:52:29","date_gmt":"2020-05-09T21:52:29","guid":{"rendered":"http:\/\/www.tvturk.com\/?p=263150"},"modified":"2020-05-10T00:53:57","modified_gmt":"2020-05-09T21:53:57","slug":"netanyahu-israil-ve-muslumanlar","status":"publish","type":"post","link":"http:\/\/www.tvturk.com\/index.php\/netanyahu-israil-ve-muslumanlar\/","title":{"rendered":"NETANYAHU-\u0130SRA\u0130L VE M\u00dcSL\u00dcMANLAR!"},"content":{"rendered":"\n<p>Bir y\u0131l i\u00e7inde tam \u00fc\u00e7 se\u00e7ime gidildi. Ancak bir t\u00fcrl\u00fc\nh\u00fck\u00fcmet kurulamad\u0131. Bu s\u00fcre i\u00e7inde yine \u00fclkeyi &#8216;O&#8217; y\u00f6netti.<\/p>\n\n\n\n<p>\u00dcstelik hakk\u0131nda r\u00fc\u015fvet, doland\u0131r\u0131c\u0131l\u0131k ve yolsuzluk\ndavalar\u0131 varken. H\u00e2tta, Corona vir\u00fcs g\u00fcnlerinde aleyhine yap\u0131lan protestolara\nra\u011fmen&#8230;<\/p>\n\n\n\n<p>En sonunda eski hasm\u0131 ile koalisyon h\u00fck\u00fcmeti kurmas\u0131na,\nparlamento onay verdi.<\/p>\n\n\n\n<p>Evet,&nbsp; Ortado\u011fu\u2019nun\nGAYR\u0130 ME\u015eRU \u00c7OCU\u011eU \u0130srail ve ba\u015fbakanl\u0131kta rekora ko\u015fan Binyamin Netanyahu&#8217;dan\ns\u00f6z ediyorum&#8230;<\/p>\n\n\n\n<p>Netanyahu, 11 y\u0131l\u0131 kesintisiz, toplam 14 y\u0131l ba\u015fbakanl\u0131k\nyapt\u0131 \u0130srail&#8217;de. \u00dclke i\u00e7inde sevenleri oldu\u011fu kadar nefret edenleri de \u00e7oktu. A\u015f\u0131r\u0131\nsa\u011f g\u00f6r\u00fc\u015flerinden hi\u00e7 taviz vermedi. \u0130\u00e7 politikada birbirlerine \u015feytani\nkomplolar kurdu sa\u011f\u0131, solu, a\u015f\u0131r\u0131 dincisi.<\/p>\n\n\n\n<p>Netanyahu&#8217;yu&nbsp; en \u00e7ok\ny\u0131pratan ise kar\u0131\u015ft\u0131\u011f\u0131 r\u00fc\u015fvet, doland\u0131r\u0131c\u0131l\u0131k ve yolsuzluklar olmu\u015ftu. Asl\u0131nda\nkoltu\u011fu bir bu\u00e7uk y\u0131ld\u0131r sallant\u0131dayd\u0131 Netanyahu&#8217;nun. Destek bulmak i\u00e7in, \u00fc\u00e7\nse\u00e7imde de Donald Trump ve Vladimir Putin\u2019i kulland\u0131.<\/p>\n\n\n\n<p>Onlarla s\u0131k s\u0131k poz verdi.<\/p>\n\n\n\n<p>Ba\u015fbakan iken hakim kar\u015f\u0131s\u0131na \u00e7\u0131kmay\u0131 kabul etti. Bundan\nbile rant sa\u011flamaya cal\u0131\u015ft\u0131. Trump&#8217;a S\u00d6ZDE&nbsp;\n&#8220;Y\u00fczy\u0131l\u0131n Anla\u015fmas\u0131&#8221;n\u0131 kabul ettirdi. 29 Ocak&#8217;ta birlikte\na\u00e7\u0131klad\u0131klar\u0131 i\u015fgal plan\u0131, Netanyahu&#8217;nun en b\u00fcy\u00fck kurtar\u0131c\u0131s\u0131 oldu.<\/p>\n\n\n\n<p>Muhalefet de bo\u015f durmad\u0131.<\/p>\n\n\n\n<p>Netanyahu&#8217;suz \u0130srail i\u00e7in,&nbsp;\nArap milletvekilleri blo\u011fuyla bile anla\u015fmaya raz\u0131 oldu rakipleri. Ancak\n\u015feytani oyunlarda, Corona Vir\u00fcs&#8217;\u00fcn de yard\u0131m\u0131yla kazanan yine, Netanyahu oldu.<\/p>\n\n\n\n<p>Eski Genelkurmay Ba\u015fkan\u0131 Benny Gantz ile&nbsp; Acil Birlik h\u00fck\u00fcmeti konusunda anla\u015ft\u0131. Anla\u015fmay\u0131,\n\u0130srail Parlamentosu da onayland\u0131.<\/p>\n\n\n\n<p>Cumhurba\u015fkan\u0131 Reulen Rivlin, Netanyahu&#8217;yu, h\u00fck\u00fcmeti kurmakla\nresmen g\u00f6revlendirdi. Netanyahu,&nbsp;&nbsp; 13\nMay\u0131s&#8217;ta ba\u015fbakanl\u0131k koltu\u011funa yeniden oturacak. 18 ay sonra ba\u015fbakanl\u0131k,&nbsp; Gantz&#8217;e ge\u00e7ecek. <\/p>\n\n\n\n<p>ABD ise, bu koalisyonun kurulmas\u0131n\u0131, bir ka\u00e7 g\u00fcn \u00f6nceden yapt\u0131\u011f\u0131\na\u00e7\u0131klamayla adeta kutsad\u0131. ABD&#8217;nin \u0130srail B\u00fcy\u00fckel\u00e7isi; &#8220;i\u015fgal alt\u0131ndaki\nBat\u0131 \u015eeria&#8217;da yer alan yasa d\u0131\u015f\u0131 Yahudi yerle\u015fim birimleri ve \u00dcrd\u00fcn Vadisi&#8217;ni, &nbsp;\u0130srail&#8217;in &#8216;ilhak&#8217; etmesini bekliyoruz ve bu\nkarar\u0131 tan\u0131maya haz\u0131r\u0131z.&#8221; dedi.<\/p>\n\n\n\n<p>\u00c7ok&nbsp; \u00e7arp\u0131c\u0131 de\u011fil mi?\n<\/p>\n\n\n\n<p>Tek tarafl\u0131 &#8216;S\u00d6ZDE&#8217; y\u00fczy\u0131l\u0131n anla\u015fmas\u0131, \u0130srail&#8217;e hediye\nedildi. \u0130\u00e7eride birbirini yiyen siyaset\u00e7iler, &nbsp;israil&#8217;in S\u0130YON\u0130ST EMELLER\u0130 i\u00e7in hemen birlik\noldu. \u015eimdi \u0130srail, Filistin topraklar\u0131&#8217;n\u0131 ilhak edecek.<\/p>\n\n\n\n<p>\u00dc\u00e7 semavi din taraf\u0131ndan KUTSAL kabul edilen Filistin\ntopraklar\u0131,&nbsp; zorla \u0130srail&#8217;e verilecek.<\/p>\n\n\n\n<p>Bu anla\u015fmaya b\u0131rak\u0131n kar\u015f\u0131 \u00e7\u0131kmay\u0131, destek olan \u00e7o\u011fu Arap\n\u00fclkeleri de&nbsp; &#8216;Y\u00dcZYILIN \u0130HANET\u0130NE&#8217; ortak\nolacak. <\/p>\n\n\n\n<p>Birle\u015fmi\u015f Milletler kararlar\u0131 ve uluslararas\u0131 hukuka ayk\u0131r\u0131 olan bu karara tepki g\u00f6stermek de, yine T\u00dcRK\u0130YE&#8217;YE D\u00dc\u015eECEK&#8230;<\/p>\n\n\n\n<p>Y\u00fcksel De\u011fercan<\/p>\n","protected":false},"excerpt":{"rendered":"<p>Bir y\u0131l i\u00e7inde tam \u00fc\u00e7 se\u00e7ime gidildi. Ancak bir t\u00fcrl\u00fc h\u00fck\u00fcmet kurulamad\u0131. Bu s\u00fcre i\u00e7inde yine \u00fclkeyi &#8216;O&#8217; y\u00f6netti. \u00dcstelik hakk\u0131nda r\u00fc\u015fvet, doland\u0131r\u0131c\u0131l\u0131k ve yolsuzluk davalar\u0131 varken. H\u00e2tta, Corona vir\u00fcs g\u00fcnlerinde aleyhine yap\u0131lan protestolara ra\u011fmen&#8230; En sonunda eski hasm\u0131 ile koalisyon h\u00fck\u00fcmeti kurmas\u0131na, parlamento onay verdi. Evet,&nbsp; Ortado\u011fu\u2019nun GAYR\u0130 ME\u015eRU \u00c7OCU\u011eU \u0130srail ve ba\u015fbakanl\u0131kta rekora [&hellip;]<\/p>\n","protected":false},"author":19,"featured_media":263151,"comment_status":"closed","ping_status":"open","sticky":false,"template":"","format":"standard","meta":{"jetpack_post_was_ever_published":false,"_jetpack_newsletter_access":"","_jetpack_dont_email_post_to_subs":false,"_jetpack_newsletter_tier_id":0,"_jetpack_memberships_contains_paywalled_content":false,"_jetpack_memberships_contains_paid_content":false,"footnotes":"","jetpack_publicize_message":"","jetpack_publicize_feature_enabled":true,"jetpack_social_post_already_shared":true,"jetpack_social_options":{"image_generator_settings":{"template":"highway","default_image_id":0,"font":"","enabled":false},"version":2}},"categories":[646,655],"tags":[8494,4169,402,453],"class_list":["post-263150","post","type-post","status-publish","format-standard","has-post-thumbnail","hentry","category-kose-yazilari","category-son-dakika","tag-israil","tag-netanyahu","tag-secim","tag-turkiye"],"jetpack_publicize_connections":[],"jetpack_featured_media_url":"https:\/\/i0.wp.com\/www.tvturk.com\/wp-content\/uploads\/2020\/05\/netanyahu.jpg?fit=286%2C176","jetpack_sharing_enabled":true,"jetpack_shortlink":"https:\/\/wp.me\/paKIfm-16sm","_links":{"self":[{"href":"http:\/\/www.tvturk.com\/index.php\/wp-json\/wp\/v2\/posts\/263150","targetHints":{"allow":["GET"]}}],"collection":[{"href":"http:\/\/www.tvturk.com\/index.php\/wp-json\/wp\/v2\/posts"}],"about":[{"href":"http:\/\/www.tvturk.com\/index.php\/wp-json\/wp\/v2\/types\/post"}],"author":[{"embeddable":true,"href":"http:\/\/www.tvturk.com\/index.php\/wp-json\/wp\/v2\/users\/19"}],"replies":[{"embeddable":true,"href":"http:\/\/www.tvturk.com\/index.php\/wp-json\/wp\/v2\/comments?post=263150"}],"version-history":[{"count":2,"href":"http:\/\/www.tvturk.com\/index.php\/wp-json\/wp\/v2\/posts\/263150\/revisions"}],"predecessor-version":[{"id":263153,"href":"http:\/\/www.tvturk.com\/index.php\/wp-json\/wp\/v2\/posts\/263150\/revisions\/263153"}],"wp:featuredmedia":[{"embeddable":true,"href":"http:\/\/www.tvturk.com\/index.php\/wp-json\/wp\/v2\/media\/263151"}],"wp:attachment":[{"href":"http:\/\/www.tvturk.com\/index.php\/wp-json\/wp\/v2\/media?parent=263150"}],"wp:term":[{"taxonomy":"category","embeddable":true,"href":"http:\/\/www.tvturk.com\/index.php\/wp-json\/wp\/v2\/categories?post=263150"},{"taxonomy":"post_tag","embeddable":true,"href":"http:\/\/www.tvturk.com\/index.php\/wp-json\/wp\/v2\/tags?post=263150"}],"curies":[{"name":"wp","href":"https:\/\/api.w.org\/{rel}","templated":true}]}}