{"id":263175,"date":"2020-05-18T16:36:37","date_gmt":"2020-05-18T13:36:37","guid":{"rendered":"http:\/\/www.tvturk.com\/?p=263175"},"modified":"2020-05-18T16:36:44","modified_gmt":"2020-05-18T13:36:44","slug":"ey-guzel-kirim-ve-stalin-surgunu","status":"publish","type":"post","link":"http:\/\/www.tvturk.com\/index.php\/ey-guzel-kirim-ve-stalin-surgunu\/","title":{"rendered":"EY G\u00dcZEL KIRIM VE STAL\u0130N S\u00dcRG\u00dcN\u00dc!"},"content":{"rendered":"\n<p>Ne yokluk,  ne a\u00e7l\u0131k, ne i\u015fkence ne de \u00e7ekilen ac\u0131lar\u2026<\/p>\n\n\n\n<p>T\u00fcrk milletini kahreden tek \u015fey, vatan\u0131ndan ayr\u0131 kalmas\u0131\u2026<\/p>\n\n\n\n<p>\u0130\u015fte; &#8216;Ey G\u00fczel K\u0131r\u0131m&#8217; T\u00fcrk&#8217;\u00fcn  hasret  ve vatana d\u00f6n\u00fc\u015f kararl\u0131l\u0131\u011f\u0131n\u0131n simgesi oldu.<\/p>\n\n\n\n<p>L\u00fctfen  yaz\u0131y\u0131 okurken kula\u011f\u0131n\u0131z  bu T\u00fcrk\u00fc&#8217;de olsun\u2026<\/p>\n\n\n\n<p>Zira bu T\u00fcrk\u00fc, bir milletin \u00e7ekti\u011fi ac\u0131lar kadar, vatana  d\u00f6nmek i\u00e7in i\u00e7ti\u011fi and\u0131 anlat\u0131yor.<\/p>\n\n\n\n<p>Ve Bu T\u00fcrk\u00fc aradan y\u0131llar ge\u00e7se de, K\u0131r\u0131m s\u00fcrg\u00fcn\u00fc gibi iz b\u0131rak\u0131yor y\u00fcreklerde.<\/p>\n\n\n\n<p>S\u00fcrg\u00fcn\u00fcn simgesi oluyor adeta.<\/p>\n\n\n\n<p>Peki  K\u0131r\u0131m S\u00fcrg\u00fcn\u00fc neydi? <\/p>\n\n\n\n<p>Neler ya\u015fanm\u0131\u015ft\u0131?<\/p>\n\n\n\n<p>Neden  s\u00fcr\u00fclm\u00fc\u015ft\u00fc y\u00fczbinlerce ki\u015fi?<\/p>\n\n\n\n<p>Sovyetler Birli\u011fi&#8217;nin T\u00fcrk d\u00fc\u015fman\u0131 lideri  Stalin, ikinci d\u00fcnya Sava\u015f\u0131nda K\u0131r\u0131m T\u00fcrklerine kafay\u0131 takm\u0131\u015ft\u0131.<\/p>\n\n\n\n<p>K\u0131r\u0131m Yar\u0131madas\u0131,  sava\u015fta bir s\u00fcre Nazi Almanya&#8217;s\u0131n\u0131n kontrol\u00fcnde kalm\u0131\u015ft\u0131.<\/p>\n\n\n\n<p>K\u0131r\u0131ml\u0131lar, Rus ordusunda sava\u015fmas\u0131na ra\u011fmen, Almanlarla i\u015fbirli\u011fi yapmakla su\u00e7land\u0131.<\/p>\n\n\n\n<p>Bu bahane ile 1944 y\u0131l\u0131n\u0131n  18 May\u0131s&#8217;\u0131nda saatler  03.00&#8217;\u00fc g\u00f6sterirken Stalin&#8217;in emriyle 400 bin T\u00fcrk evlerinden \u00e7\u0131kar\u0131ld\u0131.<\/p>\n\n\n\n<p>\u00c7oluk, \u00e7ocuk, ya\u015fl\u0131, kad\u0131n, erkek hayvanlar\u0131n ta\u015f\u0131nd\u0131\u011f\u0131 tren vagonlar\u0131na dolduruldu.<\/p>\n\n\n\n<p>Kap\u0131lar d\u0131\u015far\u0131dan kilitlendi.<\/p>\n\n\n\n<p>Vagonlarda adeta nefes almak bile m\u00fcmk\u00fcn de\u011fildi.<\/p>\n\n\n\n<p>Hi\u00e7biri neye u\u011frad\u0131klar\u0131n\u0131 bilmiyorlard\u0131. <\/p>\n\n\n\n<p>Nereye gittiklerini de\u2026<\/p>\n\n\n\n<p>Oysa, Orta Asya&#8217;n\u0131n de\u011fi\u015fik b\u00f6lgelerine ve Sibirya&#8217;ya s\u00fcrg\u00fcn edilmi\u015flerdi.<\/p>\n\n\n\n<p>3 hafta s\u00fcren bir \u00f6l\u00fcm yolculu\u011funa \u00e7\u0131km\u0131\u015flard\u0131.<\/p>\n\n\n\n<p>400 bin T\u00fcrk&#8217;\u00fcn neredeyse yar\u0131s\u0131 a\u00e7l\u0131k, susuzluk ve havas\u0131zl\u0131ktan  \u00f6lm\u00fc\u015ft\u00fc.<\/p>\n\n\n\n<p>Vagonlar ceset doluydu. <\/p>\n\n\n\n<p>Gittikleri yerler vatanlar\u0131 gibi de\u011fildi.<\/p>\n\n\n\n<p>\u00dcstelik \u00e7o\u011fu da yak\u0131nlar\u0131ndan farkl\u0131 yerlere yerle\u015ftirilmi\u015f, ayr\u0131  d\u00fc\u015fm\u00fc\u015flerdi.<\/p>\n\n\n\n<p>Cezal\u0131yd\u0131lar k\u00f6le gibi \u00e7al\u0131\u015ft\u0131r\u0131ld\u0131lar y\u0131llarca.<\/p>\n\n\n\n<p>Soyk\u0131r\u0131m sadece vagonlarda ya\u015fanmam\u0131\u015ft\u0131.<\/p>\n\n\n\n<p>K\u0131r\u0131ml\u0131lara ait ne varsa Stalin taraf\u0131ndan yok edilmi\u015fti.<\/p>\n\n\n\n<p>K\u0131r\u0131m T\u00fcrklerinin izi silinmeye \u00e7al\u0131\u015f\u0131lm\u0131\u015ft\u0131, her \u015fey yak\u0131lm\u0131\u015ft\u0131\u2026<\/p>\n\n\n\n<p>Hatta mezar ta\u015flar\u0131na kadar.<\/p>\n\n\n\n<p>K\u0131r\u0131m, Stalin&#8217;in \u00f6l\u00fcm\u00fcnden sonra 1954&#8217;te Ukrayna Sovyet Sosyalist Cumhuriyeti&#8217;ne hediye edildi. <\/p>\n\n\n\n<p>1965&#8217;ten sonra da K\u0131r\u0131ml\u0131lar,  vatanlar\u0131na d\u00f6nmeye ba\u015flad\u0131.<\/p>\n\n\n\n<p>Kalanlar hi\u00e7 unutmad\u0131 vatanlar\u0131n\u0131. <\/p>\n\n\n\n<p>Do\u011fduklar\u0131, ya\u015fad\u0131klar\u0131 topraklar\u0131.<\/p>\n\n\n\n<p>Onlar\u0131 hayata, vatan kokusu ba\u011flad\u0131.<\/p>\n\n\n\n<p>S\u00fcrg\u00fcn\u00fcn k\u0131sa hikayesi b\u00f6yleydi.<\/p>\n\n\n\n<p>Peki adeta s\u00fcrg\u00fcnle \u00f6zde\u015fle\u015fen &#8216;Ey G\u00fczel K\u0131r\u0131m&#8217; nas\u0131l yaz\u0131ld\u0131?<\/p>\n\n\n\n<p>Tahmin etti\u011finiz gibi de\u011fil\u2026<\/p>\n\n\n\n<p>S\u00fcrg\u00fcn s\u0131ras\u0131nda bu T\u00fcrk\u00fc yoktu.<\/p>\n\n\n\n<p>K\u0131r\u0131m Haber Ajans\u0131 ortaya \u00e7\u0131kard\u0131 T\u00fcrk\u00fc&#8217;n\u00fcn hikayesini.<\/p>\n\n\n\n<p>Fatma Halilova, s\u00fcrg\u00fcnden sa\u011f kalnlardand\u0131.<\/p>\n\n\n\n<p>22 y\u0131l burnunda t\u00fctm\u00fc\u015ft\u00fc vatan\u0131.<\/p>\n\n\n\n<p>\u00c7ocuklu\u011fun ge\u00e7ti\u011fi yerlere hasret, do\u011fdu\u011fu yere hasret\u2026<\/p>\n\n\n\n<p>Zira vatana d\u00f6nmek i\u00e7in ant i\u00e7mi\u015fti.<\/p>\n\n\n\n<p>1966 y\u0131l\u0131nda Fatma Halilova&#8217;dan  s\u00f6zleri yazmas\u0131 istendi.<\/p>\n\n\n\n<p>O ise, \u201cNerden ba\u015flay\u0131k? Alu\u015fta\u2019dan esken yel\u00e7ikten ba\u015flay\u0131k.\u201d <\/p>\n\n\n\n<p>dedi ve O ak\u015fam  s\u00f6zler yaz\u0131ld\u0131.<\/p>\n\n\n\n<p>\u015e\u00fckr\u00fc Osmanov da besteledi.<\/p>\n\n\n\n<p>T\u00fcrk\u00fc a\u011f\u0131zdan a\u011f\u0131za dola\u015ft\u0131. <\/p>\n\n\n\n<p>Y\u0131llar sonra, her K\u0131r\u0131m T\u00fcrk\u00fcn\u00fcn \u00e7ocukluktan ezberledi\u011fi T\u00fcrk\u00fcye d\u00f6n\u00fc\u015ft\u00fc.<\/p>\n\n\n\n<p>Y\u0131llar sonra  bir T\u00fcrk k\u0131z\u0131, Ukrayna ad\u0131na yar\u0131\u015ft\u0131\u011f\u0131 Erovizyon \u015fark\u0131 yar\u0131\u015fmas\u0131nda birincilik kazand\u0131.<\/p>\n\n\n\n<p>\u015eark\u0131n\u0131n ad\u0131&#8217; Ey G\u00fczel K\u0131r\u0131m&#8217; idi. <\/p>\n\n\n\n<p>Bir T\u00fcrk\u00fc, T\u00fcrk katili Stalin&#8217;den ve K\u0131r\u0131m&#8217;\u0131 tek tarafl\u0131 \u0130lhak eden Rusya&#8217;dan adeta \u00f6c\u00fcn\u00fc ald\u0131.<\/p>\n\n\n\n<p>\u015eimdi Ey G\u00fczel K\u0131r\u0131m T\u00fcrk\u00fcs\u00fcn\u00fc a\u00e7\u0131n ve g\u00f6zlerinizi kapatarak, bir daha dinleyin.<\/p>\n\n\n\n<p>Soyda\u015flar\u0131m\u0131z\u0131n ya\u015fad\u0131\u011f\u0131 ac\u0131lar\u0131 g\u00f6z\u00fcn\u00fcz\u00fcn \u00f6n\u00fcne getirin.<\/p>\n\n\n\n<p>Ve Stalin&#8217;e lanet okurken, \u015fehitlerimize rahmet dileyin.<\/p>\n\n\n\n<p>Eminim bu T\u00fcrk\u00fc g\u00fcnlerce dilinizden d\u00fc\u015fmeyecek. <\/p>\n\n\n\n<p>Stalin soyk\u0131r\u0131m\u0131 da akl\u0131n\u0131zdan hi\u00e7 \u00e7\u0131kmayacak\u2026<\/p>\n\n\n\n<p>Y\u00fcksel De\u011fercan<\/p>\n","protected":false},"excerpt":{"rendered":"<p>Ne yokluk, ne a\u00e7l\u0131k, ne i\u015fkence ne de \u00e7ekilen ac\u0131lar\u2026 T\u00fcrk milletini kahreden tek \u015fey, vatan\u0131ndan ayr\u0131 kalmas\u0131\u2026 \u0130\u015fte; &#8216;Ey G\u00fczel K\u0131r\u0131m&#8217; T\u00fcrk&#8217;\u00fcn hasret ve vatana d\u00f6n\u00fc\u015f kararl\u0131l\u0131\u011f\u0131n\u0131n simgesi oldu. L\u00fctfen yaz\u0131y\u0131 okurken kula\u011f\u0131n\u0131z bu T\u00fcrk\u00fc&#8217;de olsun\u2026 Zira bu T\u00fcrk\u00fc, bir milletin \u00e7ekti\u011fi ac\u0131lar kadar, vatana d\u00f6nmek i\u00e7in i\u00e7ti\u011fi and\u0131 anlat\u0131yor. Ve Bu T\u00fcrk\u00fc aradan [&hellip;]<\/p>\n","protected":false},"author":19,"featured_media":263176,"comment_status":"closed","ping_status":"open","sticky":false,"template":"","format":"standard","meta":{"jetpack_post_was_ever_published":false,"_jetpack_newsletter_access":"","_jetpack_dont_email_post_to_subs":false,"_jetpack_newsletter_tier_id":0,"_jetpack_memberships_contains_paywalled_content":false,"_jetpack_memberships_contains_paid_content":false,"footnotes":"","jetpack_publicize_message":"","jetpack_publicize_feature_enabled":true,"jetpack_social_post_already_shared":true,"jetpack_social_options":{"image_generator_settings":{"template":"highway","default_image_id":0,"font":"","enabled":false},"version":2}},"categories":[646,655],"tags":[64645,64643],"class_list":["post-263175","post","type-post","status-publish","format-standard","has-post-thumbnail","hentry","category-kose-yazilari","category-son-dakika","tag-fatma-halilova","tag-stalin"],"jetpack_publicize_connections":[],"jetpack_featured_media_url":"https:\/\/i0.wp.com\/www.tvturk.com\/wp-content\/uploads\/2020\/05\/kirim.jpg?fit=275%2C183","jetpack_sharing_enabled":true,"jetpack_shortlink":"https:\/\/wp.me\/paKIfm-16sL","_links":{"self":[{"href":"http:\/\/www.tvturk.com\/index.php\/wp-json\/wp\/v2\/posts\/263175","targetHints":{"allow":["GET"]}}],"collection":[{"href":"http:\/\/www.tvturk.com\/index.php\/wp-json\/wp\/v2\/posts"}],"about":[{"href":"http:\/\/www.tvturk.com\/index.php\/wp-json\/wp\/v2\/types\/post"}],"author":[{"embeddable":true,"href":"http:\/\/www.tvturk.com\/index.php\/wp-json\/wp\/v2\/users\/19"}],"replies":[{"embeddable":true,"href":"http:\/\/www.tvturk.com\/index.php\/wp-json\/wp\/v2\/comments?post=263175"}],"version-history":[{"count":1,"href":"http:\/\/www.tvturk.com\/index.php\/wp-json\/wp\/v2\/posts\/263175\/revisions"}],"predecessor-version":[{"id":263177,"href":"http:\/\/www.tvturk.com\/index.php\/wp-json\/wp\/v2\/posts\/263175\/revisions\/263177"}],"wp:featuredmedia":[{"embeddable":true,"href":"http:\/\/www.tvturk.com\/index.php\/wp-json\/wp\/v2\/media\/263176"}],"wp:attachment":[{"href":"http:\/\/www.tvturk.com\/index.php\/wp-json\/wp\/v2\/media?parent=263175"}],"wp:term":[{"taxonomy":"category","embeddable":true,"href":"http:\/\/www.tvturk.com\/index.php\/wp-json\/wp\/v2\/categories?post=263175"},{"taxonomy":"post_tag","embeddable":true,"href":"http:\/\/www.tvturk.com\/index.php\/wp-json\/wp\/v2\/tags?post=263175"}],"curies":[{"name":"wp","href":"https:\/\/api.w.org\/{rel}","templated":true}]}}