{"id":263216,"date":"2020-05-28T09:10:41","date_gmt":"2020-05-28T06:10:41","guid":{"rendered":"http:\/\/www.tvturk.com\/?p=263216"},"modified":"2020-05-28T09:10:54","modified_gmt":"2020-05-28T06:10:54","slug":"harranda-guzel-seyler-oluyor","status":"publish","type":"post","link":"http:\/\/www.tvturk.com\/index.php\/harranda-guzel-seyler-oluyor\/","title":{"rendered":"HARRAN&#8217;DA G\u00dcZEL \u015eEYLER OLUYOR!"},"content":{"rendered":"\n<p>Bir \u015fehir d\u00fc\u015f\u00fcn\u00fcn, kadim bir \u015fehir&#8230;<\/p>\n\n\n\n<p>Yap\u0131lan kaz\u0131 ve ke\u015fiflerle, bilinen insanl\u0131k tarihinin\nezberi bozulsun.<\/p>\n\n\n\n<p>D\u00fcnyan\u0131n en eski \u00fcniversitesine sahip olsun.<\/p>\n\n\n\n<p>Kutsal ma\u011faralara, efsanelere konu olan g\u00f6llere, muhte\u015fem\ntabiata ve renkli bir k\u00fclt\u00fcre ev sahipli\u011fi yaps\u0131n&#8230;<\/p>\n\n\n\n<p>Ama turizmden yeterince pay alamas\u0131n&#8230;<\/p>\n\n\n\n<p>Konuya ilgi duyanlar bildi, bu kadim \u015fehri.<\/p>\n\n\n\n<p>Evet, \u015eanl\u0131urfa&#8217;dan bahsediyorum&#8230;<\/p>\n\n\n\n<p>\u015eehrin y\u00f6neticileri, \u015eanl\u0131urfa&#8217;n\u0131n potansiyelinin fark\u0131nda.<\/p>\n\n\n\n<p>Hedefleri ise \u015fehri, e\u015fsiz bir tarih ve k\u00fclt\u00fcr merkezi\nyapmak..<\/p>\n\n\n\n<p>Bunun i\u00e7in hepsi, birbiri ile tatl\u0131 bir rekabet i\u00e7inde&#8230;<\/p>\n\n\n\n<p>\u015eanl\u0131urfa ge\u00e7en y\u0131l, \u00f6nemli bir k\u00fclt\u00fcrel ke\u015fifle d\u00fcnyan\u0131n\ng\u00fcndemine oturdu.<\/p>\n\n\n\n<p>G\u00f6beklitepe kaz\u0131lar\u0131nda, insanl\u0131k tarihine ili\u015fkin yeni\nbilgilere ula\u015f\u0131ld\u0131.<\/p>\n\n\n\n<p>Hen\u00fcz kaz\u0131lar\u0131n y\u00fczde 5&#8217;inin bile tamamlanmamas\u0131na ra\u011fmen&#8230;<\/p>\n\n\n\n<p>\u015eu g\u00fcnlerde \u015fehrin bir ba\u015fka il\u00e7esinde Harran&#8217;da, muhte\u015fem\nbir \u00e7al\u0131\u015fma var.<\/p>\n\n\n\n<p>\u015eimdiden \u0130ngiltere bas\u0131n\u0131nda ses getirdi. <\/p>\n\n\n\n<p>Financial Times, projeden \u00f6vg\u00fcyle bahsetti.<\/p>\n\n\n\n<p>Peki bu \u00e7al\u0131\u015fma nedir? \u0130l\u00e7ede hatta ilde neleri\nde\u011fi\u015ftirecek?<\/p>\n\n\n\n<p>Harran, zengin bir tarihe sahip.<\/p>\n\n\n\n<p>\u0130lk \u0130slam \u00dcniversitesi&#8217;nin kal\u0131nt\u0131lar\u0131, Emeviler d\u00f6neminden\nkalma Ulu Cami ve konik kubbeli evleri ile ilgi oda\u011f\u0131&#8230;<\/p>\n\n\n\n<p>\u0130l\u00e7eye 19 kilometre mesafede bir de Bazda ya da Bozda\u011f\nad\u0131yla bilinen, ma\u011faralar var.<\/p>\n\n\n\n<p>Ancak bu ma\u011faralar do\u011fal yolla olu\u015fmam\u0131\u015f.<\/p>\n\n\n\n<p>\u0130nsan eliyle yap\u0131lm\u0131\u015f&#8230;<\/p>\n\n\n\n<p>Asl\u0131nda b\u00f6lge mimarisinin olu\u015fmas\u0131na katk\u0131 sunan, ta\u015f\nocaklar\u0131 bunlar\u2026<\/p>\n\n\n\n<p>Da\u011f\u0131n y\u00fczeyinden, ta\u015f kesilmesi sebebiyle zaman i\u00e7inde b\u00fcy\u00fck\noyuklar a\u00e7\u0131lm\u0131\u015f.<\/p>\n\n\n\n<p>&nbsp;Buralarda, \u00e7ok say\u0131da\nmeydan, t\u00fcnel ve galeriler olu\u015fmu\u015f.<\/p>\n\n\n\n<p>Hatta baz\u0131lar\u0131n\u0131n y\u00fcksekli\u011fi 15 metre.<\/p>\n\n\n\n<p>Geni\u015f bir alana yay\u0131lan ma\u011faralar\u0131, uzaydan bile g\u00f6rmek\nm\u00fcmk\u00fcn.<\/p>\n\n\n\n<p>\u0130\u015fte bu muhte\u015fem g\u00fczellikler turizme kazand\u0131r\u0131lacak.<\/p>\n\n\n\n<p>Projenin tam ad\u0131 \u201cI\u015f\u0131kland\u0131r\u0131lm\u0131\u015f Bazda Ma\u011faralar\u0131 Sanat\nMerkezi Projesi\u201d<\/p>\n\n\n\n<p>Projeyle, ma\u011faran\u0131n i\u00e7i restore edilecek.<\/p>\n\n\n\n<p>I\u015f\u0131kland\u0131rma yap\u0131lacak. <\/p>\n\n\n\n<p>Ma\u011fara, sanat galerisi olacak.<\/p>\n\n\n\n<p>Ayr\u0131ca di\u011fer b\u00fcy\u00fck ma\u011fara da yeralt\u0131 oteline d\u00f6n\u00fc\u015ft\u00fcr\u00fclecek.<\/p>\n\n\n\n<p>Ma\u011faralarda kurulacak lazer ve teleskop sistemleri ile\ng\u00f6ky\u00fcz\u00fc izlenebilecek.<\/p>\n\n\n\n<p>Bir sonraki a\u015famada \u00e7al\u0131\u015fmalar ma\u011fara d\u0131\u015f\u0131na ta\u015facak. <\/p>\n\n\n\n<p>Harran ve \u015fehir surlar\u0131na kadar devam edecek.<\/p>\n\n\n\n<p>Binlerce y\u0131ll\u0131k hazineleri bar\u0131nd\u0131ran ve tarih f\u0131\u015fk\u0131ran\nb\u00f6lge, \u0131\u015f\u0131kland\u0131rmalarla do\u011fal bir m\u00fcze haline getirilecek.<\/p>\n\n\n\n<p>Yani b\u00f6lge, k\u00fclt\u00fcr turizmi cennetine d\u00f6n\u00fc\u015ft\u00fcr\u00fclecek.<\/p>\n\n\n\n<p>Bunlar\u0131n yap\u0131m\u0131nda b\u00f6lge insan\u0131 \u00e7al\u0131\u015facak.<\/p>\n\n\n\n<p>Arazi Sanat\u0131 olarak adland\u0131r\u0131lan bu turizm \u00e7e\u015fidi, d\u00fcnyan\u0131n\nen zengin turistlerini b\u00f6lgeye \u00e7ekecek.<\/p>\n\n\n\n<p>B\u00fct\u00fcn bunlar i\u00e7in ne kaymakaml\u0131k ne de devlet para\nharcayacak.<\/p>\n\n\n\n<p>Finansman\u0131, d\u00fcnyaca \u00fcnl\u00fc \u0130svi\u00e7reli foto\u011fraf sanat\u00e7\u0131s\u0131,\nMichel Comte taraf\u0131ndan sa\u011flanacak.<\/p>\n\n\n\n<p>Vali Abdullah Erin liderli\u011finde y\u00fcr\u00fct\u00fclen projenin mimar\u0131,\nKaymakam \u00d6mer Faruk \u00c7elik&#8230;<\/p>\n\n\n\n<p>\u00c7elik&#8217; e g\u00f6re Harran, tarih ve \u00e7a\u011fda\u015f sanat\u0131n \u00e7ok \u00f6zel bir\nbulu\u015fma noktas\u0131 olacak.<\/p>\n\n\n\n<p>\u00d6mer Faruk \u00c7elik; <\/p>\n\n\n\n<p>&#8220;Proje \u00f6n\u00fcm\u00fczdeki ay ba\u015flayacak &nbsp;ve&nbsp; 2-3\ny\u0131l i\u00e7erisinde&nbsp; bitirilecek. Aktif ve\nmodern bir k\u00fclt\u00fcr destinasyonu kimli\u011fiyle d\u00fcnya sanat g\u00fcndemine oturacak\u2026<\/p>\n\n\n\n<p>Yat\u0131r\u0131m b\u00f6lgeye hem&nbsp;\nb\u00fcy\u00fck bir ekonomik katk\u0131&nbsp;\nsa\u011flayacak hem de&nbsp; e\u011fitim ve\nk\u00fclt\u00fcrel geli\u015fime de&nbsp; \u00f6nc\u00fcl\u00fck\nedecek&#8221; dedi.<\/p>\n\n\n\n<p>Kaymakam projeye inan\u0131yor, b\u00f6lgeyi turizme kazand\u0131rmak i\u00e7in\nvar g\u00fcc\u00fcyle \u00e7al\u0131\u015f\u0131yor.<\/p>\n\n\n\n<p>&nbsp;Zira proje\ntamamland\u0131\u011f\u0131nda sadece Harran de\u011fil, \u015eanl\u0131urfa ve b\u00f6lge uluslararas\u0131 cazibe\nmerkezi olacak..<\/p>\n\n\n\n<p>B\u00f6lgenin k\u00fclt\u00fcrel dokusu bozulmadan yeni tesisler de\na\u00e7\u0131lacak.<\/p>\n\n\n\n<p>T\u00fcrkiye&#8217;nin g\u00fcndemine, n\u00fcfusa oranla en \u00e7ok sosyal yard\u0131m\nalan il olarak ge\u00e7en \u015eanl\u0131urfa, makus talihini k\u0131racak.<\/p>\n\n\n\n<p>On binlerce ki\u015fiye istihdam sa\u011flanacak.<\/p>\n\n\n\n<p>Ve \u00fclke ekonomisine de destek olacak.<\/p>\n\n\n\n<p>Dinamik, ba\u015far\u0131l\u0131 ayn\u0131 zamanda k\u00fclt\u00fcr, tarih ve sanata de\u011fer\nveren y\u00f6neticileriyle T\u00fcrkiye, bir ad\u0131m daha ileri gidecek.<\/p>\n\n\n\n<p>Y\u00fcksel DE\u011eERCAN<\/p>\n","protected":false},"excerpt":{"rendered":"<p>Bir \u015fehir d\u00fc\u015f\u00fcn\u00fcn, kadim bir \u015fehir&#8230; Yap\u0131lan kaz\u0131 ve ke\u015fiflerle, bilinen insanl\u0131k tarihinin ezberi bozulsun. D\u00fcnyan\u0131n en eski \u00fcniversitesine sahip olsun. Kutsal ma\u011faralara, efsanelere konu olan g\u00f6llere, muhte\u015fem tabiata ve renkli bir k\u00fclt\u00fcre ev sahipli\u011fi yaps\u0131n&#8230; Ama turizmden yeterince pay alamas\u0131n&#8230; Konuya ilgi duyanlar bildi, bu kadim \u015fehri. Evet, \u015eanl\u0131urfa&#8217;dan bahsediyorum&#8230; \u015eehrin y\u00f6neticileri, \u015eanl\u0131urfa&#8217;n\u0131n potansiyelinin [&hellip;]<\/p>\n","protected":false},"author":19,"featured_media":263217,"comment_status":"closed","ping_status":"open","sticky":false,"template":"","format":"standard","meta":{"jetpack_post_was_ever_published":false,"_jetpack_newsletter_access":"","_jetpack_dont_email_post_to_subs":false,"_jetpack_newsletter_tier_id":0,"_jetpack_memberships_contains_paywalled_content":false,"_jetpack_memberships_contains_paid_content":false,"footnotes":"","jetpack_publicize_message":"","jetpack_publicize_feature_enabled":true,"jetpack_social_post_already_shared":true,"jetpack_social_options":{"image_generator_settings":{"template":"highway","default_image_id":0,"font":"","enabled":false},"version":2}},"categories":[646,655],"tags":[64677,64673,15440,64678,64675],"class_list":["post-263216","post","type-post","status-publish","format-standard","has-post-thumbnail","hentry","category-kose-yazilari","category-son-dakika","tag-bazda-magaralari","tag-en-eski-kutuphane","tag-harran","tag-michel-comte","tag-omer-faruk-celik"],"jetpack_publicize_connections":[],"jetpack_featured_media_url":"https:\/\/i0.wp.com\/www.tvturk.com\/wp-content\/uploads\/2020\/05\/HARRAN.jpg?fit=300%2C168","jetpack_sharing_enabled":true,"jetpack_shortlink":"https:\/\/wp.me\/paKIfm-16tq","_links":{"self":[{"href":"http:\/\/www.tvturk.com\/index.php\/wp-json\/wp\/v2\/posts\/263216","targetHints":{"allow":["GET"]}}],"collection":[{"href":"http:\/\/www.tvturk.com\/index.php\/wp-json\/wp\/v2\/posts"}],"about":[{"href":"http:\/\/www.tvturk.com\/index.php\/wp-json\/wp\/v2\/types\/post"}],"author":[{"embeddable":true,"href":"http:\/\/www.tvturk.com\/index.php\/wp-json\/wp\/v2\/users\/19"}],"replies":[{"embeddable":true,"href":"http:\/\/www.tvturk.com\/index.php\/wp-json\/wp\/v2\/comments?post=263216"}],"version-history":[{"count":1,"href":"http:\/\/www.tvturk.com\/index.php\/wp-json\/wp\/v2\/posts\/263216\/revisions"}],"predecessor-version":[{"id":263218,"href":"http:\/\/www.tvturk.com\/index.php\/wp-json\/wp\/v2\/posts\/263216\/revisions\/263218"}],"wp:featuredmedia":[{"embeddable":true,"href":"http:\/\/www.tvturk.com\/index.php\/wp-json\/wp\/v2\/media\/263217"}],"wp:attachment":[{"href":"http:\/\/www.tvturk.com\/index.php\/wp-json\/wp\/v2\/media?parent=263216"}],"wp:term":[{"taxonomy":"category","embeddable":true,"href":"http:\/\/www.tvturk.com\/index.php\/wp-json\/wp\/v2\/categories?post=263216"},{"taxonomy":"post_tag","embeddable":true,"href":"http:\/\/www.tvturk.com\/index.php\/wp-json\/wp\/v2\/tags?post=263216"}],"curies":[{"name":"wp","href":"https:\/\/api.w.org\/{rel}","templated":true}]}}