{"id":263246,"date":"2020-06-03T13:46:03","date_gmt":"2020-06-03T10:46:03","guid":{"rendered":"http:\/\/www.tvturk.com\/?p=263246"},"modified":"2020-06-03T13:46:12","modified_gmt":"2020-06-03T10:46:12","slug":"abdde-corona-bahari-mi","status":"publish","type":"post","link":"http:\/\/www.tvturk.com\/index.php\/abdde-corona-bahari-mi\/","title":{"rendered":"ABD&#8217;DE CORONA BAHARI MI!"},"content":{"rendered":"\n<p>Amerika Birle\u015fik Devletleri, salg\u0131ndan sonra yine \u015fokta!<\/p>\n\n\n\n<p>Hem de \u00f6yle-b\u00f6yle bir \u015fok de\u011fil&#8230;<\/p>\n\n\n\n<p>ABD\u2019nin Minnesota eyaletinde polis taraf\u0131ndan g\u00f6zalt\u0131na\nal\u0131n\u0131rken \u00f6ld\u00fcr\u00fclen George Floyd i\u00e7in, \u00fclke aya\u011fa kalkt\u0131.<\/p>\n\n\n\n<p>B\u00fct\u00fcn eyaletlerde halk, sokaklara indi.<\/p>\n\n\n\n<p>Y\u00fczbinlerce insan, polisle \u00e7at\u0131\u015ft\u0131.<\/p>\n\n\n\n<p>&nbsp;\u00dclkede \u015fehirler\nyak\u0131l\u0131p y\u0131k\u0131ld\u0131, polis ara\u00e7lar\u0131 ate\u015fe verildi.<\/p>\n\n\n\n<p>Beyaz Saray da protestolardan nasibini ald\u0131.<\/p>\n\n\n\n<p>Corona vir\u00fcs salg\u0131n\u0131, tamamen unutuldu.<\/p>\n\n\n\n<p>\u00dclke adeta bir i\u00e7 sava\u015f\u0131n e\u015fi\u011fine geldi&#8230;.<\/p>\n\n\n\n<p>T\u0131pk\u0131&nbsp; son 20 y\u0131lda\nABD&#8217;nin, d\u00fcnyan\u0131n bir \u00e7ok yerinde \u00e7\u0131kard\u0131\u011f\u0131 karga\u015fa ve&nbsp; i\u00e7 sava\u015flar gibi&#8230;<\/p>\n\n\n\n<p>\u0130ki kutuplu d\u00fcnyada ABD&#8217;nin hedefinde , hep Sovyetler\nBirli\u011fi ve sosyalist rejimler&nbsp; vard\u0131.<\/p>\n\n\n\n<p>Bu d\u00f6nemde bir\u00e7ok devlete ya do\u011frudan ya da dolayl\u0131 m\u00fcdahale\netti.<\/p>\n\n\n\n<p>S\u00f6z\u00fcn\u00fc dinleyecek rejimler kurmaya \u00e7al\u0131\u015ft\u0131.<\/p>\n\n\n\n<p>Asl\u0131nda \u00e7ok eskilere de gitmeye gerek yok..<\/p>\n\n\n\n<p>Son 20 y\u0131lda bile yapt\u0131\u011f\u0131 m\u00fcdahalelerle d\u00fcnya dengesini alt\n\u00fcst etti.<\/p>\n\n\n\n<p>Bunun i\u00e7in her yolu kulland\u0131.<\/p>\n\n\n\n<p>Askeri darbeler suikastlar, ter\u00f6r \u00f6rg\u00fctleriyle kurdu\u011fu\nili\u015fkiler, muhalifleri finanse etmek ve \u015fantaj gibi&#8230;<\/p>\n\n\n\n<p>Gerek\u00e7esi haz\u0131rd\u0131&#8230; <\/p>\n\n\n\n<p>Demokrasi g\u00f6t\u00fcrmek&#8230;<\/p>\n\n\n\n<p>Ancak girdi\u011fi yerlerde, her\u015fey eskisinden daha k\u00f6t\u00fc oldu.<\/p>\n\n\n\n<p>ABD buralarda kan, g\u00f6zya\u015f\u0131, sefalet, i\u00e7 sava\u015f, b\u00f6l\u00fcnm\u00fc\u015f\ndevletler, fakir ekonomiler b\u0131rakt\u0131.<\/p>\n\n\n\n<p>Yugoslavya, Irak, G\u00fcrcistan, Ukrayna, Libya, Suriye,\nVenezuella, Bolivya bunlardan baz\u0131lar\u0131.<\/p>\n\n\n\n<p>En kanl\u0131 olaylar da Ortado\u011fu \u00fclkelerinde&nbsp; ya\u015fand\u0131. <\/p>\n\n\n\n<p>\u00c7\u0131kard\u0131\u011f\u0131 i\u00e7 sava\u015flarda, y\u00fcz binlerce&nbsp; insan \u00f6ld\u00fc.. <\/p>\n\n\n\n<p>Milyonlarca insan, m\u00fclteci durumuna d\u00fc\u015ft\u00fc.<\/p>\n\n\n\n<p>Ger\u00e7ek ama\u00e7, \u00fclkeleri&nbsp;\nkontrol alt\u0131na almak ve do\u011fal kaynaklar\u0131n\u0131 s\u00f6m\u00fcrmekti.<\/p>\n\n\n\n<p>Ya da \u0130srail gibi&nbsp;\ndevletlerin devaml\u0131l\u0131\u011f\u0131n\u0131 sa\u011flamak.<\/p>\n\n\n\n<p>ABD \u015fimdi, bu \u00fclkelerde, olaylar\u0131n ilk ba\u015flad\u0131\u011f\u0131 manzarayla\nkar\u015f\u0131 kar\u015f\u0131ya&#8230;<\/p>\n\n\n\n<p>Arap BAHARI, kadife devrimler de b\u00f6yle ba\u015flam\u0131\u015ft\u0131.<\/p>\n\n\n\n<p>Acaba, ABD d\u00fcnyaya yapt\u0131klar\u0131n\u0131n bedelini mi \u00f6d\u00fcyor?<\/p>\n\n\n\n<p>Ya\u015fatt\u0131klar\u0131n\u0131 ya\u015fayacak m\u0131?<\/p>\n\n\n\n<p>\u0130n\u015fallah beter olsun,&nbsp;\ndedi\u011finizi duyar gibiyim.<\/p>\n\n\n\n<p>Ancak gerek Arap BAHARI, gerek di\u011fer olaylar\u0131n arkas\u0131nda ABD\nvard\u0131.<\/p>\n\n\n\n<p>Soru \u015fu; peki ABD&#8217;deki olaylar\u0131n arkas\u0131nda bir g\u00fc\u00e7 var m\u0131?<\/p>\n\n\n\n<p>Sanm\u0131yorum&#8230; <\/p>\n\n\n\n<p>\u015eu an i\u00e7in hi\u00e7 bir \u00fclkenin, ABD rejimini de\u011fi\u015ftirmeye\ncesaret etmesi m\u00fcmk\u00fcn de\u011fil.<\/p>\n\n\n\n<p>Bu y\u00fczden ABD&#8217;de,&nbsp;&nbsp;\nbir rejim de\u011fi\u015fikli\u011fi olmayacak.<\/p>\n\n\n\n<p>Ancak akl\u0131ma, yine deli sorular gelmiyor de\u011fil&#8230;<\/p>\n\n\n\n<p>\u00dclkeler cesaret edemez&nbsp;\nama&nbsp; ya \u00fcst ak\u0131l denilen g\u00fc\u00e7ler?<\/p>\n\n\n\n<p>Tek d\u00fcnya devleti,&nbsp;\nkimin hedefiydi?<\/p>\n\n\n\n<p>N\u00fcfus art\u0131\u015f\u0131 dahil, d\u00fcnyay\u0131 kim kontrol alt\u0131na almak\nistiyordu?<\/p>\n\n\n\n<p>ABD&#8217;de bug\u00fcne kadar, hi\u00e7 mi \u0131rk\u00e7\u0131 sald\u0131r\u0131 ya\u015fanmam\u0131\u015ft\u0131?<\/p>\n\n\n\n<p>Polis hi\u00e7 mi birini \u00f6ld\u00fcrmemi\u015fti?<\/p>\n\n\n\n<p>Corona vir\u00fcs y\u00fcz\u00fcnden her g\u00fcn binlerce ki\u015finin \u00f6ld\u00fc\u011f\u00fc\nABD&#8217;de, bu olay isyana nas\u0131l d\u00f6n\u00fc\u015ft\u00fc?<\/p>\n\n\n\n<p>\u00dcstelik milyonlar d\u0131\u015far\u0131 \u00e7\u0131kmaya korkarken&#8230;<\/p>\n\n\n\n<p>Ger\u00e7ekten olaylar\u0131n arkas\u0131nda, bir g\u00fc\u00e7 ya da g\u00fc\u00e7ler olabilir\nmi?<\/p>\n\n\n\n<p>\u00d6rne\u011fin \u00c7in de bu g\u00fc\u00e7lerin destek\u00e7ilerinden biri mi?<\/p>\n\n\n\n<p>Yoksa se\u00e7imlerde Trump&#8217;\u0131n kaybetmesi i\u00e7in haz\u0131rlanan bir\nplan m\u0131?<\/p>\n\n\n\n<p>Ya da salg\u0131nla psikolojisi bozulan, gelir adaletsizli\u011fi\ntavan yapan, yeni 40 milyon i\u015fsizin \u00f6fke patlamas\u0131 m\u0131?<\/p>\n\n\n\n<p>\u015eu anda ABD, Corona vir\u00fcs salg\u0131n\u0131n\u0131 unuttu. <\/p>\n\n\n\n<p>Trump&#8217;\u0131n sert tavr\u0131 ve sosyal medya yasaklar\u0131, belki\nolaylar\u0131 k\u00f6r\u00fckledi.<\/p>\n\n\n\n<p>\u00dclke alev alev yan\u0131yor&#8230;<\/p>\n\n\n\n<p>Ordunun olaya el koymas\u0131, an meselesi&#8230;<\/p>\n\n\n\n<p>S\u0131k\u0131y\u00f6netim ilan edilmesi de.. <\/p>\n\n\n\n<p>Demokrasi g\u00f6t\u00fcrece\u011fim diye d\u00fcnyay\u0131 kas\u0131p kavuran \u00fclke,\nelindeki demokrasiden de olacak.<\/p>\n\n\n\n<p>Yoksa amac\u0131 bu muydu?<\/p>\n\n\n\n<p>Bunu bilmiyorum ama ABD zor durumda&#8230;<\/p>\n\n\n\n<p>Corona sonras\u0131 beklenmeden, hi\u00e7 bir \u015feyin eskisi gibi\nolmayaca\u011f\u0131 kesinle\u015fti.<\/p>\n\n\n\n<p>Ve art\u0131k yeni d\u00fcnya d\u00fczeni, \u015fekillenmeye ba\u015flad\u0131&#8230;<\/p>\n\n\n\n<p>Y\u00fcksel De\u011fercan<\/p>\n","protected":false},"excerpt":{"rendered":"<p>Amerika Birle\u015fik Devletleri, salg\u0131ndan sonra yine \u015fokta! Hem de \u00f6yle-b\u00f6yle bir \u015fok de\u011fil&#8230; ABD\u2019nin Minnesota eyaletinde polis taraf\u0131ndan g\u00f6zalt\u0131na al\u0131n\u0131rken \u00f6ld\u00fcr\u00fclen George Floyd i\u00e7in, \u00fclke aya\u011fa kalkt\u0131. B\u00fct\u00fcn eyaletlerde halk, sokaklara indi. Y\u00fczbinlerce insan, polisle \u00e7at\u0131\u015ft\u0131. &nbsp;\u00dclkede \u015fehirler yak\u0131l\u0131p y\u0131k\u0131ld\u0131, polis ara\u00e7lar\u0131 ate\u015fe verildi. Beyaz Saray da protestolardan nasibini ald\u0131. Corona vir\u00fcs salg\u0131n\u0131, tamamen unutuldu. [&hellip;]<\/p>\n","protected":false},"author":19,"featured_media":263247,"comment_status":"closed","ping_status":"open","sticky":false,"template":"","format":"standard","meta":{"jetpack_post_was_ever_published":false,"_jetpack_newsletter_access":"","_jetpack_dont_email_post_to_subs":false,"_jetpack_newsletter_tier_id":0,"_jetpack_memberships_contains_paywalled_content":false,"_jetpack_memberships_contains_paid_content":false,"footnotes":"","jetpack_publicize_message":"","jetpack_publicize_feature_enabled":true,"jetpack_social_post_already_shared":true,"jetpack_social_options":{"image_generator_settings":{"template":"highway","default_image_id":0,"font":"","enabled":false},"version":2}},"categories":[8,646,655],"tags":[1936,50781,64694],"class_list":["post-263246","post","type-post","status-publish","format-standard","has-post-thumbnail","hentry","category-analiz","category-kose-yazilari","category-son-dakika","tag-abd","tag-eylemler","tag-ust-akil"],"jetpack_publicize_connections":[],"jetpack_featured_media_url":"https:\/\/i0.wp.com\/www.tvturk.com\/wp-content\/uploads\/2020\/06\/trump.jpg?fit=302%2C167","jetpack_sharing_enabled":true,"jetpack_shortlink":"https:\/\/wp.me\/paKIfm-16tU","_links":{"self":[{"href":"http:\/\/www.tvturk.com\/index.php\/wp-json\/wp\/v2\/posts\/263246","targetHints":{"allow":["GET"]}}],"collection":[{"href":"http:\/\/www.tvturk.com\/index.php\/wp-json\/wp\/v2\/posts"}],"about":[{"href":"http:\/\/www.tvturk.com\/index.php\/wp-json\/wp\/v2\/types\/post"}],"author":[{"embeddable":true,"href":"http:\/\/www.tvturk.com\/index.php\/wp-json\/wp\/v2\/users\/19"}],"replies":[{"embeddable":true,"href":"http:\/\/www.tvturk.com\/index.php\/wp-json\/wp\/v2\/comments?post=263246"}],"version-history":[{"count":1,"href":"http:\/\/www.tvturk.com\/index.php\/wp-json\/wp\/v2\/posts\/263246\/revisions"}],"predecessor-version":[{"id":263248,"href":"http:\/\/www.tvturk.com\/index.php\/wp-json\/wp\/v2\/posts\/263246\/revisions\/263248"}],"wp:featuredmedia":[{"embeddable":true,"href":"http:\/\/www.tvturk.com\/index.php\/wp-json\/wp\/v2\/media\/263247"}],"wp:attachment":[{"href":"http:\/\/www.tvturk.com\/index.php\/wp-json\/wp\/v2\/media?parent=263246"}],"wp:term":[{"taxonomy":"category","embeddable":true,"href":"http:\/\/www.tvturk.com\/index.php\/wp-json\/wp\/v2\/categories?post=263246"},{"taxonomy":"post_tag","embeddable":true,"href":"http:\/\/www.tvturk.com\/index.php\/wp-json\/wp\/v2\/tags?post=263246"}],"curies":[{"name":"wp","href":"https:\/\/api.w.org\/{rel}","templated":true}]}}