{"id":263311,"date":"2020-08-31T16:58:42","date_gmt":"2020-08-31T13:58:42","guid":{"rendered":"http:\/\/www.tvturk.com\/?p=263311"},"modified":"2020-08-31T17:05:23","modified_gmt":"2020-08-31T14:05:23","slug":"zafer-bayrami-coskusu","status":"publish","type":"post","link":"http:\/\/www.tvturk.com\/index.php\/zafer-bayrami-coskusu\/","title":{"rendered":"ZAFER BAYRAMI CO\u015eKUSU"},"content":{"rendered":"\n<p>Kovid-19 Pandemisi 30 A\u011fustos Zafer Bayram\u0131&#8217;n\u0131n co\u015fkusunu engelleyemedi.<\/p>\n\n\n\n<p>Zaferle sonu\u00e7lanan d\u00fcnyan\u0131n en b\u00fcy\u00fck kahramanl\u0131k destanlar\u0131ndan biri olan B\u00fcy\u00fck Taaruz ve Ba\u015fkomutanl\u0131k Meydan Muharebesi&#8217;nin 98. y\u0131l d\u00f6n\u00fcm\u00fc b\u00fcy\u00fck bir co\u015fku ile kutland\u0131.<\/p>\n\n\n\n<p>Kutlamalar sosyal mesafeli ve maskeli olarak t\u00fcm yurtta ger\u00e7ekle\u015ftirildi. Cumhurba\u015fkan\u0131 Recep Tayyip Erdo\u011fan ve beraberindeki  heyet, 30 A\u011fustos Zafer Bayram\u0131 dolay\u0131s\u0131yla An\u0131tkabir&#8217;i ziyaret etti.  Ak\u015fam saatlerinde ise, Cumhurba\u015fkanl\u0131\u011f\u0131 K\u00fclliyesi&#8217;nde 30 A\u011fustos Zafer Bayram\u0131 kutlamalar\u0131 kapsam\u0131nda \u00f6zel konser d\u00fczenlendi. Konserin ard\u0131ndan 300 insans\u0131z hava arac\u0131 (\u0130HA) ile \u0131\u015f\u0131k g\u00f6sterisi yap\u0131ld\u0131.<\/p>\n\n\n\n<p>Kad\u0131n, erkek, gen\u00e7, ya\u015fl\u0131 fark etmeksizin, din, dil, \u0131rk ay\u0131rt etmeden omuz omuza \u00e7arp\u0131\u015farak T\u00fcrk milletinin ba\u011f\u0131mz\u0131zl\u0131\u011f\u0131n\u0131 kazand\u0131\u011f\u0131 zafer bayram\u0131  kutlamalar\u0131nda b\u00f6lgelerden gelen g\u00f6r\u00fcnt\u00fclerdeki k\u0131rm\u0131z\u0131 beyaz renk c\u00fcmb\u00fc\u015f\u00fc b\u00fcy\u00fcledi. <\/p>\n\n\n\n<figure class=\"wp-block-image\"><img data-recalc-dims=\"1\" loading=\"lazy\" decoding=\"async\" width=\"520\" height=\"390\" src=\"https:\/\/i0.wp.com\/www.tvturk.com\/wp-content\/uploads\/2020\/08\/image.png?resize=520%2C390\" alt=\"\" class=\"wp-image-263312\" srcset=\"https:\/\/i0.wp.com\/www.tvturk.com\/wp-content\/uploads\/2020\/08\/image.png?w=520 520w, https:\/\/i0.wp.com\/www.tvturk.com\/wp-content\/uploads\/2020\/08\/image.png?resize=150%2C113 150w, https:\/\/i0.wp.com\/www.tvturk.com\/wp-content\/uploads\/2020\/08\/image.png?resize=300%2C225 300w\" sizes=\"auto, (max-width: 520px) 100vw, 520px\" \/><figcaption>Didim Vettur Sitesi sakinleri<\/figcaption><\/figure>\n\n\n\n<p>Pandemi tedbirleri kapsam\u0131nda baz\u0131 resmi t\u00f6ren aktiviteleri iptal edilmi\u015f olsa da, bu durum zafer co\u015fkusunu g\u00f6lgeleyemedi. Kimi \u00fcstlerinde k\u0131rm\u0131z\u0131-beyaz al  bayrakl\u0131 ti\u015f\u00f6rtleri, ellerinde T\u00fcrk bayraklar\u0131 ile s\u00f6ylenen mar\u015flara e\u015flik etti kimi Atat\u00fcrk heykelleri \u00f6n\u00fcnde selam durdu, \u00e7elenk b\u0131rakt\u0131. Ama hepsi de sevgi, minnet ve \u00f6zlem ile ger\u00e7ekle\u015ftirildi.<\/p>\n\n\n\n<p>Bayram co\u015fkusunun ya\u015fand\u0131\u011f\u0131 bir ba\u015fka merkez de Ayd\u0131n&#8217;\u0131n Didim \u0130l\u00e7esi&#8217;ndeki Veteriner Hekimler Sitesi idi.  \u00c7o\u011fu emekli albay, veteriner doktor, \u00f6\u011fretmen, politikac\u0131 olan site sakinleri,  Atat\u00fcrk heykelinin \u00f6n\u00fcnde topland\u0131lar.  \u00d6nce Atat\u00fcrk ve silah arkada\u015flar\u0131 i\u00e7in 1 dakikal\u0131k sayg\u0131 duru\u015funda bulunan site sakinleri, ard\u0131ndan \u0130striklal Mar\u015f\u0131&#8217;n\u0131 s\u00f6ylediler.  Topluluk, yar\u0131n\u0131n b\u00fcy\u00fckleri \u00e7ocuklara da \u00f6rnek oldu.<\/p>\n\n\n\n<figure class=\"wp-block-image\"><img data-recalc-dims=\"1\" loading=\"lazy\" decoding=\"async\" width=\"390\" height=\"520\" src=\"https:\/\/i0.wp.com\/www.tvturk.com\/wp-content\/uploads\/2020\/08\/image-1.png?resize=390%2C520\" alt=\"\" class=\"wp-image-263313\" srcset=\"https:\/\/i0.wp.com\/www.tvturk.com\/wp-content\/uploads\/2020\/08\/image-1.png?w=390 390w, https:\/\/i0.wp.com\/www.tvturk.com\/wp-content\/uploads\/2020\/08\/image-1.png?resize=113%2C150 113w, https:\/\/i0.wp.com\/www.tvturk.com\/wp-content\/uploads\/2020\/08\/image-1.png?resize=225%2C300 225w\" sizes=\"auto, (max-width: 390px) 100vw, 390px\" \/><\/figure>\n","protected":false},"excerpt":{"rendered":"<p>Kovid-19 Pandemisi 30 A\u011fustos Zafer Bayram\u0131&#8217;n\u0131n co\u015fkusunu engelleyemedi. Zaferle sonu\u00e7lanan d\u00fcnyan\u0131n en b\u00fcy\u00fck kahramanl\u0131k destanlar\u0131ndan biri olan B\u00fcy\u00fck Taaruz ve Ba\u015fkomutanl\u0131k Meydan Muharebesi&#8217;nin 98. y\u0131l d\u00f6n\u00fcm\u00fc b\u00fcy\u00fck bir co\u015fku ile kutland\u0131. Kutlamalar sosyal mesafeli ve maskeli olarak t\u00fcm yurtta ger\u00e7ekle\u015ftirildi. Cumhurba\u015fkan\u0131 Recep Tayyip Erdo\u011fan ve beraberindeki heyet, 30 A\u011fustos Zafer Bayram\u0131 dolay\u0131s\u0131yla An\u0131tkabir&#8217;i ziyaret etti. [&hellip;]<\/p>\n","protected":false},"author":1,"featured_media":263317,"comment_status":"closed","ping_status":"open","sticky":false,"template":"","format":"standard","meta":{"jetpack_post_was_ever_published":false,"_jetpack_newsletter_access":"","_jetpack_dont_email_post_to_subs":false,"_jetpack_newsletter_tier_id":0,"_jetpack_memberships_contains_paywalled_content":false,"_jetpack_memberships_contains_paid_content":false,"footnotes":"","jetpack_publicize_message":"","jetpack_publicize_feature_enabled":true,"jetpack_social_post_already_shared":true,"jetpack_social_options":{"image_generator_settings":{"template":"highway","default_image_id":0,"font":"","enabled":false},"version":2}},"categories":[5,655],"tags":[64732,64646,64733],"class_list":["post-263311","post","type-post","status-publish","format-standard","has-post-thumbnail","hentry","category-gundem","category-son-dakika","tag-30-agustos","tag-pandemi","tag-vettur"],"jetpack_publicize_connections":[],"jetpack_featured_media_url":"https:\/\/i0.wp.com\/www.tvturk.com\/wp-content\/uploads\/2020\/08\/didim-2-1.jpg?fit=331%2C410","jetpack_sharing_enabled":true,"jetpack_shortlink":"https:\/\/wp.me\/paKIfm-16uX","_links":{"self":[{"href":"http:\/\/www.tvturk.com\/index.php\/wp-json\/wp\/v2\/posts\/263311","targetHints":{"allow":["GET"]}}],"collection":[{"href":"http:\/\/www.tvturk.com\/index.php\/wp-json\/wp\/v2\/posts"}],"about":[{"href":"http:\/\/www.tvturk.com\/index.php\/wp-json\/wp\/v2\/types\/post"}],"author":[{"embeddable":true,"href":"http:\/\/www.tvturk.com\/index.php\/wp-json\/wp\/v2\/users\/1"}],"replies":[{"embeddable":true,"href":"http:\/\/www.tvturk.com\/index.php\/wp-json\/wp\/v2\/comments?post=263311"}],"version-history":[{"count":1,"href":"http:\/\/www.tvturk.com\/index.php\/wp-json\/wp\/v2\/posts\/263311\/revisions"}],"predecessor-version":[{"id":263316,"href":"http:\/\/www.tvturk.com\/index.php\/wp-json\/wp\/v2\/posts\/263311\/revisions\/263316"}],"wp:featuredmedia":[{"embeddable":true,"href":"http:\/\/www.tvturk.com\/index.php\/wp-json\/wp\/v2\/media\/263317"}],"wp:attachment":[{"href":"http:\/\/www.tvturk.com\/index.php\/wp-json\/wp\/v2\/media?parent=263311"}],"wp:term":[{"taxonomy":"category","embeddable":true,"href":"http:\/\/www.tvturk.com\/index.php\/wp-json\/wp\/v2\/categories?post=263311"},{"taxonomy":"post_tag","embeddable":true,"href":"http:\/\/www.tvturk.com\/index.php\/wp-json\/wp\/v2\/tags?post=263311"}],"curies":[{"name":"wp","href":"https:\/\/api.w.org\/{rel}","templated":true}]}}