{"id":26401,"date":"2019-02-12T17:16:05","date_gmt":"2019-02-12T14:16:05","guid":{"rendered":"http:\/\/www.tvturk.com\/index.php\/osmaniyede-cocuk-isciligi-ile-mucadele-calismalari\/"},"modified":"2019-02-12T17:16:05","modified_gmt":"2019-02-12T14:16:05","slug":"osmaniyede-cocuk-isciligi-ile-mucadele-calismalari","status":"publish","type":"post","link":"http:\/\/www.tvturk.com\/index.php\/osmaniyede-cocuk-isciligi-ile-mucadele-calismalari\/","title":{"rendered":"Osmaniye\u2019de \u00e7ocuk i\u015f\u00e7ili\u011fi ile m\u00fccadele \u00e7al\u0131\u015fmalar\u0131"},"content":{"rendered":"<p>\u00c7ocuk i\u015f\u00e7ili\u011fi ile m\u00fccadele konusunda fark\u0131ndal\u0131k olu\u015fturmak, toplum nezninde duyarl\u0131l\u0131\u011f\u0131 art\u0131rmak, i\u015fverenleri ve aileleri bilin\u00e7lendirmek amac\u0131yla 81 ilde kurulan \u00c7ocuk \u0130\u015f\u00e7ili\u011fi ile M\u00fccadele Birimleri faaliyetlerini s\u00fcrd\u00fcr\u00fcyor.<\/p>\n<p>S\u00f6z konusu birimler, \u00e7ocuk i\u015f\u00e7ili\u011finin \u00f6n\u00fcne ge\u00e7ebilmek i\u00e7in her ilde \u0130\u015eKUR ba\u015fkanl\u0131\u011f\u0131nda \u00e7e\u015fitli kamu kurum ve kurulu\u015flar\u0131n\u0131n kat\u0131l\u0131m\u0131 ile olu\u015fturuldu. Osmaniye\u2019de de olu\u015fturulan ve saha \u00e7al\u0131\u015fmalar\u0131n\u0131 belirli aral\u0131klarla ger\u00e7ekle\u015ftiren \u00c7ocuk \u0130\u015f\u00e7ili\u011fi ile M\u00fccadele Birimi, son toplant\u0131s\u0131n\u0131 Osmaniye \u00c7al\u0131\u015fma ve \u0130\u015f Kurumu \u0130l M\u00fcd\u00fcr Yard\u0131mc\u0131s\u0131 Hac\u0131 Akkoyunlu ba\u015fkanl\u0131\u011f\u0131nda d\u00fczenledi.<\/p>\n<p>\u0130\u015eKUR hizmet binas\u0131nda d\u00fczenlenen toplant\u0131da \u00c7ocuk \u0130\u015f\u00e7ili\u011fi ile M\u00fccadele Birimi ba\u015fkan\u0131 Hac\u0131 Akkoyunlu, olu\u015fturulan ekibin sahada etkin bir \u015fekilde \u00e7al\u0131\u015ft\u0131\u011f\u0131n\u0131, sorunlar\u0131 yerinde tespit ederek \u00e7ocuklar\u0131 okula kazand\u0131rmak amac\u0131yla \u00e7\u00f6z\u00fcmler \u00fcretti\u011fini s\u00f6yledi. Akkoyunlu, saha ekibinin bug\u00fcne kadar \u00e7ar\u015f\u0131 merkez ve k\u00fc\u00e7\u00fck sanayi sitesinde ziyaret etti\u011fi 361 i\u015f yerinde 6 \u00e7ocuk i\u015f\u00e7i tespit etti\u011fini s\u00f6yledi. Tespit edilen 5 \u00e7ocuk, tespit tarihinden k\u0131sa bir s\u00fcre sonra 15 ya\u015f olan \u00e7ocuk i\u015f\u00e7i ya\u015f s\u0131n\u0131r\u0131n\u0131 ge\u00e7ti\u011fi i\u00e7in i\u015flem yap\u0131lmad\u0131\u011f\u0131n\u0131 di\u011fer tespit edilen bir \u00e7ocu\u011fun ise okula kazand\u0131r\u0131ld\u0131\u011f\u0131n\u0131 annesinin de \u0130\u015eKUR Toplum Yarar\u0131na Programlar kapsam\u0131nda i\u015fe yerle\u015ftirildi\u011fini s\u00f6yledi. Ayr\u0131ca okula kazand\u0131r\u0131lan \u00e7ocu\u011fun Gen\u00e7lik ve Spor \u0130l M\u00fcd\u00fcrl\u00fc\u011f\u00fc vas\u0131tas\u0131yla y\u00fczme havuzuna y\u00f6nlendirilerek sosyal aktivite yapmas\u0131n\u0131n sa\u011fland\u0131\u011f\u0131n\u0131 dile getirdi.<\/p>\n<p>Osmaniye \u00c7al\u0131\u015fma ve \u0130\u015f Kurumu \u015eube M\u00fcd\u00fcr\u00fc Sava\u015f Kurt ise \u00fcyelere yapm\u0131\u015f oldu\u011fu sunumda, hedeflerinin sokakta \u00e7al\u0131\u015fan, k\u00fc\u00e7\u00fck ve orta \u00f6l\u00e7ekli i\u015fletmelerde a\u011f\u0131r ve tehlikeli i\u015flerde \u00e7al\u0131\u015fan, aile i\u015fleri d\u0131\u015f\u0131nda, \u00fccret kar\u015f\u0131l\u0131\u011f\u0131 gezici ve ge\u00e7ici tar\u0131m i\u015flerinde \u00e7al\u0131\u015fan \u00e7ocuklar\u0131n tespitinin yap\u0131larak \u00e7ocuk i\u015f\u00e7ili\u011fini ortadan kald\u0131rmak oldu\u011funu belirtti.<\/p>\n<p>Toplant\u0131ya \u00c7al\u0131\u015fma ve \u0130\u015f Kurumu \u0130l M\u00fcd\u00fcr Yard\u0131mc\u0131s\u0131 Hac\u0131 Akkoyunlu ile \u015eube M\u00fcd\u00fcr\u00fc Sava\u015f Kurt\u2019un yan\u0131 s\u0131ra, \u015eef Emre Hayat, SGK \u0130l M\u00fcd\u00fcr Yard\u0131mc\u0131s\u0131 Soner Do\u011fan, Mehmet Ali Kaytan,  \u0130l Milli E\u011fitim M\u00fcd\u00fcr Yard\u0131mc\u0131s\u0131 M\u0131lla Kat\u0131k, Psikolojik Dan\u0131\u015fman Ruhg\u00fcn Altuner, Aile, \u00c7al\u0131\u015fma ve Sosyal Hizmetler \u015eube M\u00fcd\u00fcr\u00fc S\u00fcleyman Y\u0131ld\u0131r\u0131m, Sosyolog Halil Akkurt, Sosyal Yard\u0131mla\u015fma ve Dayan\u0131\u015fma Vakf\u0131nda \u0130nceleme G\u00f6revlisi A. Sefa Akkoyunlu, Gen\u00e7lik ve Spor \u0130l M\u00fcd\u00fcrl\u00fc\u011f\u00fcnde g\u00f6revli Kemalettin Y\u0131ld\u0131ztekin, \u0130l Emniyet M\u00fcd\u00fcrl\u00fc\u011f\u00fc \u00c7ocuk \u015eubesinden Polis Memuru Mehmet Ko\u00e7 ve Osmaniye Belediyesinde Zab\u0131ta Mehmet \u00c7enet kat\u0131ld\u0131.<\/p>\n","protected":false},"excerpt":{"rendered":"<p>OSMAN\u0130YE\u2019DE DE OLU\u015eTURULAN VE SAHA \u00c7ALI\u015eMALARINI BEL\u0130RL\u0130 ARALIKLARLA GER\u00c7EKLE\u015eT\u0130REN \u00c7OCUK \u0130\u015e\u00c7\u0130L\u0130\u011e\u0130 \u0130LE M\u00dcCADELE B\u0130R\u0130M\u0130, SON TOPLANTISINI OSMAN\u0130YE \u00c7ALI\u015eMA VE \u0130\u015e KURUMU \u0130L M\u00dcD\u00dcR YARDIMCISI HACI AKKOYUNLU BA\u015eKANLI\u011eINDA D\u00dcZENLED\u0130.<\/p>\n","protected":false},"author":1,"featured_media":26402,"comment_status":"closed","ping_status":"open","sticky":false,"template":"","format":"standard","meta":{"jetpack_post_was_ever_published":false,"_jetpack_newsletter_access":"","_jetpack_dont_email_post_to_subs":false,"_jetpack_newsletter_tier_id":0,"_jetpack_memberships_contains_paywalled_content":false,"_jetpack_memberships_contains_paid_content":false,"footnotes":"","jetpack_publicize_message":"","jetpack_publicize_feature_enabled":true,"jetpack_social_post_already_shared":false,"jetpack_social_options":{"image_generator_settings":{"template":"highway","default_image_id":0,"font":"","enabled":false},"version":2}},"categories":[655],"tags":[310,1008,192,10877,888,10083],"class_list":["post-26401","post","type-post","status-publish","format-standard","has-post-thumbnail","hentry","category-son-dakika","tag-calismalari","tag-cocuk","tag-ile","tag-isciligi","tag-mucadele","tag-osmaniyede"],"jetpack_publicize_connections":[],"jetpack_featured_media_url":"https:\/\/i0.wp.com\/www.tvturk.com\/wp-content\/uploads\/2019\/02\/osmaniyede-cocuk-isciligi-ile-mucadele-calismalari_c545a9d.jpg?fit=1000%2C460","jetpack_sharing_enabled":true,"jetpack_shortlink":"https:\/\/wp.me\/paKIfm-6RP","_links":{"self":[{"href":"http:\/\/www.tvturk.com\/index.php\/wp-json\/wp\/v2\/posts\/26401","targetHints":{"allow":["GET"]}}],"collection":[{"href":"http:\/\/www.tvturk.com\/index.php\/wp-json\/wp\/v2\/posts"}],"about":[{"href":"http:\/\/www.tvturk.com\/index.php\/wp-json\/wp\/v2\/types\/post"}],"author":[{"embeddable":true,"href":"http:\/\/www.tvturk.com\/index.php\/wp-json\/wp\/v2\/users\/1"}],"replies":[{"embeddable":true,"href":"http:\/\/www.tvturk.com\/index.php\/wp-json\/wp\/v2\/comments?post=26401"}],"version-history":[{"count":0,"href":"http:\/\/www.tvturk.com\/index.php\/wp-json\/wp\/v2\/posts\/26401\/revisions"}],"wp:featuredmedia":[{"embeddable":true,"href":"http:\/\/www.tvturk.com\/index.php\/wp-json\/wp\/v2\/media\/26402"}],"wp:attachment":[{"href":"http:\/\/www.tvturk.com\/index.php\/wp-json\/wp\/v2\/media?parent=26401"}],"wp:term":[{"taxonomy":"category","embeddable":true,"href":"http:\/\/www.tvturk.com\/index.php\/wp-json\/wp\/v2\/categories?post=26401"},{"taxonomy":"post_tag","embeddable":true,"href":"http:\/\/www.tvturk.com\/index.php\/wp-json\/wp\/v2\/tags?post=26401"}],"curies":[{"name":"wp","href":"https:\/\/api.w.org\/{rel}","templated":true}]}}