{"id":26442,"date":"2019-02-12T17:21:02","date_gmt":"2019-02-12T14:21:02","guid":{"rendered":"http:\/\/www.tvturk.com\/index.php\/vanda-bagimlilikla-mucadele-il-koordinasyon-toplantisi\/"},"modified":"2019-02-12T17:21:04","modified_gmt":"2019-02-12T14:21:04","slug":"vanda-bagimlilikla-mucadele-il-koordinasyon-toplantisi","status":"publish","type":"post","link":"http:\/\/www.tvturk.com\/index.php\/vanda-bagimlilikla-mucadele-il-koordinasyon-toplantisi\/","title":{"rendered":"Van\u2019da \u2018Ba\u011f\u0131ml\u0131l\u0131kla M\u00fccadele \u0130l Koordinasyon\u2019 toplant\u0131s\u0131"},"content":{"rendered":"<p>Van Valisi Mehmet Emin Bilmez ba\u015fkanl\u0131\u011f\u0131nda \u201cBa\u011f\u0131ml\u0131l\u0131kla M\u00fccadele \u0130l Koordinasyon\u201d toplant\u0131s\u0131 ger\u00e7ekle\u015ftirildi.<\/p>\n<p>Toplant\u0131da, ilk olarak \u0130l Sa\u011fl\u0131k M\u00fcd\u00fcrl\u00fc\u011f\u00fc Halk Sa\u011fl\u0131\u011f\u0131 Hizmetleri Ba\u015fkan Yard\u0131mc\u0131s\u0131 B\u00fc\u015fra Tapan So\u011fan, uyu\u015fturucu ve ba\u011f\u0131ml\u0131l\u0131kla m\u00fccadele kapsam\u0131nda yap\u0131lan \u00e7al\u0131\u015fmalar, koruyucu ve \u00f6nleyici hizmetleri sunum e\u015fli\u011finde anlatt\u0131.<\/p>\n<p>Daha sonra k\u00fcrs\u00fcye \u00e7\u0131kan Ye\u015filay Cemiyeti Van \u015eube Ba\u015fkan\u0131 Do\u00e7. Dr. Rahmi Tekin, y\u00fcr\u00fct\u00fclen projeler ve 2019 y\u0131l\u0131 i\u00e7erisinde yap\u0131lmas\u0131 planlanan \u00e7al\u0131\u015fmalar\u0131 slaytlar e\u015fli\u011finde kat\u0131l\u0131mc\u0131lara sundu.<\/p>\n<p>\u0130l Emniyet M\u00fcd\u00fcr\u00fc Mehmet Suat Ekici, ard\u0131ndan da \u0130l Jandarma Komutan\u0131 Tu\u011fgeneral Yavuz \u00d6zfidan da, uyu\u015fturucu ile m\u00fccadelede elde edilen ba\u015far\u0131lar ve operasyonlarda ele ge\u00e7irilen uyu\u015fturucu miktar\u0131 hakk\u0131nda bilgi verdi.<\/p>\n<p>Toplant\u0131 sonunda konu\u015fan Vali Mehmet Emin Bilmez, toplumun bu konuda daha duyarl\u0131 hale gelmesi i\u00e7in \u00e7al\u0131\u015fma yap\u0131lmas\u0131 gerekti\u011fine dikkat \u00e7ekti. Vali Bilmez, \u201cToplumun her kesimine uyu\u015fturucu ile m\u00fccadele konusunda \u00e7ok b\u00fcy\u00fck g\u00f6revler d\u00fc\u015f\u00fcyor. Bizim gelece\u011fimiz olan gen\u00e7lerimizi ba\u011f\u0131ml\u0131l\u0131ktan korumak ve kurtarmak i\u00e7in ba\u015fta anne ve babalar, kamu kurumlar\u0131m\u0131z olmak \u00fczere herkesim seferber olmal\u0131d\u0131r\u201d dedi.<\/p>\n<p>Toplant\u0131, kat\u0131l\u0131mc\u0131lar\u0131n talepleri ve \u00f6nerileriyle son buldu.<\/p>\n<p>Toplant\u0131ya Vali Yard\u0131mc\u0131s\u0131 Faruk B\u00fclent Bayg\u00fcven, Cumhuriyet Ba\u015fsavc\u0131s\u0131 \u0130brahim Keskin ve ilgili kurum m\u00fcd\u00fcrleri de kat\u0131ld\u0131.<div class=\"tiled-gallery type-rectangular tiled-gallery-unresized\" data-original-width=\"500\" data-carousel-extra='null' itemscope itemtype=\"http:\/\/schema.org\/ImageGallery\" > <div class=\"gallery-row\" style=\"width: 500px; height: 128px;\" data-original-width=\"500\" data-original-height=\"128\" > <div class=\"gallery-group images-1\" style=\"width: 232px; height: 128px;\" data-original-width=\"232\" data-original-height=\"128\" > <div class=\"tiled-gallery-item tiled-gallery-item-small\" itemprop=\"associatedMedia\" itemscope itemtype=\"http:\/\/schema.org\/ImageObject\"> <a href=\"http:\/\/www.tvturk.com\/index.php\/vanda-bagimlilikla-mucadele-il-koordinasyon-toplantisi\/vanda-bagimlilikla-mucadele-il-koordinasyon-toplantisi-3\/\" border=\"0\" itemprop=\"url\"> <meta itemprop=\"width\" content=\"228\"> <meta itemprop=\"height\" content=\"124\"> <img decoding=\"async\" class=\"\" data-attachment-id=\"26444\" data-orig-file=\"http:\/\/www.tvturk.com\/wp-content\/uploads\/2019\/02\/vanda-bagimlilikla-mucadele-il-koordinasyon-toplantisi_928ae11.jpg\" data-orig-size=\"1000,541\" data-comments-opened=\"\" data-image-meta=\"{&quot;aperture&quot;:&quot;0&quot;,&quot;credit&quot;:&quot;IHA&quot;,&quot;camera&quot;:&quot;&quot;,&quot;caption&quot;:&quot;VAN VAL\\u0130S\\u0130 MEHMET EM\\u0130N B\\u0130LMEZ BA\\u015eKANLI\\u011eINDA \\u201cBA\\u011eIMLILIKLA M\\u00dcCADELE \\u0130L KOORD\\u0130NASYON\\u201d TOPLANTISI GER\\u00c7EKLE\\u015eT\\u0130R\\u0130LD\\u0130. (MEHMET SAL\\u0130H AKKU\\u015e\\\/VAN-\\u0130HA)&quot;,&quot;created_timestamp&quot;:&quot;0&quot;,&quot;copyright&quot;:&quot;\\u0130HLAS HABER AJANSI, www.iha.com.tr&quot;,&quot;focal_length&quot;:&quot;0&quot;,&quot;iso&quot;:&quot;0&quot;,&quot;shutter_speed&quot;:&quot;0&quot;,&quot;title&quot;:&quot;VAN\\u2019DA \\u2018BA\\u011eIMLILIKLA M\\u00dcCADELE \\u0130L KOORD\\u0130NASYON\\u2019 TOPLANTISI&quot;,&quot;orientation&quot;:&quot;0&quot;}\" data-image-title=\"Van\u2019da \u2018Ba\u011f\u0131ml\u0131l\u0131kla M\u00fccadele \u0130l Koordinasyon\u2019 toplant\u0131s\u0131\" data-image-description=\"&lt;p&gt;Van\u2019da \u2018Ba\u011f\u0131ml\u0131l\u0131kla M\u00fccadele \u0130l Koordinasyon\u2019 toplant\u0131s\u0131&lt;\/p&gt; \" data-medium-file=\"https:\/\/i0.wp.com\/www.tvturk.com\/wp-content\/uploads\/2019\/02\/vanda-bagimlilikla-mucadele-il-koordinasyon-toplantisi_928ae11.jpg?fit=300%2C162\" data-large-file=\"https:\/\/i0.wp.com\/www.tvturk.com\/wp-content\/uploads\/2019\/02\/vanda-bagimlilikla-mucadele-il-koordinasyon-toplantisi_928ae11.jpg?fit=1000%2C541\" src=\"https:\/\/i0.wp.com\/www.tvturk.com\/wp-content\/uploads\/2019\/02\/vanda-bagimlilikla-mucadele-il-koordinasyon-toplantisi_928ae11.jpg?w=228&#038;h=124\" srcset=\"https:\/\/i0.wp.com\/www.tvturk.com\/wp-content\/uploads\/2019\/02\/vanda-bagimlilikla-mucadele-il-koordinasyon-toplantisi_928ae11.jpg?w=1000 1000w, https:\/\/i0.wp.com\/www.tvturk.com\/wp-content\/uploads\/2019\/02\/vanda-bagimlilikla-mucadele-il-koordinasyon-toplantisi_928ae11.jpg?resize=150%2C81 150w, https:\/\/i0.wp.com\/www.tvturk.com\/wp-content\/uploads\/2019\/02\/vanda-bagimlilikla-mucadele-il-koordinasyon-toplantisi_928ae11.jpg?resize=300%2C162 300w, https:\/\/i0.wp.com\/www.tvturk.com\/wp-content\/uploads\/2019\/02\/vanda-bagimlilikla-mucadele-il-koordinasyon-toplantisi_928ae11.jpg?resize=768%2C415 768w\" width=\"228\" height=\"124\" loading=\"lazy\" data-original-width=\"228\" data-original-height=\"124\" itemprop=\"http:\/\/schema.org\/image\" title=\"Van\u2019da \u2018Ba\u011f\u0131ml\u0131l\u0131kla M\u00fccadele \u0130l Koordinasyon\u2019 toplant\u0131s\u0131\" alt=\"Van\u2019da \u2018Ba\u011f\u0131ml\u0131l\u0131kla M\u00fccadele \u0130l Koordinasyon\u2019 toplant\u0131s\u0131\" style=\"width: 228px; height: 124px;\" \/> <\/a> <\/div> <\/div> <!-- close group --> <div class=\"gallery-group images-1\" style=\"width: 268px; height: 128px;\" data-original-width=\"268\" data-original-height=\"128\" > <div class=\"tiled-gallery-item tiled-gallery-item-large\" itemprop=\"associatedMedia\" itemscope itemtype=\"http:\/\/schema.org\/ImageObject\"> <a href=\"http:\/\/www.tvturk.com\/index.php\/vanda-bagimlilikla-mucadele-il-koordinasyon-toplantisi\/vanda-bagimlilikla-mucadele-il-koordinasyon-toplantisi-4\/\" border=\"0\" itemprop=\"url\"> <meta itemprop=\"width\" content=\"264\"> <meta itemprop=\"height\" content=\"124\"> <img decoding=\"async\" class=\"\" data-attachment-id=\"26445\" data-orig-file=\"http:\/\/www.tvturk.com\/wp-content\/uploads\/2019\/02\/vanda-bagimlilikla-mucadele-il-koordinasyon-toplantisi_bc7b2c0.jpg\" data-orig-size=\"1000,469\" data-comments-opened=\"\" data-image-meta=\"{&quot;aperture&quot;:&quot;0&quot;,&quot;credit&quot;:&quot;IHA&quot;,&quot;camera&quot;:&quot;&quot;,&quot;caption&quot;:&quot;VAN VAL\\u0130S\\u0130 MEHMET EM\\u0130N B\\u0130LMEZ BA\\u015eKANLI\\u011eINDA \\u201cBA\\u011eIMLILIKLA M\\u00dcCADELE \\u0130L KOORD\\u0130NASYON\\u201d TOPLANTISI GER\\u00c7EKLE\\u015eT\\u0130R\\u0130LD\\u0130. (MEHMET SAL\\u0130H AKKU\\u015e\\\/VAN-\\u0130HA)&quot;,&quot;created_timestamp&quot;:&quot;0&quot;,&quot;copyright&quot;:&quot;\\u0130HLAS HABER AJANSI, www.iha.com.tr&quot;,&quot;focal_length&quot;:&quot;0&quot;,&quot;iso&quot;:&quot;0&quot;,&quot;shutter_speed&quot;:&quot;0&quot;,&quot;title&quot;:&quot;VAN\\u2019DA \\u2018BA\\u011eIMLILIKLA M\\u00dcCADELE \\u0130L KOORD\\u0130NASYON\\u2019 TOPLANTISI&quot;,&quot;orientation&quot;:&quot;0&quot;}\" data-image-title=\"Van\u2019da \u2018Ba\u011f\u0131ml\u0131l\u0131kla M\u00fccadele \u0130l Koordinasyon\u2019 toplant\u0131s\u0131\" data-image-description=\"&lt;p&gt;Van\u2019da \u2018Ba\u011f\u0131ml\u0131l\u0131kla M\u00fccadele \u0130l Koordinasyon\u2019 toplant\u0131s\u0131&lt;\/p&gt; \" data-medium-file=\"https:\/\/i0.wp.com\/www.tvturk.com\/wp-content\/uploads\/2019\/02\/vanda-bagimlilikla-mucadele-il-koordinasyon-toplantisi_bc7b2c0.jpg?fit=300%2C141\" data-large-file=\"https:\/\/i0.wp.com\/www.tvturk.com\/wp-content\/uploads\/2019\/02\/vanda-bagimlilikla-mucadele-il-koordinasyon-toplantisi_bc7b2c0.jpg?fit=1000%2C469\" src=\"https:\/\/i0.wp.com\/www.tvturk.com\/wp-content\/uploads\/2019\/02\/vanda-bagimlilikla-mucadele-il-koordinasyon-toplantisi_bc7b2c0.jpg?w=264&#038;h=124\" srcset=\"https:\/\/i0.wp.com\/www.tvturk.com\/wp-content\/uploads\/2019\/02\/vanda-bagimlilikla-mucadele-il-koordinasyon-toplantisi_bc7b2c0.jpg?w=1000 1000w, https:\/\/i0.wp.com\/www.tvturk.com\/wp-content\/uploads\/2019\/02\/vanda-bagimlilikla-mucadele-il-koordinasyon-toplantisi_bc7b2c0.jpg?resize=150%2C70 150w, https:\/\/i0.wp.com\/www.tvturk.com\/wp-content\/uploads\/2019\/02\/vanda-bagimlilikla-mucadele-il-koordinasyon-toplantisi_bc7b2c0.jpg?resize=300%2C141 300w, https:\/\/i0.wp.com\/www.tvturk.com\/wp-content\/uploads\/2019\/02\/vanda-bagimlilikla-mucadele-il-koordinasyon-toplantisi_bc7b2c0.jpg?resize=768%2C360 768w\" width=\"264\" height=\"124\" loading=\"lazy\" data-original-width=\"264\" data-original-height=\"124\" itemprop=\"http:\/\/schema.org\/image\" title=\"Van\u2019da \u2018Ba\u011f\u0131ml\u0131l\u0131kla M\u00fccadele \u0130l Koordinasyon\u2019 toplant\u0131s\u0131\" alt=\"Van\u2019da \u2018Ba\u011f\u0131ml\u0131l\u0131kla M\u00fccadele \u0130l Koordinasyon\u2019 toplant\u0131s\u0131\" style=\"width: 264px; height: 124px;\" \/> <\/a> <\/div> <\/div> <!-- close group --> <\/div> <!-- close row --> <\/div><\/p>\n","protected":false},"excerpt":{"rendered":"<p>VAN VAL\u0130S\u0130 MEHMET EM\u0130N B\u0130LMEZ BA\u015eKANLI\u011eINDA \u201cBA\u011eIMLILIKLA M\u00dcCADELE \u0130L KOORD\u0130NASYON\u201d TOPLANTISI GER\u00c7EKLE\u015eT\u0130R\u0130LD\u0130.<\/p>\n","protected":false},"author":1,"featured_media":26443,"comment_status":"closed","ping_status":"open","sticky":false,"template":"","format":"standard","meta":{"jetpack_post_was_ever_published":false,"_jetpack_newsletter_access":"","_jetpack_dont_email_post_to_subs":false,"_jetpack_newsletter_tier_id":0,"_jetpack_memberships_contains_paywalled_content":false,"_jetpack_memberships_contains_paid_content":false,"footnotes":"","jetpack_publicize_message":"","jetpack_publicize_feature_enabled":true,"jetpack_social_post_already_shared":false,"jetpack_social_options":{"image_generator_settings":{"template":"highway","default_image_id":0,"font":"","enabled":false},"version":2}},"categories":[655],"tags":[10891,424,358,888,347,1203],"class_list":["post-26442","post","type-post","status-publish","format-standard","has-post-thumbnail","hentry","category-son-dakika","tag-bagimlilikla","tag-il","tag-koordinasyon","tag-mucadele","tag-toplantisi","tag-vanda"],"jetpack_publicize_connections":[],"jetpack_featured_media_url":"https:\/\/i0.wp.com\/www.tvturk.com\/wp-content\/uploads\/2019\/02\/vanda-bagimlilikla-mucadele-il-koordinasyon-toplantisi_edd1ba8.jpg?fit=1000%2C625","jetpack_sharing_enabled":true,"jetpack_shortlink":"https:\/\/wp.me\/paKIfm-6Su","_links":{"self":[{"href":"http:\/\/www.tvturk.com\/index.php\/wp-json\/wp\/v2\/posts\/26442","targetHints":{"allow":["GET"]}}],"collection":[{"href":"http:\/\/www.tvturk.com\/index.php\/wp-json\/wp\/v2\/posts"}],"about":[{"href":"http:\/\/www.tvturk.com\/index.php\/wp-json\/wp\/v2\/types\/post"}],"author":[{"embeddable":true,"href":"http:\/\/www.tvturk.com\/index.php\/wp-json\/wp\/v2\/users\/1"}],"replies":[{"embeddable":true,"href":"http:\/\/www.tvturk.com\/index.php\/wp-json\/wp\/v2\/comments?post=26442"}],"version-history":[{"count":1,"href":"http:\/\/www.tvturk.com\/index.php\/wp-json\/wp\/v2\/posts\/26442\/revisions"}],"predecessor-version":[{"id":26446,"href":"http:\/\/www.tvturk.com\/index.php\/wp-json\/wp\/v2\/posts\/26442\/revisions\/26446"}],"wp:featuredmedia":[{"embeddable":true,"href":"http:\/\/www.tvturk.com\/index.php\/wp-json\/wp\/v2\/media\/26443"}],"wp:attachment":[{"href":"http:\/\/www.tvturk.com\/index.php\/wp-json\/wp\/v2\/media?parent=26442"}],"wp:term":[{"taxonomy":"category","embeddable":true,"href":"http:\/\/www.tvturk.com\/index.php\/wp-json\/wp\/v2\/categories?post=26442"},{"taxonomy":"post_tag","embeddable":true,"href":"http:\/\/www.tvturk.com\/index.php\/wp-json\/wp\/v2\/tags?post=26442"}],"curies":[{"name":"wp","href":"https:\/\/api.w.org\/{rel}","templated":true}]}}