{"id":26483,"date":"2019-02-12T17:31:06","date_gmt":"2019-02-12T14:31:06","guid":{"rendered":"http:\/\/www.tvturk.com\/index.php\/sehit-yuzbasiya-izmirden-huzunlu-veda\/"},"modified":"2019-02-12T17:31:11","modified_gmt":"2019-02-12T14:31:11","slug":"sehit-yuzbasiya-izmirden-huzunlu-veda","status":"publish","type":"post","link":"http:\/\/www.tvturk.com\/index.php\/sehit-yuzbasiya-izmirden-huzunlu-veda\/","title":{"rendered":"\u015eehit y\u00fczba\u015f\u0131ya \u0130zmir\u2019den h\u00fcz\u00fcnl\u00fc veda"},"content":{"rendered":"<p>\u0130stanbul \u00c7ekmek\u00f6y\u2019de zorunlu ini\u015f yapmak isteyen T\u00fcrk Silahl\u0131 Kuvvetleri\u2019ne ait askeri helikopterin d\u00fc\u015fmesi sonucu sonucu \u015fehit olan d\u00f6rt askerden biri olan Kara Pilot Y\u00fczba\u015f\u0131 \u00dcmit \u00d6zerli, \u0130zmir\u2019de son yolculu\u011funa g\u00f6zya\u015flar\u0131yla u\u011furland\u0131.<\/p>\n<p>D\u00fcn ak\u015fam \u0130stanbul \u00c7ekmek\u00f6y\u2019de e\u011fitim u\u00e7u\u015fundan d\u00f6nen askeri helikopterin acil ini\u015f yapmak isterken d\u00fc\u015fmesi sonucu \u015fehit olan d\u00f6rt askerden biri olan Kara Pilot Y\u00fczba\u015f\u0131 \u00dcmit \u00d6zerli (33) i\u00e7in memleketi \u0130zmir\u2019de son yolculu\u011funa u\u011furland\u0131. \u015eehit \u00d6zerli i\u00e7in Bergama Kur\u015funlu Camii\u2019nde  ikindi namaz\u0131n\u0131n ard\u0131ndan cenaze t\u00f6reni d\u00fczenlendi.<\/p>\n<p>Emekli Astsubay Nurettin \u00d6zerli ve Ay\u015fe \u00d6zerli \u00e7iftinin iki \u00e7ocu\u011fundan biri olan \u00dcmit \u00d6zerli\u2019nin T\u00fcrk bayra\u011f\u0131na sar\u0131l\u0131 tabutu camiye getirilerek katafalka konuldu. \u015eehidin annesi Ay\u015fe \u00d6zerli, ananesi Muradiye \u015een, e\u015fi B\u00fc\u015fra \u00d6zerli, karde\u015fi Piyade Y\u00fczba\u015f\u0131 Murat \u00d6zerli tabuta sar\u0131ld\u0131. Anne Ay\u015fe \u00d6zerli ile e\u015fi bir an olsun \u015fehidin ba\u015f\u0131ndan ayr\u0131lmad\u0131 ve uzun s\u00fcre tabutu \u00f6pt\u00fc.<\/p>\n<p>Anne Ay\u015fe \u00d6zerli, &#8220;Son \u015fehit olsun, o\u011flumu g\u00f6t\u00fcrmeyin. Yakt\u0131n y\u00fcre\u011fimi o\u011flum\u201d diyerek tabutuna sar\u0131ld\u0131.<\/p>\n<p>Annenin feryad\u0131 askerleri a\u011flatt\u0131<\/p>\n<p>\u0130l M\u00fcft\u00fcs\u00fc Recep \u015e\u00fckr\u00fc Balkan taraf\u0131ndan k\u0131ld\u0131r\u0131lan cenaze namaz\u0131n\u0131n ard\u0131ndan \u015fehit \u00d6zerli\u2019nin tabutunu, askerler omuzlamak istedi. Bu s\u0131rada anne Ay\u015fe \u00d6zerli o\u011flunun tabutuna son kez sar\u0131larak &#8220;G\u00f6t\u00fcrmeyin o\u011flumu beni g\u00f6t\u00fcr\u00fcn\u201d diye feryat etti. Bunun \u00fczerine askerler g\u00f6zya\u015flar\u0131n\u0131 tutamad\u0131. Ard\u0131ndan \u015fehidin naa\u015f\u0131 omuzlara al\u0131narak askeri t\u00f6renle top arabas\u0131na konuldu. \u015eehidin ailesi de bir s\u00fcre top arabas\u0131n\u0131n arkas\u0131nda protokolle birlikte y\u00fcr\u00fcrken, y\u00fczlerce vatanda\u015f da aileye destek verdi.<\/p>\n<p>\u015eehidin cenazesi daha sonra cenaze arac\u0131na konularak, Bergama \u015eehitli\u011fi\u2019nde topra\u011fa verildi.<\/p>\n<p>T\u00f6rene, Tar\u0131m ve Orman Bakan Bekir Pakdemirli, \u0130zmir Valisi Erol Ayy\u0131ld\u0131z, \u0130l Emniyet M\u00fcd\u00fcr\u00fc H\u00fcseyin A\u015fk\u0131n, Ege Ordu Komutan\u0131 Orgeneral Abdullah Recep, \u0130zmir B\u00fcy\u00fck\u015fehir Belediye Ba\u015fkan Vekili S\u0131rr\u0131 Aydo\u011fan, AK Parti \u0130l Ba\u015fkan\u0131 Ayd\u0131n \u015eeng\u00fcl, milletvekilleri ve \u00e7ok say\u0131da vatanda\u015f kat\u0131ld\u0131.<div class=\"tiled-gallery type-rectangular tiled-gallery-unresized\" data-original-width=\"500\" data-carousel-extra='null' itemscope itemtype=\"http:\/\/schema.org\/ImageGallery\" > <div class=\"gallery-row\" style=\"width: 500px; height: 251px;\" data-original-width=\"500\" data-original-height=\"251\" > <div class=\"gallery-group images-1\" style=\"width: 334px; height: 251px;\" data-original-width=\"334\" data-original-height=\"251\" > <div class=\"tiled-gallery-item tiled-gallery-item-large\" itemprop=\"associatedMedia\" itemscope itemtype=\"http:\/\/schema.org\/ImageObject\"> <a href=\"http:\/\/www.tvturk.com\/index.php\/sehit-yuzbasiya-izmirden-huzunlu-veda\/sehit-yuzbasiya-izmirden-huzunlu-veda-3\/\" border=\"0\" itemprop=\"url\"> <meta itemprop=\"width\" content=\"330\"> <meta itemprop=\"height\" content=\"247\"> <img decoding=\"async\" class=\"\" data-attachment-id=\"26485\" data-orig-file=\"http:\/\/www.tvturk.com\/wp-content\/uploads\/2019\/02\/sehit-yuzbasiya-izmirden-huzunlu-veda_9256749.jpg\" data-orig-size=\"1000,750\" data-comments-opened=\"\" data-image-meta=\"{&quot;aperture&quot;:&quot;0&quot;,&quot;credit&quot;:&quot;IHA&quot;,&quot;camera&quot;:&quot;&quot;,&quot;caption&quot;:&quot;\\u0130STANBUL \\u00c7EKMEK\\u00d6Y\\u0027DE ZORUNLU \\u0130N\\u0130\\u015e YAPMAK \\u0130STEYEN T\\u00dcRK S\\u0130LAHLI KUVVETLER\\u0130\\u0027NE A\\u0130T ASKER\\u0130 HEL\\u0130KOPTER\\u0130N D\\u00dc\\u015eMES\\u0130 SONUCU SONUCU \\u015eEH\\u0130T OLAN D\\u00d6RT ASKERDEN B\\u0130R\\u0130 OLAN KARA P\\u0130LOT Y\\u00dcZBA\\u015eI \\u00dcM\\u0130T \\u00d6ZERL\\u0130, \\u0130ZM\\u0130R\\u2019DE SON YOLCULU\\u011eUNA G\\u00d6ZYA\\u015eLARIYLA U\\u011eURLANDI. (M\\u0130HRAP D\\u00dcZ\\u00d6Z - S\\u0130NAN YEN\\u0130\\u00c7ER\\u0130\\\/\\u0130ZM\\u0130R-\\u0130HA)&quot;,&quot;created_timestamp&quot;:&quot;0&quot;,&quot;copyright&quot;:&quot;\\u0130HLAS HABER AJANSI, www.iha.com.tr&quot;,&quot;focal_length&quot;:&quot;0&quot;,&quot;iso&quot;:&quot;0&quot;,&quot;shutter_speed&quot;:&quot;0&quot;,&quot;title&quot;:&quot;\\u015eEH\\u0130T Y\\u00dcZBA\\u015eIYA \\u0130ZM\\u0130R\\u2019DEN H\\u00dcZ\\u00dcNL\\u00dc VEDA ANNEN\\u0130N \\u2018O\\u011eLUMU G\\u00d6T\\u00dcRMEY\\u0130N\\u2019 FERYADI ASKERLER\\u0130 A\\u011eLATTI&quot;,&quot;orientation&quot;:&quot;0&quot;}\" data-image-title=\"\u015eehit y\u00fczba\u015f\u0131ya \u0130zmir\u2019den h\u00fcz\u00fcnl\u00fc veda\" data-image-description=\"&lt;p&gt;\u015eehit y\u00fczba\u015f\u0131ya \u0130zmir\u2019den h\u00fcz\u00fcnl\u00fc veda&lt;\/p&gt; \" data-medium-file=\"https:\/\/i0.wp.com\/www.tvturk.com\/wp-content\/uploads\/2019\/02\/sehit-yuzbasiya-izmirden-huzunlu-veda_9256749.jpg?fit=300%2C225\" data-large-file=\"https:\/\/i0.wp.com\/www.tvturk.com\/wp-content\/uploads\/2019\/02\/sehit-yuzbasiya-izmirden-huzunlu-veda_9256749.jpg?fit=1000%2C750\" src=\"https:\/\/i0.wp.com\/www.tvturk.com\/wp-content\/uploads\/2019\/02\/sehit-yuzbasiya-izmirden-huzunlu-veda_9256749.jpg?w=330&#038;h=247\" srcset=\"https:\/\/i0.wp.com\/www.tvturk.com\/wp-content\/uploads\/2019\/02\/sehit-yuzbasiya-izmirden-huzunlu-veda_9256749.jpg?w=1000 1000w, https:\/\/i0.wp.com\/www.tvturk.com\/wp-content\/uploads\/2019\/02\/sehit-yuzbasiya-izmirden-huzunlu-veda_9256749.jpg?resize=150%2C113 150w, https:\/\/i0.wp.com\/www.tvturk.com\/wp-content\/uploads\/2019\/02\/sehit-yuzbasiya-izmirden-huzunlu-veda_9256749.jpg?resize=300%2C225 300w, https:\/\/i0.wp.com\/www.tvturk.com\/wp-content\/uploads\/2019\/02\/sehit-yuzbasiya-izmirden-huzunlu-veda_9256749.jpg?resize=768%2C576 768w\" width=\"330\" height=\"247\" loading=\"lazy\" data-original-width=\"330\" data-original-height=\"247\" itemprop=\"http:\/\/schema.org\/image\" title=\"\u015eehit y\u00fczba\u015f\u0131ya \u0130zmir\u2019den h\u00fcz\u00fcnl\u00fc veda\" alt=\"\u015eehit y\u00fczba\u015f\u0131ya \u0130zmir\u2019den h\u00fcz\u00fcnl\u00fc veda\" style=\"width: 330px; height: 247px;\" \/> <\/a> <\/div> <\/div> <!-- close group --> <div class=\"gallery-group images-2\" style=\"width: 166px; height: 251px;\" data-original-width=\"166\" data-original-height=\"251\" > <div class=\"tiled-gallery-item tiled-gallery-item-small\" itemprop=\"associatedMedia\" itemscope itemtype=\"http:\/\/schema.org\/ImageObject\"> <a href=\"http:\/\/www.tvturk.com\/index.php\/sehit-yuzbasiya-izmirden-huzunlu-veda\/sehit-yuzbasiya-izmirden-huzunlu-veda-4\/\" border=\"0\" itemprop=\"url\"> <meta itemprop=\"width\" content=\"162\"> <meta itemprop=\"height\" content=\"122\"> <img decoding=\"async\" class=\"\" data-attachment-id=\"26486\" data-orig-file=\"http:\/\/www.tvturk.com\/wp-content\/uploads\/2019\/02\/sehit-yuzbasiya-izmirden-huzunlu-veda_284b743.jpg\" data-orig-size=\"1000,750\" data-comments-opened=\"\" data-image-meta=\"{&quot;aperture&quot;:&quot;0&quot;,&quot;credit&quot;:&quot;IHA&quot;,&quot;camera&quot;:&quot;&quot;,&quot;caption&quot;:&quot;\\u0130STANBUL \\u00c7EKMEK\\u00d6Y\\u0027DE ZORUNLU \\u0130N\\u0130\\u015e YAPMAK \\u0130STEYEN T\\u00dcRK S\\u0130LAHLI KUVVETLER\\u0130\\u0027NE A\\u0130T ASKER\\u0130 HEL\\u0130KOPTER\\u0130N D\\u00dc\\u015eMES\\u0130 SONUCU SONUCU \\u015eEH\\u0130T OLAN D\\u00d6RT ASKERDEN B\\u0130R\\u0130 OLAN KARA P\\u0130LOT Y\\u00dcZBA\\u015eI \\u00dcM\\u0130T \\u00d6ZERL\\u0130, \\u0130ZM\\u0130R\\u2019DE SON YOLCULU\\u011eUNA G\\u00d6ZYA\\u015eLARIYLA U\\u011eURLANDI. (M\\u0130HRAP D\\u00dcZ\\u00d6Z - S\\u0130NAN YEN\\u0130\\u00c7ER\\u0130\\\/\\u0130ZM\\u0130R-\\u0130HA)&quot;,&quot;created_timestamp&quot;:&quot;0&quot;,&quot;copyright&quot;:&quot;\\u0130HLAS HABER AJANSI, www.iha.com.tr&quot;,&quot;focal_length&quot;:&quot;0&quot;,&quot;iso&quot;:&quot;0&quot;,&quot;shutter_speed&quot;:&quot;0&quot;,&quot;title&quot;:&quot;\\u015eEH\\u0130T Y\\u00dcZBA\\u015eIYA \\u0130ZM\\u0130R\\u2019DEN H\\u00dcZ\\u00dcNL\\u00dc VEDA ANNEN\\u0130N \\u2018O\\u011eLUMU G\\u00d6T\\u00dcRMEY\\u0130N\\u2019 FERYADI ASKERLER\\u0130 A\\u011eLATTI&quot;,&quot;orientation&quot;:&quot;0&quot;}\" data-image-title=\"\u015eehit y\u00fczba\u015f\u0131ya \u0130zmir\u2019den h\u00fcz\u00fcnl\u00fc veda\" data-image-description=\"&lt;p&gt;\u015eehit y\u00fczba\u015f\u0131ya \u0130zmir\u2019den h\u00fcz\u00fcnl\u00fc veda&lt;\/p&gt; \" data-medium-file=\"https:\/\/i0.wp.com\/www.tvturk.com\/wp-content\/uploads\/2019\/02\/sehit-yuzbasiya-izmirden-huzunlu-veda_284b743.jpg?fit=300%2C225\" data-large-file=\"https:\/\/i0.wp.com\/www.tvturk.com\/wp-content\/uploads\/2019\/02\/sehit-yuzbasiya-izmirden-huzunlu-veda_284b743.jpg?fit=1000%2C750\" src=\"https:\/\/i0.wp.com\/www.tvturk.com\/wp-content\/uploads\/2019\/02\/sehit-yuzbasiya-izmirden-huzunlu-veda_284b743.jpg?w=162&#038;h=122\" srcset=\"https:\/\/i0.wp.com\/www.tvturk.com\/wp-content\/uploads\/2019\/02\/sehit-yuzbasiya-izmirden-huzunlu-veda_284b743.jpg?w=1000 1000w, https:\/\/i0.wp.com\/www.tvturk.com\/wp-content\/uploads\/2019\/02\/sehit-yuzbasiya-izmirden-huzunlu-veda_284b743.jpg?resize=150%2C113 150w, https:\/\/i0.wp.com\/www.tvturk.com\/wp-content\/uploads\/2019\/02\/sehit-yuzbasiya-izmirden-huzunlu-veda_284b743.jpg?resize=300%2C225 300w, https:\/\/i0.wp.com\/www.tvturk.com\/wp-content\/uploads\/2019\/02\/sehit-yuzbasiya-izmirden-huzunlu-veda_284b743.jpg?resize=768%2C576 768w\" width=\"162\" height=\"122\" loading=\"lazy\" data-original-width=\"162\" data-original-height=\"122\" itemprop=\"http:\/\/schema.org\/image\" title=\"\u015eehit y\u00fczba\u015f\u0131ya \u0130zmir\u2019den h\u00fcz\u00fcnl\u00fc veda\" alt=\"\u015eehit y\u00fczba\u015f\u0131ya \u0130zmir\u2019den h\u00fcz\u00fcnl\u00fc veda\" style=\"width: 162px; height: 122px;\" \/> <\/a> <\/div> <div class=\"tiled-gallery-item tiled-gallery-item-small\" itemprop=\"associatedMedia\" itemscope itemtype=\"http:\/\/schema.org\/ImageObject\"> <a href=\"http:\/\/www.tvturk.com\/index.php\/sehit-yuzbasiya-izmirden-huzunlu-veda\/sehit-yuzbasiya-izmirden-huzunlu-veda-5\/\" border=\"0\" itemprop=\"url\"> <meta itemprop=\"width\" content=\"162\"> <meta itemprop=\"height\" content=\"121\"> <img decoding=\"async\" class=\"\" data-attachment-id=\"26487\" data-orig-file=\"http:\/\/www.tvturk.com\/wp-content\/uploads\/2019\/02\/sehit-yuzbasiya-izmirden-huzunlu-veda_3f49e52.jpg\" data-orig-size=\"1000,750\" data-comments-opened=\"\" data-image-meta=\"{&quot;aperture&quot;:&quot;0&quot;,&quot;credit&quot;:&quot;IHA&quot;,&quot;camera&quot;:&quot;&quot;,&quot;caption&quot;:&quot;\\u0130STANBUL \\u00c7EKMEK\\u00d6Y\\u0027DE ZORUNLU \\u0130N\\u0130\\u015e YAPMAK \\u0130STEYEN T\\u00dcRK S\\u0130LAHLI KUVVETLER\\u0130\\u0027NE A\\u0130T ASKER\\u0130 HEL\\u0130KOPTER\\u0130N D\\u00dc\\u015eMES\\u0130 SONUCU SONUCU \\u015eEH\\u0130T OLAN D\\u00d6RT ASKERDEN B\\u0130R\\u0130 OLAN KARA P\\u0130LOT Y\\u00dcZBA\\u015eI \\u00dcM\\u0130T \\u00d6ZERL\\u0130, \\u0130ZM\\u0130R\\u2019DE SON YOLCULU\\u011eUNA G\\u00d6ZYA\\u015eLARIYLA U\\u011eURLANDI. (M\\u0130HRAP D\\u00dcZ\\u00d6Z - S\\u0130NAN YEN\\u0130\\u00c7ER\\u0130\\\/\\u0130ZM\\u0130R-\\u0130HA)&quot;,&quot;created_timestamp&quot;:&quot;0&quot;,&quot;copyright&quot;:&quot;\\u0130HLAS HABER AJANSI, www.iha.com.tr&quot;,&quot;focal_length&quot;:&quot;0&quot;,&quot;iso&quot;:&quot;0&quot;,&quot;shutter_speed&quot;:&quot;0&quot;,&quot;title&quot;:&quot;\\u015eEH\\u0130T Y\\u00dcZBA\\u015eIYA \\u0130ZM\\u0130R\\u2019DEN H\\u00dcZ\\u00dcNL\\u00dc VEDA ANNEN\\u0130N \\u2018O\\u011eLUMU G\\u00d6T\\u00dcRMEY\\u0130N\\u2019 FERYADI ASKERLER\\u0130 A\\u011eLATTI&quot;,&quot;orientation&quot;:&quot;0&quot;}\" data-image-title=\"\u015eehit y\u00fczba\u015f\u0131ya \u0130zmir\u2019den h\u00fcz\u00fcnl\u00fc veda\" data-image-description=\"&lt;p&gt;\u015eehit y\u00fczba\u015f\u0131ya \u0130zmir\u2019den h\u00fcz\u00fcnl\u00fc veda&lt;\/p&gt; \" data-medium-file=\"https:\/\/i0.wp.com\/www.tvturk.com\/wp-content\/uploads\/2019\/02\/sehit-yuzbasiya-izmirden-huzunlu-veda_3f49e52.jpg?fit=300%2C225\" data-large-file=\"https:\/\/i0.wp.com\/www.tvturk.com\/wp-content\/uploads\/2019\/02\/sehit-yuzbasiya-izmirden-huzunlu-veda_3f49e52.jpg?fit=1000%2C750\" src=\"https:\/\/i0.wp.com\/www.tvturk.com\/wp-content\/uploads\/2019\/02\/sehit-yuzbasiya-izmirden-huzunlu-veda_3f49e52.jpg?w=162&#038;h=121\" srcset=\"https:\/\/i0.wp.com\/www.tvturk.com\/wp-content\/uploads\/2019\/02\/sehit-yuzbasiya-izmirden-huzunlu-veda_3f49e52.jpg?w=1000 1000w, https:\/\/i0.wp.com\/www.tvturk.com\/wp-content\/uploads\/2019\/02\/sehit-yuzbasiya-izmirden-huzunlu-veda_3f49e52.jpg?resize=150%2C113 150w, https:\/\/i0.wp.com\/www.tvturk.com\/wp-content\/uploads\/2019\/02\/sehit-yuzbasiya-izmirden-huzunlu-veda_3f49e52.jpg?resize=300%2C225 300w, https:\/\/i0.wp.com\/www.tvturk.com\/wp-content\/uploads\/2019\/02\/sehit-yuzbasiya-izmirden-huzunlu-veda_3f49e52.jpg?resize=768%2C576 768w\" width=\"162\" height=\"121\" loading=\"lazy\" data-original-width=\"162\" data-original-height=\"121\" itemprop=\"http:\/\/schema.org\/image\" title=\"\u015eehit y\u00fczba\u015f\u0131ya \u0130zmir\u2019den h\u00fcz\u00fcnl\u00fc veda\" alt=\"\u015eehit y\u00fczba\u015f\u0131ya \u0130zmir\u2019den h\u00fcz\u00fcnl\u00fc veda\" style=\"width: 162px; height: 121px;\" \/> <\/a> <\/div> <\/div> <!-- close group --> <\/div> <!-- close row --> <div class=\"gallery-row\" style=\"width: 500px; height: 126px;\" data-original-width=\"500\" data-original-height=\"126\" > <div class=\"gallery-group images-1\" style=\"width: 167px; height: 126px;\" data-original-width=\"167\" data-original-height=\"126\" > <div class=\"tiled-gallery-item tiled-gallery-item-small\" itemprop=\"associatedMedia\" itemscope itemtype=\"http:\/\/schema.org\/ImageObject\"> <a href=\"http:\/\/www.tvturk.com\/index.php\/sehit-yuzbasiya-izmirden-huzunlu-veda\/sehit-yuzbasiya-izmirden-huzunlu-veda-6\/\" border=\"0\" itemprop=\"url\"> <meta itemprop=\"width\" content=\"163\"> <meta itemprop=\"height\" content=\"122\"> <img decoding=\"async\" class=\"\" data-attachment-id=\"26488\" data-orig-file=\"http:\/\/www.tvturk.com\/wp-content\/uploads\/2019\/02\/sehit-yuzbasiya-izmirden-huzunlu-veda_6263f34.jpg\" data-orig-size=\"1000,750\" data-comments-opened=\"\" data-image-meta=\"{&quot;aperture&quot;:&quot;0&quot;,&quot;credit&quot;:&quot;IHA&quot;,&quot;camera&quot;:&quot;&quot;,&quot;caption&quot;:&quot;\\u0130STANBUL \\u00c7EKMEK\\u00d6Y\\u0027DE ZORUNLU \\u0130N\\u0130\\u015e YAPMAK \\u0130STEYEN T\\u00dcRK S\\u0130LAHLI KUVVETLER\\u0130\\u0027NE A\\u0130T ASKER\\u0130 HEL\\u0130KOPTER\\u0130N D\\u00dc\\u015eMES\\u0130 SONUCU SONUCU \\u015eEH\\u0130T OLAN D\\u00d6RT ASKERDEN B\\u0130R\\u0130 OLAN KARA P\\u0130LOT Y\\u00dcZBA\\u015eI \\u00dcM\\u0130T \\u00d6ZERL\\u0130, \\u0130ZM\\u0130R\\u2019DE SON YOLCULU\\u011eUNA G\\u00d6ZYA\\u015eLARIYLA U\\u011eURLANDI. (M\\u0130HRAP D\\u00dcZ\\u00d6Z - S\\u0130NAN YEN\\u0130\\u00c7ER\\u0130\\\/\\u0130ZM\\u0130R-\\u0130HA)&quot;,&quot;created_timestamp&quot;:&quot;0&quot;,&quot;copyright&quot;:&quot;\\u0130HLAS HABER AJANSI, www.iha.com.tr&quot;,&quot;focal_length&quot;:&quot;0&quot;,&quot;iso&quot;:&quot;0&quot;,&quot;shutter_speed&quot;:&quot;0&quot;,&quot;title&quot;:&quot;\\u015eEH\\u0130T Y\\u00dcZBA\\u015eIYA \\u0130ZM\\u0130R\\u2019DEN H\\u00dcZ\\u00dcNL\\u00dc VEDA ANNEN\\u0130N \\u2018O\\u011eLUMU G\\u00d6T\\u00dcRMEY\\u0130N\\u2019 FERYADI ASKERLER\\u0130 A\\u011eLATTI&quot;,&quot;orientation&quot;:&quot;0&quot;}\" data-image-title=\"\u015eehit y\u00fczba\u015f\u0131ya \u0130zmir\u2019den h\u00fcz\u00fcnl\u00fc veda\" data-image-description=\"&lt;p&gt;\u015eehit y\u00fczba\u015f\u0131ya \u0130zmir\u2019den h\u00fcz\u00fcnl\u00fc veda&lt;\/p&gt; \" data-medium-file=\"https:\/\/i0.wp.com\/www.tvturk.com\/wp-content\/uploads\/2019\/02\/sehit-yuzbasiya-izmirden-huzunlu-veda_6263f34.jpg?fit=300%2C225\" data-large-file=\"https:\/\/i0.wp.com\/www.tvturk.com\/wp-content\/uploads\/2019\/02\/sehit-yuzbasiya-izmirden-huzunlu-veda_6263f34.jpg?fit=1000%2C750\" src=\"https:\/\/i0.wp.com\/www.tvturk.com\/wp-content\/uploads\/2019\/02\/sehit-yuzbasiya-izmirden-huzunlu-veda_6263f34.jpg?w=163&#038;h=122\" srcset=\"https:\/\/i0.wp.com\/www.tvturk.com\/wp-content\/uploads\/2019\/02\/sehit-yuzbasiya-izmirden-huzunlu-veda_6263f34.jpg?w=1000 1000w, https:\/\/i0.wp.com\/www.tvturk.com\/wp-content\/uploads\/2019\/02\/sehit-yuzbasiya-izmirden-huzunlu-veda_6263f34.jpg?resize=150%2C113 150w, https:\/\/i0.wp.com\/www.tvturk.com\/wp-content\/uploads\/2019\/02\/sehit-yuzbasiya-izmirden-huzunlu-veda_6263f34.jpg?resize=300%2C225 300w, https:\/\/i0.wp.com\/www.tvturk.com\/wp-content\/uploads\/2019\/02\/sehit-yuzbasiya-izmirden-huzunlu-veda_6263f34.jpg?resize=768%2C576 768w\" width=\"163\" height=\"122\" loading=\"lazy\" data-original-width=\"163\" data-original-height=\"122\" itemprop=\"http:\/\/schema.org\/image\" title=\"\u015eehit y\u00fczba\u015f\u0131ya \u0130zmir\u2019den h\u00fcz\u00fcnl\u00fc veda\" alt=\"\u015eehit y\u00fczba\u015f\u0131ya \u0130zmir\u2019den h\u00fcz\u00fcnl\u00fc veda\" style=\"width: 163px; height: 122px;\" \/> <\/a> <\/div> <\/div> <!-- close group --> <div class=\"gallery-group images-1\" style=\"width: 167px; height: 126px;\" data-original-width=\"167\" data-original-height=\"126\" > <div class=\"tiled-gallery-item tiled-gallery-item-small\" itemprop=\"associatedMedia\" itemscope itemtype=\"http:\/\/schema.org\/ImageObject\"> <a href=\"http:\/\/www.tvturk.com\/index.php\/sehit-yuzbasiya-izmirden-huzunlu-veda\/sehit-yuzbasiya-izmirden-huzunlu-veda-7\/\" border=\"0\" itemprop=\"url\"> <meta itemprop=\"width\" content=\"163\"> <meta itemprop=\"height\" content=\"122\"> <img decoding=\"async\" class=\"\" data-attachment-id=\"26489\" data-orig-file=\"http:\/\/www.tvturk.com\/wp-content\/uploads\/2019\/02\/sehit-yuzbasiya-izmirden-huzunlu-veda_fd91ece.jpg\" data-orig-size=\"1000,750\" data-comments-opened=\"\" data-image-meta=\"{&quot;aperture&quot;:&quot;0&quot;,&quot;credit&quot;:&quot;IHA&quot;,&quot;camera&quot;:&quot;&quot;,&quot;caption&quot;:&quot;\\u0130STANBUL \\u00c7EKMEK\\u00d6Y\\u0027DE ZORUNLU \\u0130N\\u0130\\u015e YAPMAK \\u0130STEYEN T\\u00dcRK S\\u0130LAHLI KUVVETLER\\u0130\\u0027NE A\\u0130T ASKER\\u0130 HEL\\u0130KOPTER\\u0130N D\\u00dc\\u015eMES\\u0130 SONUCU SONUCU \\u015eEH\\u0130T OLAN D\\u00d6RT ASKERDEN B\\u0130R\\u0130 OLAN KARA P\\u0130LOT Y\\u00dcZBA\\u015eI \\u00dcM\\u0130T \\u00d6ZERL\\u0130, \\u0130ZM\\u0130R\\u2019DE SON YOLCULU\\u011eUNA G\\u00d6ZYA\\u015eLARIYLA U\\u011eURLANDI. (M\\u0130HRAP D\\u00dcZ\\u00d6Z - S\\u0130NAN YEN\\u0130\\u00c7ER\\u0130\\\/\\u0130ZM\\u0130R-\\u0130HA)&quot;,&quot;created_timestamp&quot;:&quot;0&quot;,&quot;copyright&quot;:&quot;\\u0130HLAS HABER AJANSI, www.iha.com.tr&quot;,&quot;focal_length&quot;:&quot;0&quot;,&quot;iso&quot;:&quot;0&quot;,&quot;shutter_speed&quot;:&quot;0&quot;,&quot;title&quot;:&quot;\\u015eEH\\u0130T Y\\u00dcZBA\\u015eIYA \\u0130ZM\\u0130R\\u2019DEN H\\u00dcZ\\u00dcNL\\u00dc VEDA ANNEN\\u0130N \\u2018O\\u011eLUMU G\\u00d6T\\u00dcRMEY\\u0130N\\u2019 FERYADI ASKERLER\\u0130 A\\u011eLATTI&quot;,&quot;orientation&quot;:&quot;0&quot;}\" data-image-title=\"\u015eehit y\u00fczba\u015f\u0131ya \u0130zmir\u2019den h\u00fcz\u00fcnl\u00fc veda\" data-image-description=\"&lt;p&gt;\u015eehit y\u00fczba\u015f\u0131ya \u0130zmir\u2019den h\u00fcz\u00fcnl\u00fc veda&lt;\/p&gt; \" data-medium-file=\"https:\/\/i0.wp.com\/www.tvturk.com\/wp-content\/uploads\/2019\/02\/sehit-yuzbasiya-izmirden-huzunlu-veda_fd91ece.jpg?fit=300%2C225\" data-large-file=\"https:\/\/i0.wp.com\/www.tvturk.com\/wp-content\/uploads\/2019\/02\/sehit-yuzbasiya-izmirden-huzunlu-veda_fd91ece.jpg?fit=1000%2C750\" src=\"https:\/\/i0.wp.com\/www.tvturk.com\/wp-content\/uploads\/2019\/02\/sehit-yuzbasiya-izmirden-huzunlu-veda_fd91ece.jpg?w=163&#038;h=122\" srcset=\"https:\/\/i0.wp.com\/www.tvturk.com\/wp-content\/uploads\/2019\/02\/sehit-yuzbasiya-izmirden-huzunlu-veda_fd91ece.jpg?w=1000 1000w, https:\/\/i0.wp.com\/www.tvturk.com\/wp-content\/uploads\/2019\/02\/sehit-yuzbasiya-izmirden-huzunlu-veda_fd91ece.jpg?resize=150%2C113 150w, https:\/\/i0.wp.com\/www.tvturk.com\/wp-content\/uploads\/2019\/02\/sehit-yuzbasiya-izmirden-huzunlu-veda_fd91ece.jpg?resize=300%2C225 300w, https:\/\/i0.wp.com\/www.tvturk.com\/wp-content\/uploads\/2019\/02\/sehit-yuzbasiya-izmirden-huzunlu-veda_fd91ece.jpg?resize=768%2C576 768w\" width=\"163\" height=\"122\" loading=\"lazy\" data-original-width=\"163\" data-original-height=\"122\" itemprop=\"http:\/\/schema.org\/image\" title=\"\u015eehit y\u00fczba\u015f\u0131ya \u0130zmir\u2019den h\u00fcz\u00fcnl\u00fc veda\" alt=\"\u015eehit y\u00fczba\u015f\u0131ya \u0130zmir\u2019den h\u00fcz\u00fcnl\u00fc veda\" style=\"width: 163px; height: 122px;\" \/> <\/a> <\/div> <\/div> <!-- close group --> <div class=\"gallery-group images-1\" style=\"width: 166px; height: 126px;\" data-original-width=\"166\" data-original-height=\"126\" > <div class=\"tiled-gallery-item tiled-gallery-item-small\" itemprop=\"associatedMedia\" itemscope itemtype=\"http:\/\/schema.org\/ImageObject\"> <a href=\"http:\/\/www.tvturk.com\/index.php\/sehit-yuzbasiya-izmirden-huzunlu-veda\/sehit-yuzbasiya-izmirden-huzunlu-veda-8\/\" border=\"0\" itemprop=\"url\"> <meta itemprop=\"width\" content=\"162\"> <meta itemprop=\"height\" content=\"122\"> <img decoding=\"async\" class=\"\" data-attachment-id=\"26490\" data-orig-file=\"http:\/\/www.tvturk.com\/wp-content\/uploads\/2019\/02\/sehit-yuzbasiya-izmirden-huzunlu-veda_ebdb49f.jpg\" data-orig-size=\"1000,750\" data-comments-opened=\"\" data-image-meta=\"{&quot;aperture&quot;:&quot;0&quot;,&quot;credit&quot;:&quot;IHA&quot;,&quot;camera&quot;:&quot;&quot;,&quot;caption&quot;:&quot;\\u0130STANBUL \\u00c7EKMEK\\u00d6Y\\u0027DE ZORUNLU \\u0130N\\u0130\\u015e YAPMAK \\u0130STEYEN T\\u00dcRK S\\u0130LAHLI KUVVETLER\\u0130\\u0027NE A\\u0130T ASKER\\u0130 HEL\\u0130KOPTER\\u0130N D\\u00dc\\u015eMES\\u0130 SONUCU SONUCU \\u015eEH\\u0130T OLAN D\\u00d6RT ASKERDEN B\\u0130R\\u0130 OLAN KARA P\\u0130LOT Y\\u00dcZBA\\u015eI \\u00dcM\\u0130T \\u00d6ZERL\\u0130, \\u0130ZM\\u0130R\\u2019DE SON YOLCULU\\u011eUNA G\\u00d6ZYA\\u015eLARIYLA U\\u011eURLANDI. (M\\u0130HRAP D\\u00dcZ\\u00d6Z - S\\u0130NAN YEN\\u0130\\u00c7ER\\u0130\\\/\\u0130ZM\\u0130R-\\u0130HA)&quot;,&quot;created_timestamp&quot;:&quot;0&quot;,&quot;copyright&quot;:&quot;\\u0130HLAS HABER AJANSI, www.iha.com.tr&quot;,&quot;focal_length&quot;:&quot;0&quot;,&quot;iso&quot;:&quot;0&quot;,&quot;shutter_speed&quot;:&quot;0&quot;,&quot;title&quot;:&quot;\\u015eEH\\u0130T Y\\u00dcZBA\\u015eIYA \\u0130ZM\\u0130R\\u2019DEN H\\u00dcZ\\u00dcNL\\u00dc VEDA ANNEN\\u0130N \\u2018O\\u011eLUMU G\\u00d6T\\u00dcRMEY\\u0130N\\u2019 FERYADI ASKERLER\\u0130 A\\u011eLATTI&quot;,&quot;orientation&quot;:&quot;0&quot;}\" data-image-title=\"\u015eehit y\u00fczba\u015f\u0131ya \u0130zmir\u2019den h\u00fcz\u00fcnl\u00fc veda\" data-image-description=\"&lt;p&gt;\u015eehit y\u00fczba\u015f\u0131ya \u0130zmir\u2019den h\u00fcz\u00fcnl\u00fc veda&lt;\/p&gt; \" data-medium-file=\"https:\/\/i0.wp.com\/www.tvturk.com\/wp-content\/uploads\/2019\/02\/sehit-yuzbasiya-izmirden-huzunlu-veda_ebdb49f.jpg?fit=300%2C225\" data-large-file=\"https:\/\/i0.wp.com\/www.tvturk.com\/wp-content\/uploads\/2019\/02\/sehit-yuzbasiya-izmirden-huzunlu-veda_ebdb49f.jpg?fit=1000%2C750\" src=\"https:\/\/i0.wp.com\/www.tvturk.com\/wp-content\/uploads\/2019\/02\/sehit-yuzbasiya-izmirden-huzunlu-veda_ebdb49f.jpg?w=162&#038;h=122\" srcset=\"https:\/\/i0.wp.com\/www.tvturk.com\/wp-content\/uploads\/2019\/02\/sehit-yuzbasiya-izmirden-huzunlu-veda_ebdb49f.jpg?w=1000 1000w, https:\/\/i0.wp.com\/www.tvturk.com\/wp-content\/uploads\/2019\/02\/sehit-yuzbasiya-izmirden-huzunlu-veda_ebdb49f.jpg?resize=150%2C113 150w, https:\/\/i0.wp.com\/www.tvturk.com\/wp-content\/uploads\/2019\/02\/sehit-yuzbasiya-izmirden-huzunlu-veda_ebdb49f.jpg?resize=300%2C225 300w, https:\/\/i0.wp.com\/www.tvturk.com\/wp-content\/uploads\/2019\/02\/sehit-yuzbasiya-izmirden-huzunlu-veda_ebdb49f.jpg?resize=768%2C576 768w\" width=\"162\" height=\"122\" loading=\"lazy\" data-original-width=\"162\" data-original-height=\"122\" itemprop=\"http:\/\/schema.org\/image\" title=\"\u015eehit y\u00fczba\u015f\u0131ya \u0130zmir\u2019den h\u00fcz\u00fcnl\u00fc veda\" alt=\"\u015eehit y\u00fczba\u015f\u0131ya \u0130zmir\u2019den h\u00fcz\u00fcnl\u00fc veda\" style=\"width: 162px; height: 122px;\" \/> <\/a> <\/div> <\/div> <!-- close group --> <\/div> <!-- close row --> <\/div><\/p>\n","protected":false},"excerpt":{"rendered":"<p>\u0130STANBUL \u00c7EKMEK\u00d6Y&#8217;DE ZORUNLU \u0130N\u0130\u015e YAPMAK \u0130STEYEN T\u00dcRK S\u0130LAHLI KUVVETLER\u0130&#8217;NE A\u0130T ASKER\u0130 HEL\u0130KOPTER\u0130N D\u00dc\u015eMES\u0130 SONUCU SONUCU \u015eEH\u0130T OLAN D\u00d6RT ASKERDEN B\u0130R\u0130 OLAN KARA P\u0130LOT Y\u00dcZBA\u015eI \u00dcM\u0130T \u00d6ZERL\u0130, \u0130ZM\u0130R\u2019DE SON YOLCULU\u011eUNA G\u00d6ZYA\u015eLARIYLA U\u011eURLANDI.<\/p>\n","protected":false},"author":1,"featured_media":26484,"comment_status":"closed","ping_status":"open","sticky":false,"template":"","format":"standard","meta":{"jetpack_post_was_ever_published":false,"_jetpack_newsletter_access":"","_jetpack_dont_email_post_to_subs":false,"_jetpack_newsletter_tier_id":0,"_jetpack_memberships_contains_paywalled_content":false,"_jetpack_memberships_contains_paid_content":false,"footnotes":"","jetpack_publicize_message":"","jetpack_publicize_feature_enabled":true,"jetpack_social_post_already_shared":false,"jetpack_social_options":{"image_generator_settings":{"template":"highway","default_image_id":0,"font":"","enabled":false},"version":2}},"categories":[655],"tags":[6631,10349,237,4421,10903],"class_list":["post-26483","post","type-post","status-publish","format-standard","has-post-thumbnail","hentry","category-son-dakika","tag-huzunlu","tag-izmirden","tag-sehit","tag-veda","tag-yuzbasiya"],"jetpack_publicize_connections":[],"jetpack_featured_media_url":"https:\/\/i0.wp.com\/www.tvturk.com\/wp-content\/uploads\/2019\/02\/sehit-yuzbasiya-izmirden-huzunlu-veda_0c6d175.jpg?fit=1000%2C750","jetpack_sharing_enabled":true,"jetpack_shortlink":"https:\/\/wp.me\/paKIfm-6T9","_links":{"self":[{"href":"http:\/\/www.tvturk.com\/index.php\/wp-json\/wp\/v2\/posts\/26483","targetHints":{"allow":["GET"]}}],"collection":[{"href":"http:\/\/www.tvturk.com\/index.php\/wp-json\/wp\/v2\/posts"}],"about":[{"href":"http:\/\/www.tvturk.com\/index.php\/wp-json\/wp\/v2\/types\/post"}],"author":[{"embeddable":true,"href":"http:\/\/www.tvturk.com\/index.php\/wp-json\/wp\/v2\/users\/1"}],"replies":[{"embeddable":true,"href":"http:\/\/www.tvturk.com\/index.php\/wp-json\/wp\/v2\/comments?post=26483"}],"version-history":[{"count":1,"href":"http:\/\/www.tvturk.com\/index.php\/wp-json\/wp\/v2\/posts\/26483\/revisions"}],"predecessor-version":[{"id":26491,"href":"http:\/\/www.tvturk.com\/index.php\/wp-json\/wp\/v2\/posts\/26483\/revisions\/26491"}],"wp:featuredmedia":[{"embeddable":true,"href":"http:\/\/www.tvturk.com\/index.php\/wp-json\/wp\/v2\/media\/26484"}],"wp:attachment":[{"href":"http:\/\/www.tvturk.com\/index.php\/wp-json\/wp\/v2\/media?parent=26483"}],"wp:term":[{"taxonomy":"category","embeddable":true,"href":"http:\/\/www.tvturk.com\/index.php\/wp-json\/wp\/v2\/categories?post=26483"},{"taxonomy":"post_tag","embeddable":true,"href":"http:\/\/www.tvturk.com\/index.php\/wp-json\/wp\/v2\/tags?post=26483"}],"curies":[{"name":"wp","href":"https:\/\/api.w.org\/{rel}","templated":true}]}}