{"id":26693,"date":"2019-02-12T18:11:09","date_gmt":"2019-02-12T15:11:09","guid":{"rendered":"http:\/\/www.tvturk.com\/index.php\/buyuksehir-belediyesinden-firincilara-hijyen-egitimi\/"},"modified":"2019-02-12T18:11:11","modified_gmt":"2019-02-12T15:11:11","slug":"buyuksehir-belediyesinden-firincilara-hijyen-egitimi","status":"publish","type":"post","link":"http:\/\/www.tvturk.com\/index.php\/buyuksehir-belediyesinden-firincilara-hijyen-egitimi\/","title":{"rendered":"B\u00fcy\u00fck\u015fehir Belediyesi\u2019nden f\u0131r\u0131nc\u0131lara hijyen e\u011fitimi"},"content":{"rendered":"<p>Diyarbak\u0131r B\u00fcy\u00fck\u015fehir Belediyesi ile Tar\u0131m ve Orman \u0130l M\u00fcd\u00fcrl\u00fc\u011f\u00fc\u2019nce f\u0131r\u0131n i\u015fletmeleri ve personellerine hijyen e\u011fitimi verdi.<\/p>\n<p>Diyarbak\u0131r B\u00fcy\u00fck\u015fehir Belediyesi Sa\u011fl\u0131k \u0130\u015fleri Daire Ba\u015fkanl\u0131\u011f\u0131 ile Tar\u0131m ve Orman \u0130l M\u00fcd\u00fcrl\u00fc\u011f\u00fc taraf\u0131ndan f\u0131r\u0131n i\u015fletmeleri ve personellerine hijyen e\u011fitimi verdi. E\u011fitim ve sertifika da\u011f\u0131t\u0131m program\u0131na Diyarbak\u0131r B\u00fcy\u00fck\u015fehir Belediyesi Genel Sekreteri Muhsin Ery\u0131lmaz, Tar\u0131m ve Orman \u0130l M\u00fcd\u00fcr\u00fc Mustafa Ertan Atalar, daire ba\u015fkanlar\u0131, f\u0131r\u0131n i\u015fletme sahipleri ile personelleri kat\u0131ld\u0131.<\/p>\n<p>Burada bir konu\u015fma yapan Diyarbak\u0131r B\u00fcy\u00fck\u015fehir Belediyesi Genel Sekreteri Muhsin Ery\u0131lmaz, insan sa\u011fl\u0131\u011f\u0131n\u0131n her \u015feyden \u00f6nce geldi\u011fini s\u00f6yledi. Ery\u0131lmaz, &#8220;\u0130nsanlar\u0131n huzur, mutluluk ve refah i\u00e7inde ya\u015famalar\u0131 i\u00e7in \u00e7al\u0131\u015fmalar y\u00fcr\u00fct\u00fcyoruz. Bug\u00fcn burada yap\u0131lan e\u011fitimin amac\u0131 da budur. Bundan \u00f6nce yap\u0131lan e\u011fitimlerin gayesi de budur. Esnaf\u0131m\u0131z\u0131n da bu konuda dikkatli olmas\u0131n\u0131 istiyoruz. Denetimlerdeki ama\u00e7 hem sizin hem toplumun t\u00fcm bireylerinin daha sa\u011fl\u0131kl\u0131 g\u0131dalara ula\u015fmas\u0131 i\u00e7indir. Bizim i\u00e7in ekmek \u00f6nemli, hayat\u0131m\u0131z\u0131n en temel par\u00e7alar\u0131ndan bir tanesidir. Dolay\u0131s\u0131yla bu konuda hepimizin dikkatli olmas\u0131 gerekiyor. Vatanda\u015flar\u0131m\u0131za daha sa\u011fl\u0131kl\u0131 ekmek ula\u015ft\u0131rmas\u0131 en temel g\u00f6revlerimizdendir. Bizim dinimiz temizlik imandand\u0131r diyor, bunu sadece d\u0131\u015f temizlik olarak alg\u0131lamayal\u0131m. Bu ayn\u0131 zamanda bir ruh, manevi ve beden temizli\u011fidir. D\u00fcr\u00fcst olmak ve \u00e7evremizi rahats\u0131z etmemekte bir temizliktir. Ekmekte gramaja, unun kalitesine, katk\u0131 maddesine ve hijyenine dikkat etmek durumunday\u0131z&#8221; dedi.<\/p>\n<p>Diyarbak\u0131r\u2019da somun ve pide ekmek \u00fcreten 5 bin f\u0131r\u0131n\u0131n bulundu\u011funu belirten Atalar, 2018 y\u0131l\u0131nda bir\u00e7ok f\u0131r\u0131nda denetim ger\u00e7ekle\u015ftirdiklerini s\u00f6yledi. Atalar, &#8220;\u00dcretimde kaliteyi yakalamak ad\u0131na belirli standartlar\u0131n\u0131n olmas\u0131 gerekli. Temizlik konusunun olduk\u00e7a \u00f6nemli ve hayati, bu durumu kimsenin inisiyatifine b\u0131rakamayaca\u011f\u0131z. F\u0131r\u0131n denetimleri rutin \u015fekilde devam ediyor ve ALO 174\u2019e gelen ihbarlar\u0131 da de\u011ferlendiriyoruz. Mevzuat d\u0131\u015f\u0131nda hareket eden f\u0131r\u0131nlara cezai i\u015flem uyguluyoruz\u201d diye konu\u015ftu.<\/p>\n<p>Yap\u0131lan konu\u015fmalar\u0131n ard\u0131ndan Diyarbak\u0131r B\u00fcy\u00fck\u015fehir Belediyesi Genel Sekreteri Muhsin Ery\u0131lmaz ile beraberindekiler, hijyen e\u011fitimi belgesi s\u0131nav\u0131na ba\u015far\u0131l\u0131 olan f\u0131r\u0131n i\u015fletmeleri ile personellerine sertifikalar\u0131n\u0131 da\u011f\u0131tt\u0131.<div class=\"tiled-gallery type-rectangular tiled-gallery-unresized\" data-original-width=\"500\" data-carousel-extra='null' itemscope itemtype=\"http:\/\/schema.org\/ImageGallery\" > <div class=\"gallery-row\" style=\"width: 500px; height: 168px;\" data-original-width=\"500\" data-original-height=\"168\" > <div class=\"gallery-group images-1\" style=\"width: 250px; height: 168px;\" data-original-width=\"250\" data-original-height=\"168\" > <div class=\"tiled-gallery-item tiled-gallery-item-small\" itemprop=\"associatedMedia\" itemscope itemtype=\"http:\/\/schema.org\/ImageObject\"> <a href=\"http:\/\/www.tvturk.com\/index.php\/buyuksehir-belediyesinden-firincilara-hijyen-egitimi\/buyuksehir-belediyesinden-firincilara-hijyen-egitimi-3\/\" border=\"0\" itemprop=\"url\"> <meta itemprop=\"width\" content=\"246\"> <meta itemprop=\"height\" content=\"164\"> <img decoding=\"async\" class=\"\" data-attachment-id=\"26695\" data-orig-file=\"http:\/\/www.tvturk.com\/wp-content\/uploads\/2019\/02\/buyuksehir-belediyesinden-firincilara-hijyen-egitimi_a3b884f.jpg\" data-orig-size=\"1000,667\" data-comments-opened=\"\" data-image-meta=\"{&quot;aperture&quot;:&quot;0&quot;,&quot;credit&quot;:&quot;IHA&quot;,&quot;camera&quot;:&quot;&quot;,&quot;caption&quot;:&quot;D\\u0130YARBAKIR B\\u00dcY\\u00dcK\\u015eEH\\u0130R BELED\\u0130YES\\u0130 \\u0130LE TARIM VE ORMAN \\u0130L M\\u00dcD\\u00dcRL\\u00dc\\u011e\\u00dc ORTAKLA\\u015eA FIRIN \\u0130\\u015eLETMELER\\u0130 VE PERSONELLER\\u0130NE H\\u0130JYEN E\\u011e\\u0130T\\u0130M\\u0130 VERD\\u0130. (RIDVAN KILI\\u00c7\\\/D\\u0130YARBAKIR-\\u0130HA)&quot;,&quot;created_timestamp&quot;:&quot;0&quot;,&quot;copyright&quot;:&quot;\\u0130HLAS HABER AJANSI, www.iha.com.tr&quot;,&quot;focal_length&quot;:&quot;0&quot;,&quot;iso&quot;:&quot;0&quot;,&quot;shutter_speed&quot;:&quot;0&quot;,&quot;title&quot;:&quot;B\\u00dcY\\u00dcK\\u015eEH\\u0130R BELED\\u0130YES\\u0130\\u2019NDEN FIRINCILARA H\\u0130JYEN E\\u011e\\u0130T\\u0130M\\u0130&quot;,&quot;orientation&quot;:&quot;0&quot;}\" data-image-title=\"B\u00fcy\u00fck\u015fehir Belediyesi\u2019nden f\u0131r\u0131nc\u0131lara hijyen e\u011fitimi\" data-image-description=\"&lt;p&gt;B\u00fcy\u00fck\u015fehir Belediyesi\u2019nden f\u0131r\u0131nc\u0131lara hijyen e\u011fitimi&lt;\/p&gt; \" data-medium-file=\"https:\/\/i0.wp.com\/www.tvturk.com\/wp-content\/uploads\/2019\/02\/buyuksehir-belediyesinden-firincilara-hijyen-egitimi_a3b884f.jpg?fit=300%2C200\" data-large-file=\"https:\/\/i0.wp.com\/www.tvturk.com\/wp-content\/uploads\/2019\/02\/buyuksehir-belediyesinden-firincilara-hijyen-egitimi_a3b884f.jpg?fit=1000%2C667\" src=\"https:\/\/i0.wp.com\/www.tvturk.com\/wp-content\/uploads\/2019\/02\/buyuksehir-belediyesinden-firincilara-hijyen-egitimi_a3b884f.jpg?w=246&#038;h=164\" srcset=\"https:\/\/i0.wp.com\/www.tvturk.com\/wp-content\/uploads\/2019\/02\/buyuksehir-belediyesinden-firincilara-hijyen-egitimi_a3b884f.jpg?w=1000 1000w, https:\/\/i0.wp.com\/www.tvturk.com\/wp-content\/uploads\/2019\/02\/buyuksehir-belediyesinden-firincilara-hijyen-egitimi_a3b884f.jpg?resize=150%2C100 150w, https:\/\/i0.wp.com\/www.tvturk.com\/wp-content\/uploads\/2019\/02\/buyuksehir-belediyesinden-firincilara-hijyen-egitimi_a3b884f.jpg?resize=300%2C200 300w, https:\/\/i0.wp.com\/www.tvturk.com\/wp-content\/uploads\/2019\/02\/buyuksehir-belediyesinden-firincilara-hijyen-egitimi_a3b884f.jpg?resize=768%2C512 768w, https:\/\/i0.wp.com\/www.tvturk.com\/wp-content\/uploads\/2019\/02\/buyuksehir-belediyesinden-firincilara-hijyen-egitimi_a3b884f.jpg?resize=170%2C113 170w, https:\/\/i0.wp.com\/www.tvturk.com\/wp-content\/uploads\/2019\/02\/buyuksehir-belediyesinden-firincilara-hijyen-egitimi_a3b884f.jpg?resize=120%2C80 120w\" width=\"246\" height=\"164\" loading=\"lazy\" data-original-width=\"246\" data-original-height=\"164\" itemprop=\"http:\/\/schema.org\/image\" title=\"B\u00fcy\u00fck\u015fehir Belediyesi\u2019nden f\u0131r\u0131nc\u0131lara hijyen e\u011fitimi\" alt=\"B\u00fcy\u00fck\u015fehir Belediyesi\u2019nden f\u0131r\u0131nc\u0131lara hijyen e\u011fitimi\" style=\"width: 246px; height: 164px;\" \/> <\/a> <\/div> <\/div> <!-- close group --> <div class=\"gallery-group images-1\" style=\"width: 250px; height: 168px;\" data-original-width=\"250\" data-original-height=\"168\" > <div class=\"tiled-gallery-item tiled-gallery-item-small\" itemprop=\"associatedMedia\" itemscope itemtype=\"http:\/\/schema.org\/ImageObject\"> <a href=\"http:\/\/www.tvturk.com\/index.php\/buyuksehir-belediyesinden-firincilara-hijyen-egitimi\/buyuksehir-belediyesinden-firincilara-hijyen-egitimi-4\/\" border=\"0\" itemprop=\"url\"> <meta itemprop=\"width\" content=\"246\"> <meta itemprop=\"height\" content=\"164\"> <img decoding=\"async\" class=\"\" data-attachment-id=\"26696\" data-orig-file=\"http:\/\/www.tvturk.com\/wp-content\/uploads\/2019\/02\/buyuksehir-belediyesinden-firincilara-hijyen-egitimi_3bb002a.jpg\" data-orig-size=\"1000,667\" data-comments-opened=\"\" data-image-meta=\"{&quot;aperture&quot;:&quot;0&quot;,&quot;credit&quot;:&quot;IHA&quot;,&quot;camera&quot;:&quot;&quot;,&quot;caption&quot;:&quot;D\\u0130YARBAKIR B\\u00dcY\\u00dcK\\u015eEH\\u0130R BELED\\u0130YES\\u0130 \\u0130LE TARIM VE ORMAN \\u0130L M\\u00dcD\\u00dcRL\\u00dc\\u011e\\u00dc ORTAKLA\\u015eA FIRIN \\u0130\\u015eLETMELER\\u0130 VE PERSONELLER\\u0130NE H\\u0130JYEN E\\u011e\\u0130T\\u0130M\\u0130 VERD\\u0130. (RIDVAN KILI\\u00c7\\\/D\\u0130YARBAKIR-\\u0130HA)&quot;,&quot;created_timestamp&quot;:&quot;0&quot;,&quot;copyright&quot;:&quot;\\u0130HLAS HABER AJANSI, www.iha.com.tr&quot;,&quot;focal_length&quot;:&quot;0&quot;,&quot;iso&quot;:&quot;0&quot;,&quot;shutter_speed&quot;:&quot;0&quot;,&quot;title&quot;:&quot;B\\u00dcY\\u00dcK\\u015eEH\\u0130R BELED\\u0130YES\\u0130\\u2019NDEN FIRINCILARA H\\u0130JYEN E\\u011e\\u0130T\\u0130M\\u0130&quot;,&quot;orientation&quot;:&quot;0&quot;}\" data-image-title=\"B\u00fcy\u00fck\u015fehir Belediyesi\u2019nden f\u0131r\u0131nc\u0131lara hijyen e\u011fitimi\" data-image-description=\"&lt;p&gt;B\u00fcy\u00fck\u015fehir Belediyesi\u2019nden f\u0131r\u0131nc\u0131lara hijyen e\u011fitimi&lt;\/p&gt; \" data-medium-file=\"https:\/\/i0.wp.com\/www.tvturk.com\/wp-content\/uploads\/2019\/02\/buyuksehir-belediyesinden-firincilara-hijyen-egitimi_3bb002a.jpg?fit=300%2C200\" data-large-file=\"https:\/\/i0.wp.com\/www.tvturk.com\/wp-content\/uploads\/2019\/02\/buyuksehir-belediyesinden-firincilara-hijyen-egitimi_3bb002a.jpg?fit=1000%2C667\" src=\"https:\/\/i0.wp.com\/www.tvturk.com\/wp-content\/uploads\/2019\/02\/buyuksehir-belediyesinden-firincilara-hijyen-egitimi_3bb002a.jpg?w=246&#038;h=164\" srcset=\"https:\/\/i0.wp.com\/www.tvturk.com\/wp-content\/uploads\/2019\/02\/buyuksehir-belediyesinden-firincilara-hijyen-egitimi_3bb002a.jpg?w=1000 1000w, https:\/\/i0.wp.com\/www.tvturk.com\/wp-content\/uploads\/2019\/02\/buyuksehir-belediyesinden-firincilara-hijyen-egitimi_3bb002a.jpg?resize=150%2C100 150w, https:\/\/i0.wp.com\/www.tvturk.com\/wp-content\/uploads\/2019\/02\/buyuksehir-belediyesinden-firincilara-hijyen-egitimi_3bb002a.jpg?resize=300%2C200 300w, https:\/\/i0.wp.com\/www.tvturk.com\/wp-content\/uploads\/2019\/02\/buyuksehir-belediyesinden-firincilara-hijyen-egitimi_3bb002a.jpg?resize=768%2C512 768w, https:\/\/i0.wp.com\/www.tvturk.com\/wp-content\/uploads\/2019\/02\/buyuksehir-belediyesinden-firincilara-hijyen-egitimi_3bb002a.jpg?resize=170%2C113 170w, https:\/\/i0.wp.com\/www.tvturk.com\/wp-content\/uploads\/2019\/02\/buyuksehir-belediyesinden-firincilara-hijyen-egitimi_3bb002a.jpg?resize=120%2C80 120w\" width=\"246\" height=\"164\" loading=\"lazy\" data-original-width=\"246\" data-original-height=\"164\" itemprop=\"http:\/\/schema.org\/image\" title=\"B\u00fcy\u00fck\u015fehir Belediyesi\u2019nden f\u0131r\u0131nc\u0131lara hijyen e\u011fitimi\" alt=\"B\u00fcy\u00fck\u015fehir Belediyesi\u2019nden f\u0131r\u0131nc\u0131lara hijyen e\u011fitimi\" style=\"width: 246px; height: 164px;\" \/> <\/a> <\/div> <\/div> <!-- close group --> <\/div> <!-- close row --> <\/div><\/p>\n","protected":false},"excerpt":{"rendered":"<p>D\u0130YARBAKIR B\u00dcY\u00dcK\u015eEH\u0130R BELED\u0130YES\u0130 \u0130LE TARIM VE ORMAN \u0130L M\u00dcD\u00dcRL\u00dc\u011e\u00dc ORTAKLA\u015eA FIRIN \u0130\u015eLETMELER\u0130 VE PERSONELLER\u0130NE H\u0130JYEN E\u011e\u0130T\u0130M\u0130 VERD\u0130.  ERYILMAZ (SA\u011eDA) BA\u015eARILI OLAN \u0130\u015eLETMEC\u0130LERE SERT\u0130F\u0130KALARINI VERD\u0130<\/p>\n","protected":false},"author":1,"featured_media":26694,"comment_status":"closed","ping_status":"open","sticky":false,"template":"","format":"standard","meta":{"jetpack_post_was_ever_published":false,"_jetpack_newsletter_access":"","_jetpack_dont_email_post_to_subs":false,"_jetpack_newsletter_tier_id":0,"_jetpack_memberships_contains_paywalled_content":false,"_jetpack_memberships_contains_paid_content":false,"footnotes":"","jetpack_publicize_message":"","jetpack_publicize_feature_enabled":true,"jetpack_social_post_already_shared":false,"jetpack_social_options":{"image_generator_settings":{"template":"highway","default_image_id":0,"font":"","enabled":false},"version":2}},"categories":[658],"tags":[119,191,581,10977,9219],"class_list":["post-26693","post","type-post","status-publish","format-standard","has-post-thumbnail","hentry","category-saglik","tag-belediyesinden","tag-buyuksehir","tag-egitimi","tag-firincilara","tag-hijyen"],"jetpack_publicize_connections":[],"jetpack_featured_media_url":"https:\/\/i0.wp.com\/www.tvturk.com\/wp-content\/uploads\/2019\/02\/buyuksehir-belediyesinden-firincilara-hijyen-egitimi_6132350.jpg?fit=1000%2C790","jetpack_sharing_enabled":true,"jetpack_shortlink":"https:\/\/wp.me\/paKIfm-6Wx","_links":{"self":[{"href":"http:\/\/www.tvturk.com\/index.php\/wp-json\/wp\/v2\/posts\/26693","targetHints":{"allow":["GET"]}}],"collection":[{"href":"http:\/\/www.tvturk.com\/index.php\/wp-json\/wp\/v2\/posts"}],"about":[{"href":"http:\/\/www.tvturk.com\/index.php\/wp-json\/wp\/v2\/types\/post"}],"author":[{"embeddable":true,"href":"http:\/\/www.tvturk.com\/index.php\/wp-json\/wp\/v2\/users\/1"}],"replies":[{"embeddable":true,"href":"http:\/\/www.tvturk.com\/index.php\/wp-json\/wp\/v2\/comments?post=26693"}],"version-history":[{"count":1,"href":"http:\/\/www.tvturk.com\/index.php\/wp-json\/wp\/v2\/posts\/26693\/revisions"}],"predecessor-version":[{"id":26697,"href":"http:\/\/www.tvturk.com\/index.php\/wp-json\/wp\/v2\/posts\/26693\/revisions\/26697"}],"wp:featuredmedia":[{"embeddable":true,"href":"http:\/\/www.tvturk.com\/index.php\/wp-json\/wp\/v2\/media\/26694"}],"wp:attachment":[{"href":"http:\/\/www.tvturk.com\/index.php\/wp-json\/wp\/v2\/media?parent=26693"}],"wp:term":[{"taxonomy":"category","embeddable":true,"href":"http:\/\/www.tvturk.com\/index.php\/wp-json\/wp\/v2\/categories?post=26693"},{"taxonomy":"post_tag","embeddable":true,"href":"http:\/\/www.tvturk.com\/index.php\/wp-json\/wp\/v2\/tags?post=26693"}],"curies":[{"name":"wp","href":"https:\/\/api.w.org\/{rel}","templated":true}]}}