{"id":26718,"date":"2019-02-12T18:31:16","date_gmt":"2019-02-12T15:31:16","guid":{"rendered":"http:\/\/www.tvturk.com\/index.php\/minikler-uzayi-tanidi\/"},"modified":"2019-02-12T18:31:17","modified_gmt":"2019-02-12T15:31:17","slug":"minikler-uzayi-tanidi","status":"publish","type":"post","link":"http:\/\/www.tvturk.com\/index.php\/minikler-uzayi-tanidi\/","title":{"rendered":"Minikler uzay\u0131 tan\u0131d\u0131"},"content":{"rendered":"<p>Ad\u0131yaman Z\u00fcbeyde Han\u0131m Anaokulu \u00f6\u011frencileri uzaydaki gezegenler ve g\u00f6kta\u015flar\u0131 ile ilgili bilgi verildi.<\/p>\n<p>Ad\u0131yaman Z\u00fcbeyde Han\u0131m Anaokulu Minik Kelebekler S\u0131n\u0131f\u0131 \u00f6\u011frencileri \u00f6\u011fretmen Zeynep \u00d6ncel \u00f6nc\u00fcl\u00fc\u011f\u00fcnde uzay\u0131 \u00f6\u011frendi. \u00d6\u011frenciler astronot kost\u00fcm\u00fc ve roket ile temsili yolculuk yapt\u0131.<\/p>\n<p>\u00d6ncel, \u00f6\u011frencilerin uzay gezegenler, g\u00f6k ta\u015flar\u0131 ve g\u00fcne\u015f ile ilgili meraklar\u0131n\u0131n olmas\u0131ndan dolay\u0131, haz\u0131rlad\u0131\u011f\u0131m\u0131z astronot kost\u00fcm\u00fc ve roket ile uzaya temsili yolculuk yap\u0131ld\u0131.<\/p>\n<p>\u00d6ncel, \u00f6\u011frencilerin hem e\u011flendi\u011fini hem \u00f6\u011frendi\u011fini dile getirdi.<div class=\"tiled-gallery type-rectangular tiled-gallery-unresized\" data-original-width=\"500\" data-carousel-extra='null' itemscope itemtype=\"http:\/\/schema.org\/ImageGallery\" > <div class=\"gallery-row\" style=\"width: 500px; height: 567px;\" data-original-width=\"500\" data-original-height=\"567\" > <div class=\"gallery-group images-1\" style=\"width: 500px; height: 567px;\" data-original-width=\"500\" data-original-height=\"567\" > <div class=\"tiled-gallery-item tiled-gallery-item-large\" itemprop=\"associatedMedia\" itemscope itemtype=\"http:\/\/schema.org\/ImageObject\"> <a href=\"http:\/\/www.tvturk.com\/index.php\/minikler-uzayi-tanidi\/minikler-uzayi-tanidi-3\/\" border=\"0\" itemprop=\"url\"> <meta itemprop=\"width\" content=\"496\"> <meta itemprop=\"height\" content=\"563\"> <img decoding=\"async\" class=\"\" data-attachment-id=\"26720\" data-orig-file=\"http:\/\/www.tvturk.com\/wp-content\/uploads\/2019\/02\/minikler-uzayi-tanidi_2f590cd.jpg\" data-orig-size=\"766,869\" data-comments-opened=\"\" data-image-meta=\"{&quot;aperture&quot;:&quot;0&quot;,&quot;credit&quot;:&quot;IHA&quot;,&quot;camera&quot;:&quot;&quot;,&quot;caption&quot;:&quot;ADIYAMAN Z\\u00dcBEYDE HANIM ANAOKULU \\u00d6\\u011eRENC\\u0130LER\\u0130 UZAYDAK\\u0130 GEZEGENLER VE G\\u00d6KTA\\u015eLARI \\u0130LE \\u0130LG\\u0130L\\u0130 B\\u0130LG\\u0130 ED\\u0130LD\\u0130. (AHMET ARSLANTA\\u015e\\\/ADIYAMAN-\\u0130HA)&quot;,&quot;created_timestamp&quot;:&quot;0&quot;,&quot;copyright&quot;:&quot;\\u0130HLAS HABER AJANSI, www.iha.com.tr&quot;,&quot;focal_length&quot;:&quot;0&quot;,&quot;iso&quot;:&quot;0&quot;,&quot;shutter_speed&quot;:&quot;0&quot;,&quot;title&quot;:&quot;M\\u0130N\\u0130KLER UZAYI TANIDI&quot;,&quot;orientation&quot;:&quot;1&quot;}\" data-image-title=\"Minikler uzay\u0131 tan\u0131d\u0131\" data-image-description=\"&lt;p&gt;Minikler uzay\u0131 tan\u0131d\u0131&lt;\/p&gt; \" data-medium-file=\"https:\/\/i0.wp.com\/www.tvturk.com\/wp-content\/uploads\/2019\/02\/minikler-uzayi-tanidi_2f590cd.jpg?fit=264%2C300\" data-large-file=\"https:\/\/i0.wp.com\/www.tvturk.com\/wp-content\/uploads\/2019\/02\/minikler-uzayi-tanidi_2f590cd.jpg?fit=766%2C869\" src=\"https:\/\/i0.wp.com\/www.tvturk.com\/wp-content\/uploads\/2019\/02\/minikler-uzayi-tanidi_2f590cd.jpg?w=496&#038;h=563\" srcset=\"https:\/\/i0.wp.com\/www.tvturk.com\/wp-content\/uploads\/2019\/02\/minikler-uzayi-tanidi_2f590cd.jpg?w=766 766w, https:\/\/i0.wp.com\/www.tvturk.com\/wp-content\/uploads\/2019\/02\/minikler-uzayi-tanidi_2f590cd.jpg?resize=132%2C150 132w, https:\/\/i0.wp.com\/www.tvturk.com\/wp-content\/uploads\/2019\/02\/minikler-uzayi-tanidi_2f590cd.jpg?resize=264%2C300 264w\" width=\"496\" height=\"563\" loading=\"lazy\" data-original-width=\"496\" data-original-height=\"563\" itemprop=\"http:\/\/schema.org\/image\" title=\"Minikler uzay\u0131 tan\u0131d\u0131\" alt=\"Minikler uzay\u0131 tan\u0131d\u0131\" style=\"width: 496px; height: 563px;\" \/> <\/a> <\/div> <\/div> <!-- close group --> <\/div> <!-- close row --> <\/div><\/p>\n","protected":false},"excerpt":{"rendered":"<p>ADIYAMAN Z\u00dcBEYDE HANIM ANAOKULU \u00d6\u011eRENC\u0130LER\u0130 UZAYDAK\u0130 GEZEGENLER VE G\u00d6KTA\u015eLARI \u0130LE \u0130LG\u0130L\u0130 B\u0130LG\u0130 ED\u0130LD\u0130.<\/p>\n","protected":false},"author":1,"featured_media":26719,"comment_status":"closed","ping_status":"open","sticky":false,"template":"","format":"standard","meta":{"jetpack_post_was_ever_published":false,"_jetpack_newsletter_access":"","_jetpack_dont_email_post_to_subs":false,"_jetpack_newsletter_tier_id":0,"_jetpack_memberships_contains_paywalled_content":false,"_jetpack_memberships_contains_paid_content":false,"footnotes":"","jetpack_publicize_message":"","jetpack_publicize_feature_enabled":true,"jetpack_social_post_already_shared":false,"jetpack_social_options":{"image_generator_settings":{"template":"highway","default_image_id":0,"font":"","enabled":false},"version":2}},"categories":[659],"tags":[2786,10982,10981],"class_list":["post-26718","post","type-post","status-publish","format-standard","has-post-thumbnail","hentry","category-egitim","tag-minikler","tag-tanidi","tag-uzayi"],"jetpack_publicize_connections":[],"jetpack_featured_media_url":"https:\/\/i0.wp.com\/www.tvturk.com\/wp-content\/uploads\/2019\/02\/minikler-uzayi-tanidi_527feaf.jpg?fit=766%2C655","jetpack_sharing_enabled":true,"jetpack_shortlink":"https:\/\/wp.me\/paKIfm-6WW","_links":{"self":[{"href":"http:\/\/www.tvturk.com\/index.php\/wp-json\/wp\/v2\/posts\/26718","targetHints":{"allow":["GET"]}}],"collection":[{"href":"http:\/\/www.tvturk.com\/index.php\/wp-json\/wp\/v2\/posts"}],"about":[{"href":"http:\/\/www.tvturk.com\/index.php\/wp-json\/wp\/v2\/types\/post"}],"author":[{"embeddable":true,"href":"http:\/\/www.tvturk.com\/index.php\/wp-json\/wp\/v2\/users\/1"}],"replies":[{"embeddable":true,"href":"http:\/\/www.tvturk.com\/index.php\/wp-json\/wp\/v2\/comments?post=26718"}],"version-history":[{"count":1,"href":"http:\/\/www.tvturk.com\/index.php\/wp-json\/wp\/v2\/posts\/26718\/revisions"}],"predecessor-version":[{"id":26721,"href":"http:\/\/www.tvturk.com\/index.php\/wp-json\/wp\/v2\/posts\/26718\/revisions\/26721"}],"wp:featuredmedia":[{"embeddable":true,"href":"http:\/\/www.tvturk.com\/index.php\/wp-json\/wp\/v2\/media\/26719"}],"wp:attachment":[{"href":"http:\/\/www.tvturk.com\/index.php\/wp-json\/wp\/v2\/media?parent=26718"}],"wp:term":[{"taxonomy":"category","embeddable":true,"href":"http:\/\/www.tvturk.com\/index.php\/wp-json\/wp\/v2\/categories?post=26718"},{"taxonomy":"post_tag","embeddable":true,"href":"http:\/\/www.tvturk.com\/index.php\/wp-json\/wp\/v2\/tags?post=26718"}],"curies":[{"name":"wp","href":"https:\/\/api.w.org\/{rel}","templated":true}]}}