{"id":26731,"date":"2019-02-12T18:40:55","date_gmt":"2019-02-12T15:40:55","guid":{"rendered":"http:\/\/www.tvturk.com\/index.php\/alperen-davasinda-5-sanigin-cezasinda-indirim-1-sanigin-cezasinda-artis\/"},"modified":"2019-02-12T18:40:55","modified_gmt":"2019-02-12T15:40:55","slug":"alperen-davasinda-5-sanigin-cezasinda-indirim-1-sanigin-cezasinda-artis","status":"publish","type":"post","link":"http:\/\/www.tvturk.com\/index.php\/alperen-davasinda-5-sanigin-cezasinda-indirim-1-sanigin-cezasinda-artis\/","title":{"rendered":"Alperen davas\u0131nda 5 san\u0131\u011f\u0131n cezas\u0131nda indirim, 1 san\u0131\u011f\u0131n cezas\u0131nda art\u0131\u015f"},"content":{"rendered":"<p>\u0130zmir\u2019in \u00c7i\u011fli il\u00e7esinde okul servis minib\u00fcs\u00fcnde unutulmas\u0131n\u0131n ard\u0131ndan hayat\u0131n\u0131 kaybeden 3 ya\u015f\u0131ndaki Alperen Sakin\u2019in \u00f6l\u00fcm\u00fcne ili\u015fkin davan\u0131n karar\u0131na yap\u0131lan itirazlar\u0131n ard\u0131ndan g\u00f6r\u00fclmeye ba\u015flanan temyiz davas\u0131nda san\u0131klardan Taner \u0130\u015fg\u00f6ren, Dilara Kamberler, Ahmet Somun, Arzu G\u00fclmez ve Bekir G\u00fcl\u2019e verilen cezalar d\u00fc\u015f\u00fcr\u00fcl\u00fcrken, Yurdag\u00fcl \u0130\u015fg\u00f6ren\u2019in cezas\u0131nda ise art\u0131\u015f yap\u0131ld\u0131, tek tutuklu san\u0131k Taner \u0130\u015fg\u00f6ren tahliye edildi.<\/p>\n<p>\u0130zmir\u2019in \u00c7i\u011fli il\u00e7esinde okul servis minib\u00fcs\u00fcnde unutulmas\u0131n\u0131n ard\u0131ndan hayat\u0131n\u0131 kaybeden 3 ya\u015f\u0131ndaki Alperen Sakin\u2019in \u00f6l\u00fcm\u00fcne ili\u015fkin davan\u0131n karar\u0131na yap\u0131lan itirazlar, \u0130zmir B\u00f6lge Adliye Mahkemesi 14. Ceza Dairesinde g\u00f6r\u00fc\u015f\u00fclmeye devam edildi. \u0130zmir B\u00f6lge Adliye Mahkemesi 14. Ceza Dairesinde g\u00f6r\u00fclen temyiz davas\u0131n\u0131n bug\u00fcnk\u00fc karar duru\u015fmas\u0131na minik Alperen\u2019in annesi Buket Sakin ve babas\u0131 Serkan Sakin ile tutuksuz san\u0131klar Yurdag\u00fcl \u0130\u015fg\u00f6ren, Arzu G\u00fclmez, Ahmet Somun, Dilara Kamberler ile Bekir G\u00fcl ve taraf avukatlar\u0131 haz\u0131r bulunurken, tutuklu san\u0131k Taner \u0130\u015fg\u00f6ren ise tutuklu bulundu\u011fu cezaevinden SEGB\u0130S arac\u0131l\u0131\u011f\u0131yla kat\u0131ld\u0131.<\/p>\n<p>Yerel mahkemenin verdi\u011fi karar\u0131n kald\u0131r\u0131lmas\u0131n\u0131 talep eden duru\u015fma savc\u0131s\u0131, \u00f6nceki m\u00fctaalas\u0131n\u0131 tekrarlad\u0131.<\/p>\n<p>\u201cO\u011flumun nas\u0131l \u00f6ld\u00fc\u011f\u00fcn\u00fc bilmek istiyorum\u201d<\/p>\n<p>Tutuklu san\u0131k Taner \u0130\u015fg\u00f6ren, \u00f6nceki ifadelerinin ge\u00e7erli oldu\u011funu belirterek, \u201cSakin ailesine ba\u015fsa\u011fl\u0131\u011f\u0131 diliyorum. \u00dcz\u00fcc\u00fc bir olay ya\u015fand\u0131, ke\u015fke ya\u015fanmasayd\u0131. Bende bir babay\u0131m. B\u00f6yle olsun istemezdim. T\u00fcm g\u00f6revimi yapt\u0131\u011f\u0131m\u0131 d\u00fc\u015f\u00fcn\u00fcyorum. Di\u011fer sorumluluklar hostese aittir. Bana \u2018serviste kimse kalmad\u0131\u2019 dedi ve okula girdik\u201d diye konu\u015ftu.<\/p>\n<p>Minik Alperen\u2019in annesi Buket Sakin ise aradan \u00e7ok zaman ge\u00e7mesine ra\u011fmen o\u011flunun nas\u0131l \u00f6ld\u00fc\u011f\u00fcn\u00fc hala bilmedi\u011fini ifade ederek, \u201cSilinen kamera kay\u0131tlar\u0131n\u0131 izleyip o\u011flumun nas\u0131l \u00f6ld\u00fc\u011f\u00fcn\u00fc bilmek istiyorum\u201d dedi.<\/p>\n<p>Yurdag\u00fcl \u0130. ise kamera kay\u0131tlar\u0131n\u0131 silmediklerini ve eksiksiz teslim ettiklerini belirterek, \u201cArt\u0131k annesinin ve benim vicdan\u0131m\u0131n rahatlamas\u0131n\u0131 istiyorum\u201d diye konu\u015ftu.<\/p>\n<p>Di\u011fer san\u0131klar ise beraatlerini talep ederek \u00f6nceki savunmalar\u0131n\u0131 tekrarlad\u0131.<\/p>\n<p>Taner \u0130\u015fg\u00f6ren\u2019e tahliye<\/p>\n<p>Kar\u015f\u0131yaka 2. Asliye Ceza Mahkemesinin karar\u0131n\u0131 bozan mahkeme heyeti, yerel mahkemede ald\u0131\u011f\u0131 cezalarda indirim yap\u0131lan san\u0131klardan Taner \u0130\u015fg\u00f6ren\u2019e 6 y\u0131l 8 ay, Dilara Kamberler\u2019e 5 y\u0131l, Ahmet Somun\u2019a 2 y\u0131l 6 ay, Arzu G\u00fclmez\u2019e 2 y\u0131l 6 ay ve Bekir G\u00fcl\u2019e 3 y\u0131l 20 g\u00fcn hapis cezas\u0131 verdi. Yurdag\u00fcl \u0130\u015fg\u00f6ren\u2019in yerel mahkemede ald\u0131\u011f\u0131 cezada ise art\u0131\u015f yap\u0131larak 7 y\u0131l 6 ay hapis cezas\u0131 verilirken, tek tutuklu san\u0131k Taner \u0130\u015fg\u00f6ren de tahliye edildi.<\/p>\n<p>Mahkeme heyeti verilen kararlarla ilgili 15 g\u00fcn i\u00e7erisinde Yarg\u0131tay\u2019a itiraz yap\u0131labilece\u011fini de a\u00e7\u0131klad\u0131.<\/p>\n<p>Olay<\/p>\n<p>\u0130zmir\u2019in \u00c7i\u011fli il\u00e7esinde 15 A\u011fustos 2017\u2019de anaokuluna gitmek i\u00e7in sabah saatlerinde evinden al\u0131nan ancak unutuldu\u011fu okul servis minib\u00fcs\u00fcnde bayg\u0131n bulunan 3 ya\u015f\u0131ndaki Alperen Sakin, kald\u0131r\u0131ld\u0131\u011f\u0131 hastanede hayat\u0131n\u0131 kaybetti. Soru\u015fturma kapsam\u0131nda Kar\u015f\u0131yaka Cumhuriyet Ba\u015fsavc\u0131l\u0131\u011f\u0131 taraf\u0131ndan san\u0131klar hakk\u0131nda haz\u0131rlanan iddianamede, okulun kurucusu Yurdag\u00fcl ve servis \u015fof\u00f6r\u00fc e\u015fi Taner \u0130.\u2019nin 3 y\u0131ldan 14 y\u0131la kadar, servis ablas\u0131 olarak \u00e7al\u0131\u015ft\u0131r\u0131lan Dilara K. ile okul m\u00fcd\u00fcr\u00fc Bekir G.\u2019nin 3 y\u0131ldan 9 y\u0131la kadar, usta \u00f6\u011fretici Arzu G.\u2019nin 2 y\u0131ldan 5 y\u0131la kadar, Ahmet S.\u2019nin ise 6 aydan 5 y\u0131la kadar hapisle cezaland\u0131r\u0131lmalar\u0131 istendi.<\/p>\n<p>Kar\u015f\u0131yaka 2. Asliye Ceza Mahkemesi, \u201cbilin\u00e7li taksirle \u00f6l\u00fcme neden olma\u201d su\u00e7undan tutuklu san\u0131k Taner \u0130. ve tutuksuz san\u0131k Dilara K.\u2019ye 9\u2019ar y\u0131l, \u201ctaksirle \u00f6l\u00fcme neden olma\u201d su\u00e7undan tutuklu Yurdag\u00fcl \u0130. ve tutuksuz san\u0131k Bekir G.\u2019ye 5\u2019er y\u0131l, tutuksuz san\u0131k Arzu G.\u2019ye 6 y\u0131l, \u201csu\u00e7 delillerini yok etme, gizleme ve de\u011fi\u015ftirme su\u00e7una azmettirme\u201d su\u00e7undan tutuksuz san\u0131k Ahmet S.\u2019ye 5 y\u0131l hapis cezas\u0131 verdi.<\/p>\n","protected":false},"excerpt":{"rendered":"<p>\u0130ZM\u0130R&#8217;\u0130N \u00c7\u0130\u011eL\u0130 \u0130L\u00c7ES\u0130NDE OKUL SERV\u0130S M\u0130N\u0130B\u00dcS\u00dcNDE UNUTULMASININ ARDINDAN HAYATINI KAYBEDEN 3 YA\u015eINDAK\u0130 ALPEREN SAK\u0130N\u2019\u0130N \u00d6L\u00dcM\u00dcNE \u0130L\u0130\u015eK\u0130N DAVANIN KARARINA YAPILAN \u0130T\u0130RAZLARIN ARDINDAN G\u00d6R\u00dcLMEYE BA\u015eLANAN TEMY\u0130Z DAVASINDA SANIKLARDAN TANER \u0130\u015eG\u00d6REN, D\u0130LARA KAMBERLER, AHMET SOMUN, ARZU G\u00dcLMEZ VE BEK\u0130R G\u00dcL\u2019E VER\u0130LEN CEZALAR D\u00dc\u015e\u00dcR\u00dcL\u00dcRKEN, YURDAG\u00dcL \u0130\u015eG\u00d6REN\u2019\u0130N CEZASINDA \u0130SE ARTI\u015e YAPILDI, TEK TUTUKLU SANIK TANER \u0130\u015eG\u00d6REN TAHL\u0130YE ED\u0130LD\u0130.<\/p>\n","protected":false},"author":1,"featured_media":26732,"comment_status":"closed","ping_status":"open","sticky":false,"template":"","format":"standard","meta":{"jetpack_post_was_ever_published":false,"_jetpack_newsletter_access":"","_jetpack_dont_email_post_to_subs":false,"_jetpack_newsletter_tier_id":0,"_jetpack_memberships_contains_paywalled_content":false,"_jetpack_memberships_contains_paid_content":false,"footnotes":"","jetpack_publicize_message":"","jetpack_publicize_feature_enabled":true,"jetpack_social_post_already_shared":false,"jetpack_social_options":{"image_generator_settings":{"template":"highway","default_image_id":0,"font":"","enabled":false},"version":2}},"categories":[655],"tags":[7646,6576,10986,1980,6076,10985],"class_list":["post-26731","post","type-post","status-publish","format-standard","has-post-thumbnail","hentry","category-son-dakika","tag-alperen","tag-artis","tag-cezasinda","tag-davasinda","tag-indirim","tag-sanigin"],"jetpack_publicize_connections":[],"jetpack_featured_media_url":"https:\/\/i0.wp.com\/www.tvturk.com\/wp-content\/uploads\/2019\/02\/alperen-davasinda-5-sanigin-cezasinda-indirim-1-sanigin-cezasinda-artis_ad8a673.jpg?fit=664%2C354","jetpack_sharing_enabled":true,"jetpack_shortlink":"https:\/\/wp.me\/paKIfm-6X9","_links":{"self":[{"href":"http:\/\/www.tvturk.com\/index.php\/wp-json\/wp\/v2\/posts\/26731","targetHints":{"allow":["GET"]}}],"collection":[{"href":"http:\/\/www.tvturk.com\/index.php\/wp-json\/wp\/v2\/posts"}],"about":[{"href":"http:\/\/www.tvturk.com\/index.php\/wp-json\/wp\/v2\/types\/post"}],"author":[{"embeddable":true,"href":"http:\/\/www.tvturk.com\/index.php\/wp-json\/wp\/v2\/users\/1"}],"replies":[{"embeddable":true,"href":"http:\/\/www.tvturk.com\/index.php\/wp-json\/wp\/v2\/comments?post=26731"}],"version-history":[{"count":0,"href":"http:\/\/www.tvturk.com\/index.php\/wp-json\/wp\/v2\/posts\/26731\/revisions"}],"wp:featuredmedia":[{"embeddable":true,"href":"http:\/\/www.tvturk.com\/index.php\/wp-json\/wp\/v2\/media\/26732"}],"wp:attachment":[{"href":"http:\/\/www.tvturk.com\/index.php\/wp-json\/wp\/v2\/media?parent=26731"}],"wp:term":[{"taxonomy":"category","embeddable":true,"href":"http:\/\/www.tvturk.com\/index.php\/wp-json\/wp\/v2\/categories?post=26731"},{"taxonomy":"post_tag","embeddable":true,"href":"http:\/\/www.tvturk.com\/index.php\/wp-json\/wp\/v2\/tags?post=26731"}],"curies":[{"name":"wp","href":"https:\/\/api.w.org\/{rel}","templated":true}]}}