{"id":26761,"date":"2019-02-12T19:01:04","date_gmt":"2019-02-12T16:01:04","guid":{"rendered":"http:\/\/www.tvturk.com\/index.php\/firar-eden-hukumlu-10-dakikada-yakalandi\/"},"modified":"2019-02-12T19:01:05","modified_gmt":"2019-02-12T16:01:05","slug":"firar-eden-hukumlu-10-dakikada-yakalandi","status":"publish","type":"post","link":"http:\/\/www.tvturk.com\/index.php\/firar-eden-hukumlu-10-dakikada-yakalandi\/","title":{"rendered":"Firar eden h\u00fck\u00fcml\u00fc 10 dakikada yakaland\u0131"},"content":{"rendered":"<p>Kastamonu\u2019da cezas\u0131n\u0131 a\u00e7\u0131k cezaevinde \u00e7eken, bu kapsamda adliyede kamu hizmetinde bulunan h\u00fck\u00fcml\u00fc, firar ettikten yakla\u015f\u0131k 10 dakika sonra polis ekiplerince yakaland\u0131.<\/p>\n<p>Edinilen bilgiye g\u00f6re, Ankara\u2019da kar\u0131\u015ft\u0131\u011f\u0131 bir cinayet sonras\u0131nda h\u00fck\u00fcm giyen ve cezas\u0131n\u0131n kalan\u0131n\u0131 kamu hizmeti kapsam\u0131nda Kastamonu Adliyesinde \u00e7eken S.Y, Kastamonu A\u00e7\u0131k Cezaevinden firar etti. \u0130hbar \u00fczerine Kastamonu Emniyet M\u00fcd\u00fcrl\u00fc\u011f\u00fcne ba\u011fl\u0131 polis ekipleri harekete ge\u00e7ti. Firar eden S.Y, yakla\u015f\u0131k 10 dakikal\u0131k bir \u00e7al\u0131\u015fma sonras\u0131nda Kastamonu \u00c7ocuk \u015eube M\u00fcd\u00fcrl\u00fc\u011f\u00fc ekiplerince k\u0131sk\u0131vrak yakaland\u0131. Emniyetteki i\u015flemlerinin ard\u0131ndan S.Y, polis ekipleri taraf\u0131ndan Kastamonu Kapal\u0131 Cezaevine teslim edildi.<div class=\"tiled-gallery type-rectangular tiled-gallery-unresized\" data-original-width=\"500\" data-carousel-extra='null' itemscope itemtype=\"http:\/\/schema.org\/ImageGallery\" > <div class=\"gallery-row\" style=\"width: 500px; height: 283px;\" data-original-width=\"500\" data-original-height=\"283\" > <div class=\"gallery-group images-1\" style=\"width: 500px; height: 283px;\" data-original-width=\"500\" data-original-height=\"283\" > <div class=\"tiled-gallery-item tiled-gallery-item-large\" itemprop=\"associatedMedia\" itemscope itemtype=\"http:\/\/schema.org\/ImageObject\"> <a href=\"http:\/\/www.tvturk.com\/index.php\/firar-eden-hukumlu-10-dakikada-yakalandi\/firar-eden-hukumlu-10-dakikada-yakalandi-3\/\" border=\"0\" itemprop=\"url\"> <meta itemprop=\"width\" content=\"496\"> <meta itemprop=\"height\" content=\"279\"> <img decoding=\"async\" class=\"\" data-attachment-id=\"26763\" data-orig-file=\"http:\/\/www.tvturk.com\/wp-content\/uploads\/2019\/02\/firar-eden-hukumlu-10-dakikada-yakalandi_0a3d0df.jpg\" data-orig-size=\"1000,562\" data-comments-opened=\"\" data-image-meta=\"{&quot;aperture&quot;:&quot;0&quot;,&quot;credit&quot;:&quot;IHA&quot;,&quot;camera&quot;:&quot;&quot;,&quot;caption&quot;:&quot;KASTAMONU\\u2019DA CEZASINI A\\u00c7IK CEZAEV\\u0130NDE \\u00c7EKEN, BU KAPSAMDA ADL\\u0130YEDE KAMU H\\u0130ZMET\\u0130NDE BULUNAN H\\u00dcK\\u00dcML\\u00dc, F\\u0130RAR ETT\\u0130KTEN YAKLA\\u015eIK 10 DAK\\u0130KA SONRA POL\\u0130S EK\\u0130PLER\\u0130NCE YAKALANDI. (VEDAT YUNUS \\u0130K\\u0130ZO\\u011eLU\\\/KASTAMONU-\\u0130HA)&quot;,&quot;created_timestamp&quot;:&quot;0&quot;,&quot;copyright&quot;:&quot;\\u0130HLAS HABER AJANSI, www.iha.com.tr&quot;,&quot;focal_length&quot;:&quot;0&quot;,&quot;iso&quot;:&quot;0&quot;,&quot;shutter_speed&quot;:&quot;0&quot;,&quot;title&quot;:&quot;F\\u0130RAR EDEN H\\u00dcK\\u00dcML\\u00dc 10 DAK\\u0130KADA YAKALANDI&quot;,&quot;orientation&quot;:&quot;0&quot;}\" data-image-title=\"Firar eden h\u00fck\u00fcml\u00fc 10 dakikada yakaland\u0131\" data-image-description=\"&lt;p&gt;Firar eden h\u00fck\u00fcml\u00fc 10 dakikada yakaland\u0131&lt;\/p&gt; \" data-medium-file=\"https:\/\/i0.wp.com\/www.tvturk.com\/wp-content\/uploads\/2019\/02\/firar-eden-hukumlu-10-dakikada-yakalandi_0a3d0df.jpg?fit=300%2C169\" data-large-file=\"https:\/\/i0.wp.com\/www.tvturk.com\/wp-content\/uploads\/2019\/02\/firar-eden-hukumlu-10-dakikada-yakalandi_0a3d0df.jpg?fit=1000%2C562\" src=\"https:\/\/i0.wp.com\/www.tvturk.com\/wp-content\/uploads\/2019\/02\/firar-eden-hukumlu-10-dakikada-yakalandi_0a3d0df.jpg?w=496&#038;h=279\" srcset=\"https:\/\/i0.wp.com\/www.tvturk.com\/wp-content\/uploads\/2019\/02\/firar-eden-hukumlu-10-dakikada-yakalandi_0a3d0df.jpg?w=1000 1000w, https:\/\/i0.wp.com\/www.tvturk.com\/wp-content\/uploads\/2019\/02\/firar-eden-hukumlu-10-dakikada-yakalandi_0a3d0df.jpg?resize=150%2C84 150w, https:\/\/i0.wp.com\/www.tvturk.com\/wp-content\/uploads\/2019\/02\/firar-eden-hukumlu-10-dakikada-yakalandi_0a3d0df.jpg?resize=300%2C169 300w, https:\/\/i0.wp.com\/www.tvturk.com\/wp-content\/uploads\/2019\/02\/firar-eden-hukumlu-10-dakikada-yakalandi_0a3d0df.jpg?resize=768%2C432 768w, https:\/\/i0.wp.com\/www.tvturk.com\/wp-content\/uploads\/2019\/02\/firar-eden-hukumlu-10-dakikada-yakalandi_0a3d0df.jpg?resize=200%2C113 200w\" width=\"496\" height=\"279\" loading=\"lazy\" data-original-width=\"496\" data-original-height=\"279\" itemprop=\"http:\/\/schema.org\/image\" title=\"Firar eden h\u00fck\u00fcml\u00fc 10 dakikada yakaland\u0131\" alt=\"Firar eden h\u00fck\u00fcml\u00fc 10 dakikada yakaland\u0131\" style=\"width: 496px; height: 279px;\" \/> <\/a> <\/div> <\/div> <!-- close group --> <\/div> <!-- close row --> <\/div><\/p>\n","protected":false},"excerpt":{"rendered":"<p>KASTAMONU\u2019DA CEZASINI A\u00c7IK CEZAEV\u0130NDE \u00c7EKEN, BU KAPSAMDA ADL\u0130YEDE KAMU H\u0130ZMET\u0130NDE BULUNAN H\u00dcK\u00dcML\u00dc, F\u0130RAR ETT\u0130KTEN YAKLA\u015eIK 10 DAK\u0130KA SONRA POL\u0130S EK\u0130PLER\u0130NCE YAKALANDI.<\/p>\n","protected":false},"author":1,"featured_media":26762,"comment_status":"closed","ping_status":"open","sticky":false,"template":"","format":"standard","meta":{"jetpack_post_was_ever_published":false,"_jetpack_newsletter_access":"","_jetpack_dont_email_post_to_subs":false,"_jetpack_newsletter_tier_id":0,"_jetpack_memberships_contains_paywalled_content":false,"_jetpack_memberships_contains_paid_content":false,"footnotes":"","jetpack_publicize_message":"","jetpack_publicize_feature_enabled":true,"jetpack_social_post_already_shared":false,"jetpack_social_options":{"image_generator_settings":{"template":"highway","default_image_id":0,"font":"","enabled":false},"version":2}},"categories":[655],"tags":[8649,2393,10993,1762,1010],"class_list":["post-26761","post","type-post","status-publish","format-standard","has-post-thumbnail","hentry","category-son-dakika","tag-dakikada","tag-eden","tag-firar","tag-hukumlu","tag-yakalandi"],"jetpack_publicize_connections":[],"jetpack_featured_media_url":"https:\/\/i0.wp.com\/www.tvturk.com\/wp-content\/uploads\/2019\/02\/firar-eden-hukumlu-10-dakikada-yakalandi_139df5e.jpg?fit=1000%2C676","jetpack_sharing_enabled":true,"jetpack_shortlink":"https:\/\/wp.me\/paKIfm-6XD","_links":{"self":[{"href":"http:\/\/www.tvturk.com\/index.php\/wp-json\/wp\/v2\/posts\/26761","targetHints":{"allow":["GET"]}}],"collection":[{"href":"http:\/\/www.tvturk.com\/index.php\/wp-json\/wp\/v2\/posts"}],"about":[{"href":"http:\/\/www.tvturk.com\/index.php\/wp-json\/wp\/v2\/types\/post"}],"author":[{"embeddable":true,"href":"http:\/\/www.tvturk.com\/index.php\/wp-json\/wp\/v2\/users\/1"}],"replies":[{"embeddable":true,"href":"http:\/\/www.tvturk.com\/index.php\/wp-json\/wp\/v2\/comments?post=26761"}],"version-history":[{"count":1,"href":"http:\/\/www.tvturk.com\/index.php\/wp-json\/wp\/v2\/posts\/26761\/revisions"}],"predecessor-version":[{"id":26764,"href":"http:\/\/www.tvturk.com\/index.php\/wp-json\/wp\/v2\/posts\/26761\/revisions\/26764"}],"wp:featuredmedia":[{"embeddable":true,"href":"http:\/\/www.tvturk.com\/index.php\/wp-json\/wp\/v2\/media\/26762"}],"wp:attachment":[{"href":"http:\/\/www.tvturk.com\/index.php\/wp-json\/wp\/v2\/media?parent=26761"}],"wp:term":[{"taxonomy":"category","embeddable":true,"href":"http:\/\/www.tvturk.com\/index.php\/wp-json\/wp\/v2\/categories?post=26761"},{"taxonomy":"post_tag","embeddable":true,"href":"http:\/\/www.tvturk.com\/index.php\/wp-json\/wp\/v2\/tags?post=26761"}],"curies":[{"name":"wp","href":"https:\/\/api.w.org\/{rel}","templated":true}]}}