{"id":26765,"date":"2019-02-12T19:01:06","date_gmt":"2019-02-12T16:01:06","guid":{"rendered":"http:\/\/www.tvturk.com\/index.php\/cesitli-suclardan-yakalamasi-bulunan-sahis-cezaevine-kondu\/"},"modified":"2019-02-12T19:01:06","modified_gmt":"2019-02-12T16:01:06","slug":"cesitli-suclardan-yakalamasi-bulunan-sahis-cezaevine-kondu","status":"publish","type":"post","link":"http:\/\/www.tvturk.com\/index.php\/cesitli-suclardan-yakalamasi-bulunan-sahis-cezaevine-kondu\/","title":{"rendered":"\u00c7e\u015fitli su\u00e7lardan yakalamas\u0131 bulunan \u015fah\u0131s cezaevine kondu"},"content":{"rendered":"<p>Edirne\u2019nin Ke\u015fan il\u00e7esinde \u00e7e\u015fitli su\u00e7lardan aramas\u0131 bulunan bir ki\u015fi polis taraf\u0131ndan yakalanarak, cezaevine kondu.<\/p>\n<p>Hakk\u0131nda, \u201cKamu Kurum ve Kurulu\u015flar\u0131ndaki E\u015fya Hakk\u0131nda H\u0131rs\u0131zl\u0131k\u201d su\u00e7undan 1 y\u0131l 8 ay hapis cezas\u0131 ve \u201cBina \u0130\u00e7inde Mala Zarar Verme\u201d su\u00e7undan 10 ay hapis cezas\u0131, ayn\u0131 zamanda Kar\u015f\u0131yaka \u0130lamat Masas\u0131nca \u201cKullan\u0131mlar\u0131 Gere\u011fi A\u00e7\u0131kta B\u0131rak\u0131lm\u0131\u015f E\u015fya Hakk\u0131nda H\u0131rs\u0131zl\u0131k\u201d su\u00e7undan  4 bin 660 TL adli para cezas\u0131 su\u00e7undan yakalama kayd\u0131 bulunan A.\u0130.\u00c7., Ke\u015fan \u0130l\u00e7e Emniyet M\u00fcd\u00fcrl\u00fc\u011f\u00fc ekipleri taraf\u0131ndan yakalanarak g\u00f6zalt\u0131na al\u0131nd\u0131. Ke\u015fan \u0130l\u00e7e Emniyet M\u00fcd\u00fcrl\u00fc\u011f\u00fcndeki i\u015flemlerinin ard\u0131ndan Ke\u015fan Cumhuriyet Ba\u015fsavc\u0131l\u0131\u011f\u0131na intikal ettirilen A.\u0130.\u00c7.,  Edirne A\u00e7\u0131k Ceza \u0130nfaz Kurumuna sevk edildi.<\/p>\n","protected":false},"excerpt":{"rendered":"<p>ED\u0130RNE\u2019N\u0130N KE\u015eAN \u0130L\u00c7ES\u0130NDE \u00c7E\u015e\u0130TL\u0130 SU\u00c7LARDAN ARAMASI BULUNAN B\u0130R K\u0130\u015e\u0130 POL\u0130S TARAFINDAN YAKALANARAK, CEZAEV\u0130NE KONDU.<\/p>\n","protected":false},"author":1,"featured_media":26766,"comment_status":"closed","ping_status":"open","sticky":false,"template":"","format":"standard","meta":{"jetpack_post_was_ever_published":false,"_jetpack_newsletter_access":"","_jetpack_dont_email_post_to_subs":false,"_jetpack_newsletter_tier_id":0,"_jetpack_memberships_contains_paywalled_content":false,"_jetpack_memberships_contains_paid_content":false,"footnotes":"","jetpack_publicize_message":"","jetpack_publicize_feature_enabled":true,"jetpack_social_post_already_shared":false,"jetpack_social_options":{"image_generator_settings":{"template":"highway","default_image_id":0,"font":"","enabled":false},"version":2}},"categories":[655],"tags":[1834,6967,10995,10996,970,6968,10994],"class_list":["post-26765","post","type-post","status-publish","format-standard","has-post-thumbnail","hentry","category-son-dakika","tag-bulunan","tag-cesitli","tag-cezaevine","tag-kondu","tag-sahis","tag-suclardan","tag-yakalamasi"],"jetpack_publicize_connections":[],"jetpack_featured_media_url":"https:\/\/i0.wp.com\/www.tvturk.com\/wp-content\/uploads\/2019\/02\/cesitli-suclardan-yakalamasi-bulunan-sahis-cezaevine-kondu_9ffa546.jpg?fit=740%2C587","jetpack_sharing_enabled":true,"jetpack_shortlink":"https:\/\/wp.me\/paKIfm-6XH","_links":{"self":[{"href":"http:\/\/www.tvturk.com\/index.php\/wp-json\/wp\/v2\/posts\/26765","targetHints":{"allow":["GET"]}}],"collection":[{"href":"http:\/\/www.tvturk.com\/index.php\/wp-json\/wp\/v2\/posts"}],"about":[{"href":"http:\/\/www.tvturk.com\/index.php\/wp-json\/wp\/v2\/types\/post"}],"author":[{"embeddable":true,"href":"http:\/\/www.tvturk.com\/index.php\/wp-json\/wp\/v2\/users\/1"}],"replies":[{"embeddable":true,"href":"http:\/\/www.tvturk.com\/index.php\/wp-json\/wp\/v2\/comments?post=26765"}],"version-history":[{"count":0,"href":"http:\/\/www.tvturk.com\/index.php\/wp-json\/wp\/v2\/posts\/26765\/revisions"}],"wp:featuredmedia":[{"embeddable":true,"href":"http:\/\/www.tvturk.com\/index.php\/wp-json\/wp\/v2\/media\/26766"}],"wp:attachment":[{"href":"http:\/\/www.tvturk.com\/index.php\/wp-json\/wp\/v2\/media?parent=26765"}],"wp:term":[{"taxonomy":"category","embeddable":true,"href":"http:\/\/www.tvturk.com\/index.php\/wp-json\/wp\/v2\/categories?post=26765"},{"taxonomy":"post_tag","embeddable":true,"href":"http:\/\/www.tvturk.com\/index.php\/wp-json\/wp\/v2\/tags?post=26765"}],"curies":[{"name":"wp","href":"https:\/\/api.w.org\/{rel}","templated":true}]}}